{"id":1588,"date":"2025-08-07T13:08:11","date_gmt":"2025-08-07T13:08:11","guid":{"rendered":"https:\/\/www.europesays.com\/no\/1588\/"},"modified":"2025-08-07T13:08:11","modified_gmt":"2025-08-07T13:08:11","slug":"alec-luhn-fortsatt-pa-intensivavdelingen-familien-ber-om-ro","status":"publish","type":"post","link":"https:\/\/www.europesays.com\/no\/1588\/","title":{"rendered":"Alec Luhn fortsatt p\u00e5 intensivavdelingen \u2013 familien ber om ro"},"content":{"rendered":"\n<p class=\"_lead_1bvmi_2 _lead_xtcu6_50 layout-component text-serif-m layout-normal text-serif-l layout-component layout-wide layout-padded _wide_17hqh_1 layout-padded\">Familien har opplevd et stort spekter av f\u00f8lelser de siste dagene. <\/p>\n<p><img alt=\"Alec Luhn (38) ligger fortsatt p\u00e5 intensivavdelingen. Her sammen med kona Veronika Silchenko som ogs\u00e5 er i Bergen. Foto: Privat\" class=\"_image_qp4xg_65 layout-component layout-wide\" data-fullscreen- data-track-element-type=\"Article image fullscreen\" data-track-name=\"ImageFullscreen\" fetchpriority=\"high\" decoding=\"sync\" loading=\"eager\" height=\"1200\" itemprop=\"image\"  src=\"https:\/\/www.europesays.com\/no\/wp-content\/uploads\/2025\/08\/4fddd769-124d-4d2d-9c09-fd6353cc0e6c\"  style=\"object-position:0% 0%\" width=\"1600\"\/>Alec Luhn (38) ligger fortsatt p\u00e5 intensivavdelingen. Her sammen med kona Veronika Silchenko som ogs\u00e5 er i Bergen. Foto: Privat<\/p>\n<ul aria-hidden=\"true\" class=\"_images_1y6fe_106\">\n<li><a class=\"_link_1y6fe_111\" href=\"https:\/\/www.vg.no\/forfatter\/joergen-eriksen\" style=\"z-index:1\" title=\"J\u00f8rgen Eriksen\" rel=\"nofollow noopener\" target=\"_blank\"><img alt=\"Bilde av J\u00f8rgen Eriksen\" class=\"_image_1y6fe_88\" fetchpriority=\"low\" loading=\"lazy\" decoding=\"async\" itemprop=\"image\"  src=\"https:\/\/www.europesays.com\/no\/wp-content\/uploads\/2025\/08\/1754572088_99_cc11f6a4-a2ef-46f4-bf64-3722a5692dcb\"  width=\"480\"\/><\/a><\/li>\n<\/ul>\n<p>Rapporterer fra Bergen Oppdatert torsdag 7. august kl. 14:35     <\/p>\n<p class=\"_paragraph_1bvmi_4 _paragraph_xtcu6_10 layout-component text-serif-m layout-normal text-serif-m layout-padded\">Det var onsdag formiddag at 38 \u00e5r gamle Alec Luhn ble hentet ut ved Folgefonna. Da hadde han v\u00e6rt p\u00e5 tur siden torsdag i forrige uke og v\u00e6rt meldt savnet siden mandag.<\/p>\n<p class=\"_paragraph_1bvmi_4 _paragraph_xtcu6_10 layout-component text-serif-m layout-normal text-serif-m layout-padded\">VG har snakket med avdelingsleder for traumeavdelingentraumeavdelingenEn avdeling p\u00e5 sykehuset som spesialiserer seg p\u00e5 behandling av pasienter med alvorlige skader, ofte som f\u00f8lge av ulykker eller vold. Geir Arne Sunde. Han forteller at de har snakket med Alec og familien b\u00e5de onsdag og torsdag. Med tillatelse fra Alec videreformidler Sunde hvordan den amerikanske journalisten har det.<\/p>\n<p class=\"_paragraph_1bvmi_4 _paragraph_xtcu6_10 layout-component text-serif-m layout-normal text-serif-m layout-padded\"><strong class=\"_strong_1bvmi_25\">\u2013 Han er v\u00e5ken og han har det bra etter forholdene. Han er under intensivbehandling ved et av Norges fire st\u00f8rste sykehus. Ligger du p\u00e5 intensivavdelingen her s\u00e5 det er en alvorlig skade det er snakk om, sier Sunde.<\/strong><\/p>\n<p><img alt=\"Avdelingsleder traume, Geir Arne Sunde her inne p\u00e5 et av traumemottakene ved Haukeland.  Foto: J\u00f8rgen Eriksen\" class=\"_image_qp4xg_65 layout-component layout-normal\" data-fullscreen- data-track-element-type=\"Article image fullscreen\" data-track-name=\"ImageFullscreen\" decoding=\"async\" loading=\"lazy\" height=\"3024\" itemprop=\"image\"  src=\"https:\/\/www.europesays.com\/no\/wp-content\/uploads\/2025\/08\/3b61361e-ff13-4a27-9061-3455304d7646\"  style=\"object-position:0% 0%\" width=\"4032\"\/>Avdelingsleder traume, Geir Arne Sunde her inne p\u00e5 et av traumemottakene ved Haukeland.  Foto: J\u00f8rgen Eriksen\u2013 Enorm lettelse<\/p>\n<p class=\"_paragraph_1bvmi_4 _paragraph_xtcu6_10 layout-component text-serif-m layout-normal text-serif-m layout-padded\">Ved midnatt natt til torsdag, var foreldrene hans p\u00e5 plass og torsdag har ogs\u00e5 kona Veronika Silchenko m\u00f8tt sin mann. Faren, Roger Luhn sier til <a href=\"https:\/\/www.bt.no\/hendelser\/i\/xmngPG\/foreldre-moette-alec-luhn-paa-sykehuset-vanskelig-aa-beskrive\" class=\"_link_1bvmi_39\" rel=\"nofollow noopener\" target=\"_blank\">Bergens Tidende<\/a> at de er fulle av takknemlighet.<\/p>\n<p class=\"_paragraph_1bvmi_4 _paragraph_xtcu6_10 layout-component text-serif-m layout-normal text-serif-m layout-padded\">\u2013 Det er \u00e5 vanskelig \u00e5 beskrive uten \u00e5 gr\u00e5te. Vi er s\u00e5 takknemlige overfor det norske folk, alle frivillige, politiet, letemannskaper, fremmede som har tatt kontakt og folkene p\u00e5 sykehuset, som tar s\u00e5 godt vare p\u00e5 Alec, sa han til avisen.<\/p>\n<p class=\"_paragraph_1bvmi_4 _paragraph_xtcu6_10 layout-component text-serif-m layout-normal layout-padded\"><strong class=\"_strong_1bvmi_25\">Les ogs\u00e5:<\/strong> <a href=\"https:\/\/www.vg.no\/i\/B08llv\" data-track-element-type=\"Link\" data-track-id=\"link:B08llv\" class=\"_link_1bvmi_39\" rel=\"nofollow noopener\" target=\"_blank\">Savnede Alec Luhn (38) funnet i live<\/a><\/p>\n<p class=\"_paragraph_1bvmi_4 _paragraph_xtcu6_10 layout-component text-serif-m layout-normal text-serif-m layout-padded\">Han sier s\u00f8nnen, som er klimajournalist, \u00f8nsker at det kommer noe positivt ut av opplevelsene han har g\u00e5tt gjennom. Men viktigst for foreldrene n\u00e5 er at de har f\u00e5tt s\u00f8nnen sin tilbake i god behold.<\/p>\n<p class=\"_paragraph_1bvmi_4 _paragraph_xtcu6_10 layout-component text-serif-m layout-normal text-serif-m layout-padded\">\u2013 Det er en enorm lettelse og glede over at han er i live, sa faren til avisen.<\/p>\n<ul class=\"_gallery_1jh5h_23\" tabindex=\"0\">\n<li class=\"_item_1jh5h_36\" data-index=\"0\"><img decoding=\"async\" class=\"_image_foru8_23 _articleGallery_foru8_39\" data-fullscreen- width=\"4032\" height=\"3024\" itemprop=\"image\" loading=\"lazy\"  src=\"https:\/\/www.europesays.com\/no\/wp-content\/uploads\/2025\/08\/4fccebe3-6b65-42cd-a3e5-93b0362bbbd7\"  style=\"object-position:50% 50%;aspect-ratio:var(--gallery-aspect-ratio, 16 \/ 9)\"\/>Geir Arne Sunde og kommunikasjonssjef i Helse Bergen, Erik Vigander p\u00e5 traumemottaket. Foto: J\u00f8rgen Eriksen<\/li>\n<li class=\"_item_1jh5h_36\" data-index=\"1\"><img decoding=\"async\" class=\"_image_foru8_23 _articleGallery_foru8_39\" data-fullscreen- width=\"4032\" height=\"3024\" itemprop=\"image\" loading=\"lazy\"  src=\"https:\/\/www.europesays.com\/no\/wp-content\/uploads\/2025\/08\/b3ce1a3f-c47a-4c5c-92c7-937a3290edea\"  style=\"object-position:50% 50%;aspect-ratio:var(--gallery-aspect-ratio, 16 \/ 9)\"\/>Alec (38) er fortsatt p\u00e5 intensivavdelingen ved sykehuset. Foto: J\u00f8rgen Eriksen<\/li>\n<li class=\"_item_1jh5h_36\" data-index=\"2\"><img decoding=\"async\" class=\"_image_foru8_23 _articleGallery_foru8_39\" data-fullscreen- width=\"4032\" height=\"3024\" itemprop=\"image\" loading=\"lazy\"  src=\"https:\/\/www.europesays.com\/no\/wp-content\/uploads\/2025\/08\/2b9b71b2-d906-42c1-82b3-a94ea15620c8\"  style=\"object-position:50% 50%;aspect-ratio:var(--gallery-aspect-ratio, 16 \/ 9)\"\/>Foto: J\u00f8rgen Eriksen<\/li>\n<li class=\"_item_1jh5h_36\" data-index=\"3\"><img decoding=\"async\" class=\"_image_foru8_23 _articleGallery_foru8_39\" data-fullscreen- width=\"4032\" height=\"3024\" itemprop=\"image\" loading=\"lazy\"  src=\"https:\/\/www.europesays.com\/no\/wp-content\/uploads\/2025\/08\/33275137-a4c6-4f7e-bcfe-3df7df3810bb\"  style=\"object-position:50% 50%;aspect-ratio:var(--gallery-aspect-ratio, 16 \/ 9)\"\/>Foto: J\u00f8rgen Eriksen<\/li>\n<\/ul>\n<p>Geir Arne Sunde og kommunikasjonssjef i Helse Bergen, Erik Vigander p\u00e5 traumemottaket. Foto: J\u00f8rgen Eriksen<\/p>\n<p class=\"_paragraph_1bvmi_4 _paragraph_xtcu6_10 layout-component text-serif-m layout-normal text-serif-m layout-padded\">Tilstanden er fortsatt alvorlig, men ikke kritisk. Avdelingssjefen forteller at hovedfokuset hos familien n\u00e5 ligger p\u00e5 at Alec skal bli frisk.<\/p>\n<p class=\"_paragraph_1bvmi_4 _paragraph_xtcu6_10 layout-component text-serif-m layout-normal text-serif-m layout-padded\">\u2013 Dette er en alvorlig hendelse for en hel familie. De er opptatt av at Alec skal f\u00e5 behandling, bli frisk og s\u00e5 fortelle sin historie. I den rekkef\u00f8lgen.<\/p>\n<p class=\"_paragraph_1bvmi_4 _paragraph_xtcu6_10 layout-component text-serif-m layout-normal layout-padded\"><strong class=\"_strong_1bvmi_25\">Les ogs\u00e5:<\/strong> <a href=\"https:\/\/www.vg.no\/i\/KMwpn6\" data-track-element-type=\"Link\" data-track-id=\"link:KMwpn6\" class=\"_link_1bvmi_39\" rel=\"nofollow noopener\" target=\"_blank\">Slik fikk kona vite at savnede Alec Luhn levde: \u2013 Reaksjonen var overveldende<\/a><\/p>\n<p>\u00d8nsker seg ro<\/p>\n<p class=\"_paragraph_1bvmi_4 _paragraph_xtcu6_10 layout-component text-serif-m layout-normal text-serif-m layout-padded\">Kommunikasjonen inn til familien, er det n\u00e5 kommunikasjonssjef i Helse <a href=\"https:\/\/www.vg.no\/tag\/bergen?utm_source=vg-article&amp;utm_medium=auto-tagger&amp;utm_campaign=wgWAJP\" class=\"_link_1bvmi_39\" rel=\"nofollow noopener\" target=\"_blank\">Bergen<\/a>, Erik Vigander som tar seg av. Til VG sier han at familien er fokusert p\u00e5 helseoppf\u00f8lgingen.<\/p>\n<p class=\"_paragraph_1bvmi_4 _paragraph_xtcu6_10 layout-component text-serif-m layout-normal text-serif-m layout-padded\">\u2013 Han er fortsatt ved godt mot, men det er som sagt snakk om alvorlige skader. Trykket i etterkant har v\u00e6rt mye for familien, som n\u00e5 \u00f8nsker seg ro til de selv m\u00e5tte \u00f8nske \u00e5 dele sin historie, sier han torsdag morgen.<\/p>\n<p><img alt=\"Alec Luhn ble funnet etter seks dager i fjellet.  Foto: Privat\" class=\"_image_qp4xg_65 layout-component layout-normal\" data-fullscreen- data-track-element-type=\"Article image fullscreen\" data-track-name=\"ImageFullscreen\" decoding=\"async\" loading=\"lazy\" height=\"1536\" itemprop=\"image\"  src=\"https:\/\/www.europesays.com\/no\/wp-content\/uploads\/2025\/08\/e9f63c41-8875-4f50-8ec8-8184b5270b61\"  style=\"object-position:0% 0%\" width=\"2048\"\/>Alec Luhn ble funnet etter seks dager i fjellet.  Foto: Privat<\/p>\n<p class=\"_paragraph_1bvmi_4 _paragraph_xtcu6_10 layout-component text-serif-m layout-normal text-serif-m layout-padded\"><strong class=\"_strong_1bvmi_25\">Dette er saken om Alec:<\/strong><\/p>\n<ul class=\"_list_1bvmi_3 _list_xtcu6_9 _unordered_1bvmi_99 layout-component text-serif-m layout-normal text-serif-m layout-padded\">\n<li class=\"_item_1bvmi_30\">Amerikanske Alec Luhn (38) ble onsdag funnet i live etter \u00e5 ha v\u00e6rt savnet i seks d\u00f8gn under en solo\u2011fottur ved Folgefonna. Siste kontakt med han var 31. juli. <\/li>\n<li class=\"_item_1bvmi_30\">Da han ikke m\u00f8tte til flyet tilbake til England 4. august, ble det iverksatt en omfattende redningsaksjon med politi, R\u00f8de Kors, helikopter, droner og hundepatruljer. <\/li>\n<li class=\"_item_1bvmi_30\">Onsdag 6. august ble han funnet nord for Nedre Buarbreen i Hardanger \u2013 bevisst, med beinskader, men i stabil tilstand. <\/li>\n<li class=\"_item_1bvmi_30\">Han overlevde p\u00e5 regnvann og sjokolade, og n\u00e5 innlagt p\u00e5 intensivavdelingen ved Haukeland sykehus. <\/li>\n<li class=\"_item_1bvmi_30\">Kona uttrykte onsdag stor takknemlighet for redningsinnsatsen.<\/li>\n<\/ul>\n<p class=\"_paragraph_1bvmi_4 _paragraph_xtcu6_10 layout-component text-serif-m layout-normal layout-padded\"><strong class=\"_strong_1bvmi_25\">Les ogs\u00e5:<\/strong> <a href=\"https:\/\/www.vg.no\/i\/73r9J8\" data-track-element-type=\"Link\" data-track-id=\"link:73r9J8\" class=\"_link_1bvmi_39\" rel=\"nofollow noopener\" target=\"_blank\">Alec Luhn (38) savnet ved Folgefonna: \u2013 De m\u00e5 finne ham<\/a><\/p>\n","protected":false},"excerpt":{"rendered":"Familien har opplevd et stort spekter av f\u00f8lelser de siste dagene. Alec Luhn (38) ligger fortsatt p\u00e5 intensivavdelingen.&hellip;\n","protected":false},"author":2,"featured_media":1589,"comment_status":"","ping_status":"","sticky":false,"template":"","format":"standard","meta":{"footnotes":""},"categories":[10],"tags":[446,444,20,21,24,25,445,15,22,23,13,30,28,29,14,16,26,27],"class_list":{"0":"post-1588","1":"post","2":"type-post","3":"status-publish","4":"format-standard","5":"has-post-thumbnail","7":"category-norge","8":"tag-alec-luhn","9":"tag-bergen","10":"tag-breaking-news","11":"tag-breakingnews","12":"tag-featured-news","13":"tag-featurednews","14":"tag-haukeland","15":"tag-headlines","16":"tag-latest-news","17":"tag-latestnews","18":"tag-news","19":"tag-no","20":"tag-norge","21":"tag-norway","22":"tag-nyheter","23":"tag-overskrifter","24":"tag-top-stories","25":"tag-topstories"},"share_on_mastodon":{"url":"","error":""},"_links":{"self":[{"href":"https:\/\/www.europesays.com\/no\/wp-json\/wp\/v2\/posts\/1588","targetHints":{"allow":["GET"]}}],"collection":[{"href":"https:\/\/www.europesays.com\/no\/wp-json\/wp\/v2\/posts"}],"about":[{"href":"https:\/\/www.europesays.com\/no\/wp-json\/wp\/v2\/types\/post"}],"author":[{"embeddable":true,"href":"https:\/\/www.europesays.com\/no\/wp-json\/wp\/v2\/users\/2"}],"replies":[{"embeddable":true,"href":"https:\/\/www.europesays.com\/no\/wp-json\/wp\/v2\/comments?post=1588"}],"version-history":[{"count":0,"href":"https:\/\/www.europesays.com\/no\/wp-json\/wp\/v2\/posts\/1588\/revisions"}],"wp:featuredmedia":[{"embeddable":true,"href":"https:\/\/www.europesays.com\/no\/wp-json\/wp\/v2\/media\/1589"}],"wp:attachment":[{"href":"https:\/\/www.europesays.com\/no\/wp-json\/wp\/v2\/media?parent=1588"}],"wp:term":[{"taxonomy":"category","embeddable":true,"href":"https:\/\/www.europesays.com\/no\/wp-json\/wp\/v2\/categories?post=1588"},{"taxonomy":"post_tag","embeddable":true,"href":"https:\/\/www.europesays.com\/no\/wp-json\/wp\/v2\/tags?post=1588"}],"curies":[{"name":"wp","href":"https:\/\/api.w.org\/{rel}","templated":true}]}}