{"id":158800,"date":"2026-02-09T14:59:08","date_gmt":"2026-02-09T14:59:08","guid":{"rendered":"https:\/\/www.europesays.com\/no\/158800\/"},"modified":"2026-02-09T14:59:08","modified_gmt":"2026-02-09T14:59:08","slug":"sport-fotball-slo-til-med-en-gang-en-sann-spiller-skal-fkh-ha","status":"publish","type":"post","link":"https:\/\/www.europesays.com\/no\/158800\/","title":{"rendered":"Sport, Fotball | Slo til med en gang: \u2013 En s\u00e5nn spiller skal FKH ha"},"content":{"rendered":"\n<p><b>PODKAST:<\/b> I ukens episode av Haugesunds Avis sin fotballpodkast Frelst er entusiasmen stor etter at Peter Sunday fikk sine f\u00f8rste minutter i FKH-drakta mot Sotra.<\/p>\n<p>Johannes Dale Huseb\u00f8 lot seg imponere av 20-\u00e5ringens fysiske tilstedev\u00e6relse.<\/p>\n<p><b>\u2013 Det var bare g\u00f8y. Det er en s\u00e5nn spiller som FKH tradisjonelt har hatt. Det er fysikk, fart, en fot og et helsikes langt innkast. En s\u00e5nn spiller skal vi jo ha. Jeg digget den halvtimen han fikk, sier Huseb\u00f8 i Frelst.<\/b><\/p>\n<p>Han f\u00e5r st\u00f8tte hos Odd K\u00e5re Gr\u00f8ttland<\/p>\n<p><b>\u2013 Enorm fysikk og jeg synes innleggsfoten s\u00e5 bra ut. Og innkastene er jo et v\u00e5pen i seg selv. Jeg synes han s\u00e5 bra ut, mener Gr\u00f8ttland i ukens Frelst-episode.<\/b><\/p>\n<p>  <a href=\"https:\/\/www.h-avis.no\/5-62-1987228\" class=\"related-teaser has-image default-story-teaser article--c-eRUmMG article--c-eRUmMG-jKCPdD-design-default\" rel=\"nofollow noopener\" target=\"_blank\"><\/p>\n<p>    <img decoding=\"async\" loading=\"lazy\"  src=\"https:\/\/www.europesays.com\/no\/wp-content\/uploads\/2026\/02\/PeterSunday.jpeg\" alt=\"\" class=\"brick-c-cFOWSL\" style=\"\"\/><\/p>\n<p>\n            Les ogs\u00e5<\/p>\n<p>              \u2013 Han har et \u00abcrazy\u00bb v\u00e5pen\n        <\/p>\n<p>  <\/a><\/p>\n<p>Hva en eventuell signering av Sunday vil bety for resten av FKH-stallen, kan du h\u00f8re i ukens Frelst.<\/p>\n<p>Der f\u00e5r du ogs\u00e5:<\/p>\n<ul>\n<li><b>Et hakk opp mot Sotra?<\/b> FKH spilte 2\u20132 i fredagens treningskamp \u2013 panelet ser forbedringer, men&#8230;.<\/li>\n<li><b>Sory og Seone som spisspar:<\/b> Fungerer kjemien mellom de to spissene bedre enn med andre konstellasjoner?<\/li>\n<li><b>Spillerjakten:<\/b> Hvilke posisjoner er det mest akutt \u00e5 forsterke n\u00e5?<\/li>\n<li><b>Skryt:<\/b> Kristoffer Haraldseid f\u00e5r skryt. Hva f\u00e5r han skryt for?<\/li>\n<li><b>Spania neste:<\/b> B\u00e5de dame- og herrelaget setter snart kursen for Spania. Hva venter der?<\/li>\n<li><b>Martin Samuelsen-nytt:<\/b> Samuelsen har heldigvis ingen planer om \u00e5 legge opp<\/li>\n<li><b>Havarikommisjonens rapport: <\/b>Torsdag legges rapporten om hva som har g\u00e5tt galt i FKH fram \u2013 hva kan vi forvente?<\/li>\n<li><b>Eventyr:<\/b> Erling Flotve Myklebust til Canada<\/li>\n<\/ul>\n<p>Du kan h\u00f8re hele episoden i spilleren nederst i saken eller der du h\u00f8rer podkast.<\/p>\n","protected":false},"excerpt":{"rendered":"PODKAST: I ukens episode av Haugesunds Avis sin fotballpodkast Frelst er entusiasmen stor etter at Peter Sunday fikk&hellip;\n","protected":false},"author":2,"featured_media":158801,"comment_status":"","ping_status":"","sticky":false,"template":"","format":"standard","meta":{"footnotes":"","_share_on_mastodon":"0"},"categories":[59],"tags":[36,617,92,1378,30,28,29,1270,83,82,1510],"class_list":["post-158800","post","type-post","status-publish","format-standard","has-post-thumbnail","category-sport","tag-art","tag-fkh","tag-fotball","tag-frelst","tag-no","tag-norge","tag-norway","tag-podkast","tag-sport","tag-sports","tag-story"],"share_on_mastodon":{"url":"https:\/\/pubeurope.com\/@no\/116041270201778906","error":""},"_links":{"self":[{"href":"https:\/\/www.europesays.com\/no\/wp-json\/wp\/v2\/posts\/158800","targetHints":{"allow":["GET"]}}],"collection":[{"href":"https:\/\/www.europesays.com\/no\/wp-json\/wp\/v2\/posts"}],"about":[{"href":"https:\/\/www.europesays.com\/no\/wp-json\/wp\/v2\/types\/post"}],"author":[{"embeddable":true,"href":"https:\/\/www.europesays.com\/no\/wp-json\/wp\/v2\/users\/2"}],"replies":[{"embeddable":true,"href":"https:\/\/www.europesays.com\/no\/wp-json\/wp\/v2\/comments?post=158800"}],"version-history":[{"count":0,"href":"https:\/\/www.europesays.com\/no\/wp-json\/wp\/v2\/posts\/158800\/revisions"}],"wp:featuredmedia":[{"embeddable":true,"href":"https:\/\/www.europesays.com\/no\/wp-json\/wp\/v2\/media\/158801"}],"wp:attachment":[{"href":"https:\/\/www.europesays.com\/no\/wp-json\/wp\/v2\/media?parent=158800"}],"wp:term":[{"taxonomy":"category","embeddable":true,"href":"https:\/\/www.europesays.com\/no\/wp-json\/wp\/v2\/categories?post=158800"},{"taxonomy":"post_tag","embeddable":true,"href":"https:\/\/www.europesays.com\/no\/wp-json\/wp\/v2\/tags?post=158800"}],"curies":[{"name":"wp","href":"https:\/\/api.w.org\/{rel}","templated":true}]}}