{"id":15881,"date":"2025-08-23T10:14:09","date_gmt":"2025-08-23T10:14:09","guid":{"rendered":"https:\/\/www.europesays.com\/no\/15881\/"},"modified":"2025-08-23T10:14:09","modified_gmt":"2025-08-23T10:14:09","slug":"frukt-har-blitt-fryktelig-dyrt","status":"publish","type":"post","link":"https:\/\/www.europesays.com\/no\/15881\/","title":{"rendered":"Frukt har blitt fryktelig dyrt"},"content":{"rendered":"\n<ul class=\"_list_1bvmi_3 _list_1flq1_85 _unordered_1bvmi_99 text-sans-m\">\n<li class=\"_item_1bvmi_30\">Ananas, kiwi og druer er p\u00e5 rekordniv\u00e5er,  opp nesten 52 prosent p\u00e5 5 \u00e5r.<\/li>\n<li class=\"_item_1bvmi_30\">Svak krone, h\u00f8yere transportkostnader, klima, dyrere str\u00f8m og gode l\u00f8nns- og jordbruksoppgj\u00f8r trekkes frem som faktorer som p\u00e5virker prisene.<\/li>\n<li class=\"_item_1bvmi_30\">Fra juni til jul steg prisene p\u00e5 mat og alkoholfri drikke med hele 4,4 prosent.<\/li>\n<li class=\"_item_1bvmi_30\">N\u00e6ringsminister Cecilie Myrseth krever en forklaring p\u00e5 prishoppet og har innkalt dagligvarekjedene til nye m\u00f8ter 25. august.<\/li>\n<\/ul>\n<p>Vis mer <\/p>\n<p class=\"_paragraph_1bvmi_4 _paragraph_xtcu6_10 layout-component text-serif-m layout-normal text-serif-m layout-padded\">Prisene p\u00e5 s\u00e5kalt \u00abannen frisk frukt\u00bb\u00abannen frisk frukt\u00bbAnanas, druer, kiwi, granatepler, fiken, persimon og kokosn\u00f8tter., hvor disse inng\u00e5r, er opp knappe 52 prosent p\u00e5 fem \u00e5r. <\/p>\n<p class=\"_paragraph_1bvmi_4 _paragraph_xtcu6_10 layout-component text-serif-m layout-normal text-serif-m layout-padded\">\u2013 Prisene p\u00e5 annen frisk frukt er p\u00e5 det h\u00f8yeste niv\u00e5etdet h\u00f8yeste niv\u00e5etI kroneverdi vi noen gang har m\u00e5lt i KPI.KPI.Konsumprisindeksen Dette er ofte sesongvarer, og frukt blir brukt i ulike kampanjer hos dagligvarekjedene. At de er opp 19,5 prosent p\u00e5 ett \u00e5r er ikke s\u00e5 interessant fordi det er vanlig at vi ser store prisvariasjoner for denne gruppen. Det som er interessant er at prisene n\u00e5 er p\u00e5 et rekordh\u00f8yt niv\u00e5, sier Trym Kristian \u00d8kland, r\u00e5dgiver i SSB, til VG.<\/p>\n<p class=\"_paragraph_1bvmi_4 _paragraph_xtcu6_10 layout-component text-serif-m layout-normal text-serif-m layout-padded\">Men det er ikke bare kategorien \u00abannen frisk frukt\u00bb som har blitt dyrere.<\/p>\n<p class=\"_paragraph_1bvmi_4 _paragraph_xtcu6_10 layout-component text-serif-m layout-normal text-serif-m layout-padded\"><strong class=\"_strong_1bvmi_25\">VG betalte tirsdag syv kroner for en liten p\u00e6re, 10,90 for en <a href=\"https:\/\/www.vg.no\/tag\/kiwi?utm_source=vg-article&amp;utm_medium=auto-tagger&amp;utm_campaign=wgWoKo\" class=\"_link_1bvmi_39\" rel=\"nofollow noopener\" target=\"_blank\">kiwi<\/a>, 69 for en stor honningmelon og 44,90 for et halvt kilo Bendit druer. Ananasen nikket 40 kroner.<\/strong><\/p>\n<p class=\"_paragraph_1bvmi_4 _paragraph_xtcu6_10 layout-component text-serif-m layout-normal text-serif-m layout-padded\">De siste 12 m\u00e5nedene har prisene p\u00e5 melon hoppet 25,6 prosent, p\u00e6rer 16,4, epler 3,4 og bananer 7,8 prosent. <\/p>\n<p class=\"_paragraph_1bvmi_4 _paragraph_xtcu6_10 layout-component text-serif-m layout-normal text-serif-m layout-padded\">Pris\u00f8kningen de siste fem \u00e5rene er hhv. 68,1 prosent p\u00e5 melon, p\u00e6rer 43,4, epler 21,8 og bananer 29,7 mens sitrusfrukt er opp 15,2 prosent de siste 12 m\u00e5nedene og 10,5 prosent p\u00e5 fem \u00e5r, if\u00f8lge ferske tall fra <a href=\"https:\/\/www.ssb.no\/priser-og-prisindekser\/konsumpriser\/statistikk\/konsumprisindeksen\" class=\"_link_1bvmi_39\" rel=\"nofollow noopener\" target=\"_blank\">SSB.<\/a><\/p>\n<p class=\"_paragraph_1bvmi_4 _paragraph_xtcu6_10 layout-component text-serif-m layout-normal text-serif-m layout-padded\">Steinfrukt som mango, plommer og fersken er opp 22,6 prosent det siste \u00e5ret og 47,2 de siste fem.<\/p>\n<p class=\"_paragraph_1bvmi_4 _paragraph_xtcu6_10 layout-component text-serif-m layout-normal text-serif-m layout-padded\">\u2013 Prisveksten p\u00e5 mat og alkoholfrie drikkevarer de siste 12 m\u00e5nedene er<a href=\"https:\/\/www.ssb.no\/priser-og-prisindekser\/konsumpriser\/statistikk\/konsumprisindeksen\/artikler\/%C3%B8kt-prisvekst-i-juli\" class=\"_link_1bvmi_39\" rel=\"nofollow noopener\" target=\"_blank\"> 5,9 prosent.<\/a> Den har kommet betydelig ned, men prisene g\u00e5r jo fortsatt opp. Det er veksten som har avtatt, sier \u00d8kland i SSB.<\/p>\n<p class=\"_paragraph_1bvmi_4 _paragraph_xtcu6_10 layout-component text-serif-m layout-normal text-serif-m layout-padded\">Fra mai 2022 til mai 2023 steg prisene p\u00e5 matvarer alene med <a href=\"https:\/\/www.ssb.no\/priser-og-prisindekser\/konsumpriser\/statistikk\/konsumprisindeksen\/artikler\/kpi-opp-6-7-prosent-siste-tolv-maneder\" class=\"_link_1bvmi_39\" rel=\"nofollow noopener\" target=\"_blank\">13,2 prosent.<\/a> Men ogs\u00e5 sist m\u00e5ned jumpet prisene p\u00e5 mat og aloholfri drikke. De var opp hele 4,4 prosent fra juni til juli i \u00e5r. Bare to ganger tidligere har man m\u00e5lt s\u00e5 h\u00f8y vekst i juli.<\/p>\n<p>Klima og krone<\/p>\n<p class=\"_paragraph_1bvmi_4 _paragraph_xtcu6_10 layout-component text-serif-m layout-normal text-serif-m layout-padded\">Matforsker Ivar Pettersen i Alo Analyse peker p\u00e5 at mange av fruktene kommer fra s\u00f8rligere str\u00f8k.<\/p>\n<p><img decoding=\"async\" alt=\"Bilde av Ivar Pettersen\" class=\"_image_ygndg_42\" height=\"27\" itemprop=\"image\" loading=\"lazy\"  src=\"https:\/\/www.europesays.com\/no\/wp-content\/uploads\/2025\/08\/2ea67047-61fc-497f-985d-116a67c4cb25\"  width=\"40\"\/><strong class=\"_name_ygndg_51 title-serif-xs\">Ivar Pettersen<\/strong><\/p>\n<p class=\"_paragraph_1bvmi_4 _paragraph_xtcu6_10 layout-component text-serif-m layout-normal text-serif-m layout-padded\">\u2013 Det kan v\u00e6re avlingsforhold. Dette er til dels s\u00f8rlige og varmekj\u00e6re produkter. Vi har sett mye uro p\u00e5 kaffe og kakao som dyrkes under tropiske forhold og i t\u00f8rkeregioner som ogs\u00e5 kan v\u00e6re preget av styrtregn, sier Pettersen til VG.<\/p>\n<p class=\"_paragraph_1bvmi_4 _paragraph_xtcu6_10 layout-component text-serif-m layout-normal text-serif-m layout-padded\">Samtidig, sier han, har ikke frukt \u00f8kt like mye i pris i Danmark det siste \u00e5ret selv justert for valuta.<\/p>\n<p class=\"_paragraph_1bvmi_4 _paragraph_xtcu6_10 layout-component text-serif-m layout-normal text-serif-m layout-padded\">\u00d8konom og matvare-ekspert Odd Gisholt peker ogs\u00e5 p\u00e5 at sv\u00e6rt mye av frukten er importert.<\/p>\n<p class=\"_paragraph_1bvmi_4 _paragraph_xtcu6_10 layout-component text-serif-m layout-normal text-serif-m layout-padded\">\u2013 All import er kj\u00f8pt med norske kroner og krona har v\u00e6rt svak. Og s\u00e5 har du selvf\u00f8lgelig det fenomenet at importert frukt til Norge stort sett er styrt av Bama som er eidBama som er eidFamilien Nergaard eier en betydelig del av Bama Gruppen gjennom selskapet Banan ll AS. av Norgesgruppen og Rema 1000, sier han til VG.<\/p>\n<p class=\"_paragraph_1bvmi_4 _paragraph_xtcu6_10 layout-component text-serif-m layout-normal text-serif-m layout-padded\">En <a href=\"https:\/\/www.vg.no\/nyheter\/i\/wgWoRd\/ny-undersoekelse-37-prosent-sier-dyrere-mat-har-endret-kostholdet-deres\" data-track-element-type=\"Link\" data-track-id=\"link:wgWoRd\" class=\"_link_1bvmi_39\" rel=\"nofollow noopener\" target=\"_blank\">Sifo-unders\u00f8kelse <\/a>viste nylig at dyrere mat har endret folks kosthold.<\/p>\n<p> \u2013 Ikke vi som setter prisene<\/p>\n<p class=\"_paragraph_1bvmi_4 _paragraph_xtcu6_10 layout-component text-serif-m layout-normal text-serif-m layout-padded\">Slik forklarer Bama de h\u00f8ye prisene:<\/p>\n<p class=\"_paragraph_1bvmi_4 _paragraph_xtcu6_10 layout-component text-serif-m layout-normal text-serif-m layout-padded\">\u2013 Det er ikke vi som setter prisene ut i butikken. Men frukt og gr\u00f8nt er en ettersp\u00f8rselsdrevet, prisdynamisk og lite forutsigbar varegruppe. Produktene v\u00e5re er utsatt for v\u00e6r og vind, svingninger i produksjonskostnader og plantesykdommer. Det handler om tilbud og ettersp\u00f8rsel: Er tilgangen lav og ettersp\u00f8rselen h\u00f8y, p\u00e5virker det prisene. For ferske varer med kort holdbarhet skjer disse svingningene hyppigere enn i mange andre produktgrupper, opplyser kommunikasjonssjef Andreas Handeland.<\/p>\n<p><img decoding=\"async\" alt=\"Bilde av Andreas Handeland\" class=\"_image_ygndg_42\" height=\"27\" itemprop=\"image\" loading=\"lazy\"  src=\"https:\/\/www.europesays.com\/no\/wp-content\/uploads\/2025\/08\/ba74d2c7-dc42-4fab-82d2-a6ed118a9c9d\"  width=\"40\"\/><strong class=\"_name_ygndg_51 title-serif-xs\">Andreas Handeland<\/strong><\/p>\n<p class=\"_paragraph_1bvmi_4 _paragraph_xtcu6_10 layout-component text-serif-m layout-normal text-serif-m layout-padded\">Han forteller at folk vil ha mer smakfulle druer, men at disse koster mer \u00e5 produsere. Det samme gj\u00f8r de s\u00f8tere melonene. I tillegg har \u00f8kte produksjonskostnader over hele fruktfj\u00f8la, h\u00f8y inflasjon og lav kronekurs sl\u00e5tt inn p\u00e5 prisene.<\/p>\n<p class=\"_paragraph_1bvmi_4 _paragraph_xtcu6_10 layout-component text-serif-m layout-normal text-serif-m layout-padded\">N\u00e5r det gjelder appelsiner, rammes de s\u00e6rlig av klimaendringene.<\/p>\n<p class=\"_paragraph_1bvmi_4 _paragraph_xtcu6_10 layout-component text-serif-m layout-normal text-serif-m layout-padded\">\u2013 Tilgangen p\u00e5 appelsiner fra Spania, S\u00f8r-Afrika og Brasil har g\u00e5tt ned. Det skyldes ekstrem t\u00f8rke, mye regn og til og med frost enkelte steder. Men ogs\u00e5 plantesykdommer har f\u00f8rt til \u00f8kt press p\u00e5 prisene, skriver Handeland i en e-post.<\/p>\n<p class=\"_paragraph_1bvmi_4 _paragraph_xtcu6_10 layout-component text-serif-m layout-normal text-serif-m layout-padded\">Hos Meny koster en liter ferskpresset appelsinjuice n\u00e5 89 kroner og en halv liter 49,90. Det er opp 11 prosent sammenlignet med i sommer. If\u00f8lge Meny var forrige pris\u00f8kning helt tilbake i september 2023.<\/p>\n<p><img alt=\"PRESSER LOMMEBOKEN: Ferskpresset appelsinjuice fra Meny.   Foto: Hallgeir V\u00e5genes \/ VG\" class=\"_image_qp4xg_65 layout-component layout-normal\" data-fullscreen- data-track-element-type=\"Article image fullscreen\" data-track-name=\"ImageFullscreen\" decoding=\"async\" loading=\"lazy\" height=\"4000\" itemprop=\"image\"  src=\"https:\/\/www.europesays.com\/no\/wp-content\/uploads\/2025\/08\/b45249cf-433d-4599-aef6-f5b4ec9f8e15\"  style=\"object-position:0% 0%\" width=\"5549\"\/>PRESSER LOMMEBOKEN: Ferskpresset appelsinjuice fra Meny.   Foto: Hallgeir V\u00e5genes \/ VG<\/p>\n<p class=\"_paragraph_1bvmi_4 _paragraph_xtcu6_10 layout-component text-serif-m layout-normal text-serif-m layout-padded\">\u2013 Som kjent har prisen p\u00e5 appelsiner \u00f8kt betydelig, og dette er hoved\u00e5rsaken til justeringen. I tillegg har vi hatt kostnads\u00f8kninger knyttet blant annet til emballasje, transport og l\u00f8nn, skriver Meny\u00b4s kommunikasjonssjef Nina Horn Hynne.<\/p>\n<p class=\"_paragraph_1bvmi_4 _paragraph_xtcu6_10 layout-component text-serif-m layout-normal text-serif-m layout-padded\">Kiwi viser til at frukten VG her skriver om i hovedsak er importert.<\/p>\n<p><img decoding=\"async\" alt=\"Bilde av Kristine Arvin\" class=\"_image_ygndg_42\" height=\"56\" itemprop=\"image\" loading=\"lazy\"  src=\"https:\/\/www.europesays.com\/no\/wp-content\/uploads\/2025\/08\/684bbbf0-5aa9-4301-95ab-db5edffe3507\"  width=\"40\"\/><strong class=\"_name_ygndg_51 title-serif-xs\">Kristine Arvin<\/strong><\/p>\n<p class=\"_paragraph_1bvmi_4 _paragraph_xtcu6_10 layout-component text-serif-m layout-normal text-serif-m layout-padded\">\u2013 De siste \u00e5rene har vi dessverre f\u00e5tt betydelige pris\u00f8kninger inn til oss som f\u00f8lge av dyrere transport, emballasje og r\u00e5varer, h\u00f8yere l\u00f8nnskostnader i hele verdikjeden og en svak norsk krone, skriver kommunikasjonsdirekt\u00f8r Kristine Arvin i en e-post og legger til:<\/p>\n<p class=\"_paragraph_1bvmi_4 _paragraph_xtcu6_10 layout-component text-serif-m layout-normal text-serif-m layout-padded\">\u2013 Vi har lavere marginer enn tidligere, s\u00e5 vi presser hardt for \u00e5 holde prisene nede samtidig som vi hele tiden jobber for \u00e5 effektivisere driften, slik at vi kan gi kundene v\u00e5re s\u00e5 lave priser som mulig.<\/p>\n<p>Mange faktorer<\/p>\n<p class=\"_paragraph_1bvmi_4 _paragraph_xtcu6_10 layout-component text-serif-m layout-normal text-serif-m layout-padded\">Kommunikasjonssjef Kine S\u00f8yland i Norgesgruppen, som st\u00e5r bak Kiwi, Joker, Spar og Meny, understreker at det er kjedene som setter prisen ut i butikkene.<\/p>\n<p><img decoding=\"async\" alt=\"Bilde av Kine S\u00f8yland\" class=\"_image_ygndg_42\" height=\"30\" itemprop=\"image\" loading=\"lazy\"  src=\"https:\/\/www.europesays.com\/no\/wp-content\/uploads\/2025\/08\/5213eb82-ef1e-4490-8df7-0c863db5bb06\"  width=\"40\"\/><strong class=\"_name_ygndg_51 title-serif-xs\">Kine S\u00f8yland<\/strong><\/p>\n<p class=\"_paragraph_1bvmi_4 _paragraph_xtcu6_10 layout-component text-serif-m layout-normal text-serif-m layout-padded\">\u2013 Den er basert p\u00e5 kostnadsbildet, konkurransesituasjonen i markedet og eventuelle kampanjer. Men n\u00e5r vi f\u00e5r h\u00f8yere varekostnader inn til oss, f\u00f8rer det til at varene blir dyrere, sier hun til VG.<\/p>\n<p class=\"_paragraph_1bvmi_4 _paragraph_xtcu6_10 layout-component text-serif-m layout-normal text-serif-m layout-padded\">Og det er ikke bare innkj\u00f8psprisen p\u00e5 selve frukten som \u00f8ker.<\/p>\n<p class=\"_paragraph_1bvmi_4 _paragraph_xtcu6_10 layout-component text-serif-m layout-normal text-serif-m layout-padded\">\u2013 Gode l\u00f8nns- og jordbruksoppgj\u00f8r, en svak krone, h\u00f8yere str\u00f8mpriser og kostnads\u00f8kning i alle ledd gir \u00f8kte matvarepriser, sier S\u00f8yland.<\/p>\n<p class=\"_paragraph_1bvmi_4 _paragraph_xtcu6_10 layout-component text-serif-m layout-normal text-serif-m layout-padded\">Hun avviser at Norgesgruppen skor seg p\u00e5 de h\u00f8ye prisene. Gruppens resultat endte i fjor p\u00e5<a href=\"https:\/\/e24.no\/naeringsliv\/i\/RzB0Wd\/norgesgruppen-tjente-49-milliarder-i-fjor\" class=\"_link_1bvmi_39\" rel=\"nofollow noopener\" target=\"_blank\">\u00a04,9 milliarder kroner<\/a> f\u00f8r skatt. Konsernet hadde en\u00a0resultatmargin p\u00e5 3,3 prosent i 2024, opp fra 3,1 \u00e5ret f\u00f8r.<\/p>\n<p>\u2013 Utenfor v\u00e5r kontroll<\/p>\n<p class=\"_paragraph_1bvmi_4 _paragraph_xtcu6_10 layout-component text-serif-m layout-normal text-serif-m layout-padded\">Harald Kristiansen i Coop mener dette ikke handler om at dagligvarebransjen \u00f8ker sin fortjeneste.<\/p>\n<p><img decoding=\"async\" alt=\"Bilde av Harald Kristiansen\" class=\"_image_ygndg_42\" height=\"27\" itemprop=\"image\" loading=\"lazy\"  src=\"https:\/\/www.europesays.com\/no\/wp-content\/uploads\/2025\/08\/92a9a0a2-7914-49ca-8df6-9c731a91102a\"  width=\"40\"\/><strong class=\"_name_ygndg_51 title-serif-xs\">Harald Kristiansen<\/strong><\/p>\n<p class=\"_paragraph_1bvmi_4 _paragraph_xtcu6_10 layout-component text-serif-m layout-normal text-serif-m layout-padded\">\u2013 Pris\u00f8kningen p\u00e5 frukt og gr\u00f8nt skyldes flere forhold utenfor v\u00e5r kontroll, blant annet svekket kronekurs, \u00f8kte transportkostnader, toll p\u00e5 enkelte varer og ekstreme v\u00e6rforhold som p\u00e5virker r\u00e5varetilgangen globalt. N\u00e5r tilgangen g\u00e5r ned, g\u00e5r v\u00e5re innkj\u00f8pspriser opp, skriver han i en e-post.<\/p>\n<p class=\"_paragraph_1bvmi_4 _paragraph_xtcu6_10 layout-component text-serif-m layout-normal text-serif-m layout-padded\">\u2013 Det er ogs\u00e5 slik at prisingen av de ulike norske frukt og gr\u00f8nnsakene tar utgangspunkt i Jordbruksoppgj\u00f8ret og prisen som settes av Gr\u00f8nt Produsentenes Samarbeidsr\u00e5d (GPS), hvor GPS-prisen danner grunnlaget for v\u00e5r pris ut til kundene.<\/p>\n<p class=\"_paragraph_1bvmi_4 _paragraph_xtcu6_10 layout-component text-serif-m layout-normal text-serif-m layout-padded\">Ogs\u00e5 Rema 1000 viser til klimaendringer, \u00f8kte transportkostnader og svak norsk krone.<\/p>\n<p><img decoding=\"async\" alt=\"Bilde av Line Aarnes\" class=\"_image_ygndg_42\" height=\"27\" itemprop=\"image\" loading=\"lazy\"  src=\"https:\/\/www.europesays.com\/no\/wp-content\/uploads\/2025\/08\/1a9f06a7-b700-47ab-9501-e926587f5ee1\"  width=\"40\"\/><strong class=\"_name_ygndg_51 title-serif-xs\">Line Aarnes<\/strong><\/p>\n<p class=\"_paragraph_1bvmi_4 _paragraph_xtcu6_10 layout-component text-serif-m layout-normal text-serif-m layout-padded\">\u2013 For frukt og gr\u00f8nt spiller ogs\u00e5 opphav, tilgang og sesong en viktig rolle. V\u00e5r st\u00f8rste kostnad er varekostnaden, s\u00e5 n\u00e5r v\u00e5re innkj\u00f8pspriser stiger s\u00e5 stiger dessverre ogs\u00e5 prisene i hylla, skriver Line Aarnes, Kategori- og Innkj\u00f8psdirekt\u00f8r, i en e-post via kommunikasjonsavdelingen.<\/p>\n<p class=\"_paragraph_1bvmi_4 _paragraph_xtcu6_10 layout-component text-serif-m layout-normal text-serif-m layout-padded\">Ogs\u00e5 poteter er blitt dyrere; nesten 51 prosent p\u00e5 fem \u00e5r og 11 prosent det siste \u00e5ret. En av \u00e5rsakene er ekstremv\u00e6ret Hans som i 2023 \u00f8dela avlinger i Norge og andre land. <\/p>\n<p><img alt=\"KOSTER MER: Ogs\u00e5 poteter har \u00f8kt i pris.  Foto: Gisle Oddstad \/ VG\" class=\"_image_qp4xg_65 layout-component layout-normal\" data-fullscreen- data-track-element-type=\"Article image fullscreen\" data-track-name=\"ImageFullscreen\" decoding=\"async\" loading=\"lazy\" height=\"5464\" itemprop=\"image\"  src=\"https:\/\/www.europesays.com\/no\/wp-content\/uploads\/2025\/08\/314358ba-11e6-4e7d-ba3a-fedef042575b\"  style=\"object-position:0% 0%\" width=\"8192\"\/>KOSTER MER: Ogs\u00e5 poteter har \u00f8kt i pris.  Foto: Gisle Oddstad \/ VG<\/p>\n<p class=\"_paragraph_1bvmi_4 _paragraph_xtcu6_10 layout-component text-serif-m layout-normal text-serif-m layout-padded\">\u2013 Dette f\u00f8rte til \u00f8kt ettersp\u00f8rsel etter importpoteter i store deler av Europa, som igjen drev prisene opp. Det har ogs\u00e5 blitt innf\u00f8rt nye tollregler med 100 prosent toll (192 prosent etter 15. mai), der prosenttoll erstattet den tidligere kronetollen. Dette har ogs\u00e5 p\u00e5virket prisene, da det er dyrere \u00e5 importere i de periodene vi m\u00e5 supplere med import, sier Handeland i Bama og peker p\u00e5 at m\u00e5lprisen for norske poteter settes i jordbruksavtalen.<\/p>\n<p class=\"_paragraph_1bvmi_4 _paragraph_xtcu6_10 layout-component text-serif-m layout-normal text-serif-m layout-padded\">Ogs\u00e5 Oda, som leverer maten hjem, mener mange ting ligger bak.<\/p>\n<p class=\"_paragraph_1bvmi_4 _paragraph_xtcu6_10 layout-component text-serif-m layout-normal text-serif-m layout-padded\">\u2013 Krevende v\u00e6r som har p\u00e5virket avlinger, \u00f8kte l\u00f8nninger innen blant annet jordb\u00e6rplukking, \u00f8kte transportkostnader fra Europa fordi mange ukrainske yrkessj\u00e5f\u00f8rer har returnert hjem,\u00a0men ogs\u00e5 faktorer som \u00f8kt toll og en svak krone, sier Robert Ekrem, kommersiell direkt\u00f8r i Oda, i en e-post.<\/p>\n<p class=\"_paragraph_1bvmi_4 _paragraph_xtcu6_10 layout-component text-serif-m layout-normal text-serif-m layout-padded\">N\u00e6ringsminister<a href=\"https:\/\/www.vg.no\/tag\/cecilie-myrseth?utm_source=vg-article&amp;utm_medium=auto-tagger&amp;utm_campaign=Xjy2xb\" class=\"_link_1bvmi_39\" rel=\"nofollow noopener\" target=\"_blank\"> Cecilie Myrseth <\/a>mener pris\u00f8kningen p\u00e5 mat er \u00abuakseptabel\u00bb og har <a href=\"https:\/\/www.vg.no\/nyheter\/i\/Xjy2xb\/naeringsministeren-innkaller-dagligvarebransjen-til-nye-moeter-om-hoeye-matpriser\" data-track-element-type=\"Link\" data-track-id=\"link:Xjy2xb\" class=\"_link_1bvmi_39\" rel=\"nofollow noopener\" target=\"_blank\">innkalt dagligvarekjedene<\/a> COOP, Norgesgruppen, Reitan Retail og Oda, samt leverand\u00f8rene Nortura og Orkla, til nye m\u00f8ter den 25. august. De er oppf\u00f8lging av samtalene som fant sted <a href=\"https:\/\/e24.no\/norsk-oekonomi\/i\/1MJpLq\/stoere-etter-dagligvaremoete-spoersmaal-det-ikke-er-gode-nok-svar-paa\" class=\"_link_1bvmi_39\" rel=\"nofollow noopener\" target=\"_blank\">23. mai,<\/a> der b\u00e5de statsministeren og n\u00e6ringsministeren deltok.<\/p>\n<p><img alt=\"GULL VERDT: Et bugnende epletre i hagen kan spare deg for mange hundrelapper.  Foto: Sven Arne Buggeland \/ VG\" class=\"_image_qp4xg_65 layout-component layout-normal\" data-fullscreen- data-track-element-type=\"Article image fullscreen\" data-track-name=\"ImageFullscreen\" decoding=\"async\" loading=\"lazy\" height=\"1704\" itemprop=\"image\"  src=\"https:\/\/www.europesays.com\/no\/wp-content\/uploads\/2025\/08\/c43b8fec-9584-42e9-a93f-a564fa4f31bb\"  style=\"object-position:0% 0%\" width=\"2272\"\/>GULL VERDT: Et bugnende epletre i hagen kan spare deg for mange hundrelapper.  Foto: Sven Arne Buggeland \/ VG    <\/p>\n","protected":false},"excerpt":{"rendered":"Ananas, kiwi og druer er p\u00e5 rekordniv\u00e5er, opp nesten 52 prosent p\u00e5 5 \u00e5r. Svak krone, h\u00f8yere transportkostnader,&hellip;\n","protected":false},"author":2,"featured_media":15882,"comment_status":"","ping_status":"","sticky":false,"template":"","format":"standard","meta":{"footnotes":""},"categories":[56],"tags":[2613,60,1746,1749,61,2854,2990,2352,2989,1229,2353,62,30,28,29,253,2930],"class_list":{"0":"post-15881","1":"post","2":"type-post","3":"status-publish","4":"format-standard","5":"has-post-thumbnail","7":"category-naeringsliv","8":"tag-bama","9":"tag-business","10":"tag-cecilie-myrseth","11":"tag-coop","12":"tag-economy","13":"tag-frukt","14":"tag-frukt-og-gront","15":"tag-kiwi","16":"tag-kronekurs","17":"tag-matpriser","18":"tag-meny","19":"tag-naeringsliv","20":"tag-no","21":"tag-norge","22":"tag-norway","23":"tag-priser","24":"tag-sjokolade"},"share_on_mastodon":{"url":"","error":""},"_links":{"self":[{"href":"https:\/\/www.europesays.com\/no\/wp-json\/wp\/v2\/posts\/15881","targetHints":{"allow":["GET"]}}],"collection":[{"href":"https:\/\/www.europesays.com\/no\/wp-json\/wp\/v2\/posts"}],"about":[{"href":"https:\/\/www.europesays.com\/no\/wp-json\/wp\/v2\/types\/post"}],"author":[{"embeddable":true,"href":"https:\/\/www.europesays.com\/no\/wp-json\/wp\/v2\/users\/2"}],"replies":[{"embeddable":true,"href":"https:\/\/www.europesays.com\/no\/wp-json\/wp\/v2\/comments?post=15881"}],"version-history":[{"count":0,"href":"https:\/\/www.europesays.com\/no\/wp-json\/wp\/v2\/posts\/15881\/revisions"}],"wp:featuredmedia":[{"embeddable":true,"href":"https:\/\/www.europesays.com\/no\/wp-json\/wp\/v2\/media\/15882"}],"wp:attachment":[{"href":"https:\/\/www.europesays.com\/no\/wp-json\/wp\/v2\/media?parent=15881"}],"wp:term":[{"taxonomy":"category","embeddable":true,"href":"https:\/\/www.europesays.com\/no\/wp-json\/wp\/v2\/categories?post=15881"},{"taxonomy":"post_tag","embeddable":true,"href":"https:\/\/www.europesays.com\/no\/wp-json\/wp\/v2\/tags?post=15881"}],"curies":[{"name":"wp","href":"https:\/\/api.w.org\/{rel}","templated":true}]}}