{"id":15890,"date":"2025-08-23T10:23:10","date_gmt":"2025-08-23T10:23:10","guid":{"rendered":"https:\/\/www.europesays.com\/no\/15890\/"},"modified":"2025-08-23T10:23:10","modified_gmt":"2025-08-23T10:23:10","slug":"avinor-tromso-lufthavn-drone-forstyrret-innflygning-til-tromso","status":"publish","type":"post","link":"https:\/\/www.europesays.com\/no\/15890\/","title":{"rendered":"Avinor, Troms\u00f8 lufthavn | Drone forstyrret innflygning til Troms\u00f8"},"content":{"rendered":"\n<p>Saken oppdateres.<\/p>\n<p>En utenlandsk dronepilot er igjen i fokus for politiet i Troms\u00f8 etter en uheldig hendelse l\u00f8rdag morgen.<\/p>\n<p>Klokken 09:25 fikk politiet melding om droneflyging innenfor forbudssonen. Dronen skal ha forstyrret innflygning til Troms\u00f8 lufthavn.<\/p>\n<p>\u2013 Patruljen lokaliserte dronepilot opp\u00e5 Troms\u00f8ya. Sak opprettes og drone ble beslaglagt, bekrefter operasjonsleder Knut Laurits Slartmann i Troms politidistrikt.<\/p>\n<p>Alternativ rute<\/p>\n<p>   <img decoding=\"async\" width=\"1151\" height=\"830\" fetchpriority=\"low\"  loading=\"lazy\"  src=\"https:\/\/www.europesays.com\/no\/wp-content\/uploads\/2025\/08\/Skjermbilde+2025-08-23+111900.png\" alt=\"\" class=\"brick-c-cFOWSL\" style=\"--brick-image-ratio: 1151 \/ 830;\"\/><\/p>\n<p>Det var Wider\u00f8es WF 862 fra Andenes som ble rammet av hendelsen. Flyet ble ikke forsinket og det hele forl\u00f8p seg uten st\u00f8rre dramatikk.<\/p>\n<p>\u2013 Det var kun et fly i luftrommet p\u00e5 dette tidspunktet, og de valgte \u00e5 ta en alternativ innflyvning. S\u00e5 det oppsto ikke noen forsinkelser og fikk ikke noe st\u00f8rre konsekvenser., sier Helene W. Jensen, kommunikasjonsr\u00e5dgiver i Avinor.<\/p>\n<p>\u2013 P\u00e5g\u00e5ende utfordring<\/p>\n<p>   <img decoding=\"async\" width=\"1550\" height=\"877\" fetchpriority=\"low\"  loading=\"lazy\"  src=\"https:\/\/www.europesays.com\/no\/wp-content\/uploads\/2025\/08\/avinor.jpg\" alt=\"\" class=\"brick-c-cFOWSL\" style=\"--brick-image-ratio: 1550 \/ 877;\"\/><\/p>\n<p>    FORBUDT: Rundt flyplassen, er det etablert et forbudsomr\u00e5de som strekker seg fem kilometer i alle retninger. Du kan alts\u00e5 ikke fly med drone p\u00e5 Troms\u00f8ya i sin helhet uten tillatelse fra flyt\u00e5rnet, i tillegg til et ikke ubetydelig omr\u00e5de p\u00e5 fastlandet og Kval\u00f8ya.<br \/>\n    Foto: Avinor (skjermdump)\n  <\/p>\n<p>Problemet med droneflyvning i forbudssonen er ikke unikt for Troms\u00f8, og har v\u00e6rt voksende ved flere flyplasser i b\u00e5de landsdelen og landet \u00f8vrig de siste \u00e5rene. Det er likevel spesielt mange hendelser i Troms\u00f8, da forbudssonen omfatter et sv\u00e6rt og sentralt omr\u00e5de av byen.<\/p>\n<p>\u2013 Dette er en p\u00e5g\u00e5ende utfordring som vi har. Det blir flere og flere droner, og s\u00e6rlig p\u00e5 sommeren er det mange turister p\u00e5 bes\u00f8k i Norge som velger \u00e5 ta disse i bruk. Vi anerkjenner at det er en utfordring at vi har mange dronepiloter i landet <a href=\"https:\/\/avinor.no\/konsern\/pa-flyplassen\/drone\/registerflygning\" rel=\"Follow nofollow noopener\" target=\"_blank\">som ikke kjenner reglene godt nok<\/a>. Vi har heldigvis et veldig godt samarbeid med politiet, kanskje s\u00e6rlig i Troms\u00f8 hvor dette har v\u00e6rt en stor utfordring over tid, sier Jensen i Avinor.<\/p>\n<p>      Kan bli kastet ut av landet<\/p>\n<p>I fjor l\u00e5 boten for ulovlig droneflyvning p\u00e5 rundt 12.000 norske kroner. Turister risikerer ogs\u00e5 \u00e5 bli utvist fra Norge i to \u00e5r for brudd p\u00e5 straffeloven.<\/p>\n<p>Ogs\u00e5<a href=\"https:\/\/www.nordlys.no\/turist-gikk-pa-drone-smell\/s\/5-34-2205594\" rel=\"Follow nofollow noopener\" target=\"_blank\"> tidligere denne uken<\/a> ble en turist fratatt dronen for flyvning innenfor forbudssonen.<\/p>\n<p>  <a href=\"https:\/\/www.nordlys.no\/5-34-1932808\" class=\"related-teaser has-image default-story-teaser article--c-eRUmMG article--c-eRUmMG-jKCPdD-design-default\" rel=\"nofollow noopener\" target=\"_blank\"><\/p>\n<p>    <img decoding=\"async\" loading=\"lazy\"  src=\"https:\/\/www.europesays.com\/no\/wp-content\/uploads\/2025\/08\/6.jpg\" alt=\"\" class=\"brick-c-cFOWSL\" style=\"\"\/><\/p>\n<p>\n            Les ogs\u00e5<\/p>\n<p>              Her ligger knuste feriedr\u00f8mmer: 15 turister utvist fra Troms\n        <\/p>\n<p>  <\/a><\/p>\n<p>  <a href=\"https:\/\/www.nordlys.no\/5-34-2088175\" class=\"related-teaser default-story-teaser article--c-eRUmMG article--c-eRUmMG-jKCPdD-design-default article--c-eRUmMG-kpKLOW-cv\" rel=\"nofollow noopener\" target=\"_blank\"><\/p>\n<p>\n            Les ogs\u00e5<\/p>\n<p>              Turist tatt etter TikTok-stunt: \u2013 Veldig traumatisk for meg\n        <\/p>\n<p>  <\/a><\/p>\n<p>  <a href=\"https:\/\/www.nordlys.no\/5-34-2084187\" class=\"related-teaser default-story-teaser article--c-eRUmMG article--c-eRUmMG-jKCPdD-design-default article--c-eRUmMG-kpKLOW-cv\" rel=\"nofollow noopener\" target=\"_blank\"><\/p>\n<p>\n            Les ogs\u00e5<\/p>\n<p>              Tingretten: Minnekort kan ikke fly\n        <\/p>\n<p>  <\/a><\/p>\n<p>  <a href=\"https:\/\/www.nordlys.no\/5-34-2187441\" class=\"related-teaser default-story-teaser article--c-eRUmMG article--c-eRUmMG-jKCPdD-design-default article--c-eRUmMG-kpKLOW-cv\" rel=\"nofollow noopener\" target=\"_blank\"><\/p>\n<p>\n            Les ogs\u00e5<\/p>\n<p>              Turist tatt p\u00e5 fersken\n        <\/p>\n<p>  <\/a><\/p>\n<p>Les mer om: artikkelemnene<\/p>\n","protected":false},"excerpt":{"rendered":"Saken oppdateres. En utenlandsk dronepilot er igjen i fokus for politiet i Troms\u00f8 etter en uheldig hendelse l\u00f8rdag&hellip;\n","protected":false},"author":2,"featured_media":15891,"comment_status":"","ping_status":"","sticky":false,"template":"","format":"standard","meta":{"footnotes":""},"categories":[10],"tags":[36,2408,20,21,24,25,15,22,23,13,30,28,29,14,16,563,1510,26,27,1997],"class_list":{"0":"post-15890","1":"post","2":"type-post","3":"status-publish","4":"format-standard","5":"has-post-thumbnail","7":"category-norge","8":"tag-art","9":"tag-avinor","10":"tag-breaking-news","11":"tag-breakingnews","12":"tag-featured-news","13":"tag-featurednews","14":"tag-headlines","15":"tag-latest-news","16":"tag-latestnews","17":"tag-news","18":"tag-no","19":"tag-norge","20":"tag-norway","21":"tag-nyheter","22":"tag-overskrifter","23":"tag-politiet-i-troms","24":"tag-story","25":"tag-top-stories","26":"tag-topstories","27":"tag-tromso-lufthavn"},"share_on_mastodon":{"url":"","error":""},"_links":{"self":[{"href":"https:\/\/www.europesays.com\/no\/wp-json\/wp\/v2\/posts\/15890","targetHints":{"allow":["GET"]}}],"collection":[{"href":"https:\/\/www.europesays.com\/no\/wp-json\/wp\/v2\/posts"}],"about":[{"href":"https:\/\/www.europesays.com\/no\/wp-json\/wp\/v2\/types\/post"}],"author":[{"embeddable":true,"href":"https:\/\/www.europesays.com\/no\/wp-json\/wp\/v2\/users\/2"}],"replies":[{"embeddable":true,"href":"https:\/\/www.europesays.com\/no\/wp-json\/wp\/v2\/comments?post=15890"}],"version-history":[{"count":0,"href":"https:\/\/www.europesays.com\/no\/wp-json\/wp\/v2\/posts\/15890\/revisions"}],"wp:featuredmedia":[{"embeddable":true,"href":"https:\/\/www.europesays.com\/no\/wp-json\/wp\/v2\/media\/15891"}],"wp:attachment":[{"href":"https:\/\/www.europesays.com\/no\/wp-json\/wp\/v2\/media?parent=15890"}],"wp:term":[{"taxonomy":"category","embeddable":true,"href":"https:\/\/www.europesays.com\/no\/wp-json\/wp\/v2\/categories?post=15890"},{"taxonomy":"post_tag","embeddable":true,"href":"https:\/\/www.europesays.com\/no\/wp-json\/wp\/v2\/tags?post=15890"}],"curies":[{"name":"wp","href":"https:\/\/api.w.org\/{rel}","templated":true}]}}