{"id":159550,"date":"2026-02-10T09:48:32","date_gmt":"2026-02-10T09:48:32","guid":{"rendered":"https:\/\/www.europesays.com\/no\/159550\/"},"modified":"2026-02-10T09:48:32","modified_gmt":"2026-02-10T09:48:32","slug":"kunne-vaert-unngatt","status":"publish","type":"post","link":"https:\/\/www.europesays.com\/no\/159550\/","title":{"rendered":"\u2013 Kunne v\u00e6rt unng\u00e5tt"},"content":{"rendered":"<p class=\"kicker text-red color_mobile_text-red\" style=\"\">FN om grusomhetene i El Fasher:<\/p>\n<p>    Grusomhetene som rammet El Fasher i Sudans Darfur-region i fjor h\u00f8st var \u00aben menneskerettslig katastrofe som kunne v\u00e6rt unng\u00e5tt\u00bb, sier FNs menneskerettssjef.<\/p>\n<p>\n    Et satellittbilde av en f\u00f8deavdeling i El Fasher i Sudan, tatt i slutten av oktober. Overlevende har fortalt om massedrap og omfattende grusomheter i byen. Foto: Planet Labs PBC \/ AP \/ NTB\n  <\/p>\n<p>Uttalelsen fra Volker T\u00fcrk kom da han ga FNs menneskerettsr\u00e5d en oppdatering om situasjonen i El Fasher. Der ford\u00f8mte han det forferdelige synet som ventet i El Fasher etter \u00aben b\u00f8lge av intens vold\u00bb fra paramilit\u00e6re Rapid Support Forces (RSF) etter halvannet \u00e5rs brutal beleiring av byen.<\/p>\n<p>\u2013 Tusenvis av mennesker ble drept i l\u00f8pet av noen dager, og titusener flyktet i skrekk, sa T\u00fcrk og understreket av det var viktig \u00e5 stille de ansvarlige til ansvar og \u00e5 sikre at dette aldri skjer igjen.<\/p>\n<p>RSF har v\u00e6rt i krig med regjeringsstyrkene i Sudan siden april 2023, en konflikt som har kostet titusener av menneskeliv. Millioner er drevet p\u00e5 flukt, og borgerkrigen har utl\u00f8st en av de verste humanit\u00e6re katastrofene i verden.<\/p>\n<p>        <img loading=\"lazy\" decoding=\"async\" src=\"https:\/\/www.europesays.com\/no\/wp-content\/uploads\/2026\/02\/84211258.webp.webp\" width=\"980\" height=\"559\" title=\"FNs menneskerettssjef Volker T\u00fcrk sl\u00e5r fast at grusomhetene i El Fasher i Sudan kunne v\u00e6rt unng\u00e5tt. Foto: Martial Trezzini \/ AP \/ NTB\" alt=\"\" class=\"\" style=\"--aspect-ratio-image: 1.75; \"\/><\/p>\n<p>\n        FNs menneskerettssjef Volker T\u00fcrk sl\u00e5r fast at grusomhetene i El Fasher i Sudan kunne v\u00e6rt unng\u00e5tt. Foto: Martial Trezzini \/ AP \/ NTB\n    <\/p>\n<p>Massedrap, voldtekter og tortur\t<\/p>\n<p>FNs h\u00f8ykommiss\u00e6r for menneskerettigheter sier at han p\u00e5 et bes\u00f8k i Sudan nylig fikk h\u00f8re overlevende fortelle om volden i El Fasher. Han sier han sjelden har sett noen som er s\u00e5 traumatisert.<\/p>\n<p>\u2013 De fortalte om massedrap og summariske henrettelser av sivile, b\u00e5de inne i byen og mens folk flyktet, sier T\u00fcrk, som ogs\u00e5 fikk h\u00f8re om omfattende tortur, voldtekter og seksualisert vold.<\/p>\n<p>\u2013 De overlevende fortalte ogs\u00e5 at de hadde sett hauger med lik langs veien ut av El Fasher, i apokalyptiske scener, som en av dem omtalte som dommedag, sier T\u00fcrk.<\/p>\n<p>Han legger til at slike grusomheter er forutsigbare og kan unng\u00e5s. Han p\u00e5pekte ogs\u00e5 at hans kontor hadde ropt varsku om faren for masseovergrep i den beleirede byen i over et \u00e5r.<\/p>\n<p>\u2013 Trusselen var \u00e5penbar, men v\u00e5re varsler ble ignorert, sier han og advarer om at det samme kan skje igjen.<\/p>\n<p>Advarer om Kordofan\t<\/p>\n<p>\u2013 Dersom vi st\u00e5r og ser p\u00e5 og toer v\u00e5re hender mens armeer og v\u00e6pnede grupper bryter folkeretten, kan vi bare vente oss verre ting i fremtiden.<\/p>\n<p>Menneskerettssjefen sier han n\u00e5 er \u00abekstremt bekymret for at lovbruddene og overgrepene kan bli gjentatt i Kordofan-regionen\u00bb, der kampene har tiltatt etter at El Fasher ble inntatt.<\/p>\n<p>\u2013 Sivile st\u00e5r i fare for summariske henrettelser, seksualisert vold, vilk\u00e5rlige p\u00e5gripelser og at familier skilles, legger T\u00fcrk til og sier han er spesielt bekymret for droneangrep fra begge sider.<\/p>\n","protected":false},"excerpt":{"rendered":"FN om grusomhetene i El Fasher: Grusomhetene som rammet El Fasher i Sudans Darfur-region i fjor h\u00f8st var&hellip;\n","protected":false},"author":2,"featured_media":159551,"comment_status":"","ping_status":"","sticky":false,"template":"","format":"standard","meta":{"footnotes":"","_share_on_mastodon":"0"},"categories":[12],"tags":[20,21,14420,24,25,15,22,23,13,30,28,29,14,16,3918,26,27,42,43,44,45],"class_list":["post-159550","post","type-post","status-publish","format-standard","has-post-thumbnail","category-verden","tag-breaking-news","tag-breakingnews","tag-el-fasher","tag-featured-news","tag-featurednews","tag-headlines","tag-latest-news","tag-latestnews","tag-news","tag-no","tag-norge","tag-norway","tag-nyheter","tag-overskrifter","tag-sudan","tag-top-stories","tag-topstories","tag-verden","tag-world","tag-world-news","tag-worldnews"],"share_on_mastodon":{"url":"https:\/\/pubeurope.com\/@no\/116045709632983478","error":""},"_links":{"self":[{"href":"https:\/\/www.europesays.com\/no\/wp-json\/wp\/v2\/posts\/159550","targetHints":{"allow":["GET"]}}],"collection":[{"href":"https:\/\/www.europesays.com\/no\/wp-json\/wp\/v2\/posts"}],"about":[{"href":"https:\/\/www.europesays.com\/no\/wp-json\/wp\/v2\/types\/post"}],"author":[{"embeddable":true,"href":"https:\/\/www.europesays.com\/no\/wp-json\/wp\/v2\/users\/2"}],"replies":[{"embeddable":true,"href":"https:\/\/www.europesays.com\/no\/wp-json\/wp\/v2\/comments?post=159550"}],"version-history":[{"count":0,"href":"https:\/\/www.europesays.com\/no\/wp-json\/wp\/v2\/posts\/159550\/revisions"}],"wp:featuredmedia":[{"embeddable":true,"href":"https:\/\/www.europesays.com\/no\/wp-json\/wp\/v2\/media\/159551"}],"wp:attachment":[{"href":"https:\/\/www.europesays.com\/no\/wp-json\/wp\/v2\/media?parent=159550"}],"wp:term":[{"taxonomy":"category","embeddable":true,"href":"https:\/\/www.europesays.com\/no\/wp-json\/wp\/v2\/categories?post=159550"},{"taxonomy":"post_tag","embeddable":true,"href":"https:\/\/www.europesays.com\/no\/wp-json\/wp\/v2\/tags?post=159550"}],"curies":[{"name":"wp","href":"https:\/\/api.w.org\/{rel}","templated":true}]}}