{"id":15990,"date":"2025-08-23T12:27:49","date_gmt":"2025-08-23T12:27:49","guid":{"rendered":"https:\/\/www.europesays.com\/no\/15990\/"},"modified":"2025-08-23T12:27:49","modified_gmt":"2025-08-23T12:27:49","slug":"sendte-bergen-til-himmels-innbytteren-scoret-pa-overtid","status":"publish","type":"post","link":"https:\/\/www.europesays.com\/no\/15990\/","title":{"rendered":"Sendte Bergen til himmels \u2013 Innbytteren scoret p\u00e5 overtid"},"content":{"rendered":"<p>     Spill Profeten   <img decoding=\"async\" class=\"_confettiImage_b81ng_95\" src=\"https:\/\/www.europesays.com\/no\/wp-content\/uploads\/2025\/08\/SzwcSxt.png\" alt=\"\" fetchpriority=\"high\" loading=\"eager\"\/>   <img decoding=\"async\" class=\"_playerImage_b81ng_83\" src=\"https:\/\/www.europesays.com\/no\/wp-content\/uploads\/2025\/08\/U9NvSiG.png\" alt=\"profeten-promo-player\" fetchpriority=\"high\" loading=\"eager\"\/>     <\/p>\n<p class=\"_lead_1bvmi_2 _lead_xtcu6_50 layout-component text-serif-m layout-normal text-serif-l layout-component layout-wide layout-padded _wide_17hqh_1 layout-padded\">Jonas Torsvik har v\u00e6rt gjennom et skademareritt. Torsdag kveld fikk 20-\u00e5ringen en enorm opptur foran publikummet p\u00e5 Brann Stadion.  <\/p>\n<p> <img class=\"_image_qp4xg_65 layout-component layout-wide\" data-fullscreen- data-track-element-type=\"Article image fullscreen\" data-track-name=\"ImageFullscreen\" fetchpriority=\"high\" decoding=\"sync\" loading=\"eager\" height=\"57\" itemprop=\"image\"  src=\"https:\/\/www.europesays.com\/no\/wp-content\/uploads\/2025\/08\/2b0d3b5a047c5fd841e3bbf575b20a03.jpg\"  style=\"object-position:50% 50%;aspect-ratio:1.75;height:auto;object-fit:cover;width:100%\" width=\"102\"\/>  <\/p>\n<ul aria-hidden=\"true\" class=\"_images_1y6fe_106\">\n<li><a class=\"_link_1y6fe_111\" href=\"https:\/\/www.vg.no\/forfatter\/benjamin-kvaale\" style=\"z-index:1\" title=\"Benjamin Kvaale\" rel=\"nofollow noopener\" target=\"_blank\"><img alt=\"Bilde av Benjamin Kvaale\" class=\"_image_1y6fe_88\" fetchpriority=\"low\" loading=\"lazy\" decoding=\"async\" itemprop=\"image\"  src=\"https:\/\/www.europesays.com\/no\/wp-content\/uploads\/2025\/08\/1755952067_258_21fe9a1c-5915-4269-bbd5-7feeec1fa8ae\"  width=\"480\"\/><\/a><\/li>\n<\/ul>\n<p> Oppdatert torsdag 21. august kl. 21:55     <\/p>\n<p class=\"_paragraph_1bvmi_4 _paragraph_xtcu6_10 layout-component text-serif-m layout-normal text-serif-m layout-padded\">Det s\u00e5 ut til \u00e5 ende 1\u20131 i Bergen, men bare noen minutter f\u00f8r slutt prikket Torsvik inn vinnerm\u00e5let for Brann. 20-\u00e5ringen som har slitt mye med skader, ble kveldens helt. <\/p>\n<p class=\"_paragraph_1bvmi_4 _paragraph_xtcu6_10 layout-component text-serif-m layout-normal text-serif-m layout-padded\">\u2013 Det er spesielt. Det er litt sykt at det skjer i Europa etter tre m\u00e5neder ute. Det er veldig deilig, sier Torsvik til VG. <\/p>\n<p class=\"_paragraph_1bvmi_4 _paragraph_xtcu6_10 layout-component text-serif-m layout-normal text-serif-m layout-padded\">\u2013 Det er mer enn deilig, for det var Jonas som scoret. Alle i Bergen vet hvor mye vi heier p\u00e5 ham. Vi \u00f8nsker ham det beste. Han har st\u00e5tt i et helvete i lang tid. N\u00e5 fikk han det til, det er deilig for ham, sier Brann-trener Freyr Alexandersson. <\/p>\n<p><img alt=\"SKADEPLAGET: Torsvik blir sett p\u00e5 som et av Branns st\u00f8rste talenter, men har slitt mye med skader.   Foto: Paul S. Amundsen \/ NTB\" class=\"_image_qp4xg_65 layout-component layout-normal\" data-fullscreen- data-track-element-type=\"Article image fullscreen\" data-track-name=\"ImageFullscreen\" decoding=\"async\" loading=\"lazy\" height=\"4899\" itemprop=\"image\"  src=\"https:\/\/www.europesays.com\/no\/wp-content\/uploads\/2025\/08\/5d17f906-1214-40ae-9d7f-0535f1a21b65\"  style=\"object-position:0% 0%\" width=\"7349\"\/>SKADEPLAGET: Torsvik blir sett p\u00e5 som et av Branns st\u00f8rste talenter, men har slitt mye med skader.   Foto: Paul S. Amundsen \/ NTB<\/p>\n<p class=\"_paragraph_1bvmi_4 _paragraph_xtcu6_10 layout-component text-serif-m layout-normal text-serif-m layout-padded\">Brann-talentet kom tilbake fra skade i v\u00e5r, og fikk fire kamper i Eliteserien, f\u00f8r han igjen m\u00e5tte ut p\u00e5 sidelinjen. 20-\u00e5ringen m\u00e5tte opereres for idrettsbrokkidrettsbrokkIdrettsbrokk er en smertefull skade som oftest oppst\u00e5r hos fotballspillere. Selv om navnet sier at det er et brokk, s\u00e5 er det ikke det, men en skade p\u00e5 muskulaturen og bindevevet der dette fester seg p\u00e5 beinet i lysken.. <\/p>\n<p class=\"_paragraph_1bvmi_4 _paragraph_xtcu6_10 layout-component text-serif-m layout-normal text-serif-m layout-padded\">Torsdagens kamp mot AEK Larnaca ble Torsviks f\u00f8rste siden 16. mai. <\/p>\n<p class=\"_paragraph_1bvmi_4 _paragraph_xtcu6_10 layout-component text-serif-m layout-normal text-serif-m layout-padded\">\u2013 Det er nesten mest imponerende at han er den beste spilleren vi har hver gang han blir frisk. Han trenger ikke \u00e5 spille seg i form. Han er bare ordentlig god, sier <a href=\"https:\/\/www.vg.no\/tag\/felix-horn-myhre?utm_source=vg-article&amp;utm_medium=auto-tagger&amp;utm_campaign=25r1E4\" class=\"_link_1bvmi_39\" rel=\"nofollow noopener\" target=\"_blank\">Felix Horn Myhre<\/a> om matchvinneren.<\/p>\n<p><img alt=\"SCORET: Horn Myhre satte Branns f\u00f8rste m\u00e5l for kvelden.   Foto: Paul S. Amundsen \/ NTB\" class=\"_image_qp4xg_65 layout-component layout-normal\" data-fullscreen- data-track-element-type=\"Article image fullscreen\" data-track-name=\"ImageFullscreen\" decoding=\"async\" loading=\"lazy\" height=\"4493\" itemprop=\"image\"  src=\"https:\/\/www.europesays.com\/no\/wp-content\/uploads\/2025\/08\/da0a6efb-42ed-476a-b4c2-5acdb10107de\"  style=\"object-position:0% 0%\" width=\"6736\"\/>SCORET: Horn Myhre satte Branns f\u00f8rste m\u00e5l for kvelden.   Foto: Paul S. Amundsen \/ NTB<\/p>\n<p class=\"_paragraph_1bvmi_4 _paragraph_xtcu6_10 layout-component text-serif-m layout-normal text-serif-m layout-padded\">Seieren gir bergenserne et godt utgangspunkt for returoppgj\u00f8ret p\u00e5 Kypros, onsdag neste uke. Kampen i Bergen var den f\u00f8rste av to i Europa League-playoffen.<\/p>\n<p class=\"_paragraph_1bvmi_4 _paragraph_xtcu6_10 layout-component text-serif-m layout-normal text-serif-m layout-padded\">\u2013 Det sier seg selv at det er veldig viktig. Det er en vanskelig bortekamp uansett, sier Torsvik. <\/p>\n<p class=\"_paragraph_1bvmi_4 _paragraph_xtcu6_10 layout-component text-serif-m layout-normal text-serif-m layout-padded\">Hvis Brann ikke taper bortekampen, er de kvalifisert til Europa League. Dersom de taper er de uansett sikret en plass i Europa Conference League. <\/p>\n<p class=\"_paragraph_1bvmi_4 _paragraph_xtcu6_10 layout-component text-serif-m layout-normal text-serif-m layout-padded\"><strong class=\"_strong_1bvmi_25\">F\u00e5 reaksjoner og intervjuer i sendingen her:<\/strong><\/p>\n<p class=\"_paragraph_1bvmi_4 _paragraph_xtcu6_10 layout-component text-serif-m layout-normal text-serif-m layout-padded\">Brann tok fra kommandoen fra start p\u00e5 eget gress i Bergen, men det smalt plutselig i motsatt ende etter et dr\u00f8yt kvarter. <\/p>\n<ul class=\"_list_1bvmi_3 _list_xtcu6_9 _unordered_1bvmi_99 layout-component text-serif-m layout-normal text-serif-m layout-padded\">\n<li class=\"_item_1bvmi_30\">Yerson Chacon la en presis ball inn i boksen, og Karol Angielski fikk stusset inn 1\u20130-scoringen for gjestene. <\/li>\n<\/ul>\n<p class=\"_paragraph_1bvmi_4 _paragraph_xtcu6_10 layout-component text-serif-m layout-normal text-serif-m layout-padded\">\u2013 Jeg synes vi starter ok, f\u00e5r noen gode brudd p\u00e5 dem. S\u00e5 blir vi litt passive og ikke t\u00f8r \u00e5 ta steget opp og frem, s\u00e5 blir vi litt for lave. Da skaper de sjanser p\u00e5 oss, det er ogs\u00e5 s\u00e5nn scoringen kommer, sier Brann-kaptein Fredrik Pallesen Knudsen. <\/p>\n<p class=\"_paragraph_1bvmi_4 _paragraph_xtcu6_10 layout-component text-serif-m layout-normal text-serif-m layout-padded\">Etter en ordentlig kalddusj, ble det fort tenning igjen p\u00e5 Brann Stadion. <\/p>\n<ul class=\"_list_1bvmi_3 _list_xtcu6_9 _unordered_1bvmi_99 layout-component text-serif-m layout-normal text-serif-m layout-padded\">\n<li class=\"_item_1bvmi_30\">Felix Horn Myhre banket inn utligningen via et Larnaca-kne, og inn i nettmaskene. <\/li>\n<\/ul>\n<p class=\"_paragraph_1bvmi_4 _paragraph_xtcu6_10 layout-component text-serif-m layout-normal text-serif-m layout-padded\">Det ble en mer \u00e5pen kamp utover omgangen. Brann viste fine tendenser offensivt, men slurvet og var til tider passive defensivt. <\/p>\n<p><img alt=\"JUBEL: Horn Myhre satte Branns f\u00f8rste m\u00e5l i det 20. minutt.   Foto: Paul S. Amundsen \/ NTB\" class=\"_image_qp4xg_65 layout-component layout-normal\" data-fullscreen- data-track-element-type=\"Article image fullscreen\" data-track-name=\"ImageFullscreen\" decoding=\"async\" loading=\"lazy\" height=\"4158\" itemprop=\"image\"  src=\"https:\/\/www.europesays.com\/no\/wp-content\/uploads\/2025\/08\/46d064e2-db8a-4c61-9467-9dbc242f9635\"  style=\"object-position:0% 0%\" width=\"6234\"\/>JUBEL: Horn Myhre satte Branns f\u00f8rste m\u00e5l i det 20. minutt.   Foto: Paul S. Amundsen \/ NTB<\/p>\n<p class=\"_paragraph_1bvmi_4 _paragraph_xtcu6_10 layout-component text-serif-m layout-normal text-serif-m layout-padded\">Etter hvilen var det tydelig at hjemmelaget jaktet m\u00e5l, mens gjestene s\u00e5 ut til \u00e5 v\u00e6re forn\u00f8yde med \u00e5 ta med seg 1\u20131 hjem til Kypros. <\/p>\n<p class=\"_paragraph_1bvmi_4 _paragraph_xtcu6_10 layout-component text-serif-m layout-normal text-serif-m layout-padded\">Brann trykket til, og i det 76. minutt var Eggert Aron Gu\u00f0mundsson sv\u00e6rt n\u00e6re p\u00e5 \u00e5 sende Brann Stadion til himmels. <\/p>\n<ul class=\"_list_1bvmi_3 _list_xtcu6_9 _unordered_1bvmi_99 layout-component text-serif-m layout-normal text-serif-m layout-padded\">\n<li class=\"_item_1bvmi_30\">F\u00f8rst var det innbytter Denzel De Roeve som fikk skutt. Returen fikk islendingen muligheten til \u00e5 sette. Med et gapende bur satte Gudmundsson ballen p\u00e5 innsiden av stolpen og ut. <\/li>\n<\/ul>\n<p><img alt=\"BL\u00c5STE: Frustrasjonen rundt dommer Marco Guida var stor p\u00e5 Brann Stadion. S\u00e6rlig i andre omgang var det sv\u00e6rt mange stopp i spillet.   Foto: Paul S. Amundsen \/ NTB\" class=\"_image_qp4xg_65 layout-component layout-normal\" data-fullscreen- data-track-element-type=\"Article image fullscreen\" data-track-name=\"ImageFullscreen\" decoding=\"async\" loading=\"lazy\" height=\"4483\" itemprop=\"image\"  src=\"https:\/\/www.europesays.com\/no\/wp-content\/uploads\/2025\/08\/f542b265-cbcb-4656-aff6-ba54a1178cf1\"  style=\"object-position:0% 0%\" width=\"6725\"\/>BL\u00c5STE: Frustrasjonen rundt dommer Marco Guida var stor p\u00e5 Brann Stadion. S\u00e6rlig i andre omgang var det sv\u00e6rt mange stopp i spillet.   Foto: Paul S. Amundsen \/ NTB<\/p>\n<p class=\"_paragraph_1bvmi_4 _paragraph_xtcu6_10 layout-component text-serif-m layout-normal text-serif-m layout-padded\">Det ble vanskelig \u00e5 toppe den sjansen for hjemmelaget, og tiden tikket i kypriotenes fav\u00f8r, helt til Torsvik dukket opp p\u00e5 overtid. <\/p>\n","protected":false},"excerpt":{"rendered":"Spill Profeten Jonas Torsvik har v\u00e6rt gjennom et skademareritt. Torsdag kveld fikk 20-\u00e5ringen en enorm opptur foran publikummet&hellip;\n","protected":false},"author":2,"featured_media":15991,"comment_status":"","ping_status":"","sticky":false,"template":"","format":"standard","meta":{"footnotes":""},"categories":[59],"tags":[3005,1827,1556,92,30,28,29,418,83,82],"class_list":{"0":"post-15990","1":"post","2":"type-post","3":"status-publish","4":"format-standard","5":"has-post-thumbnail","7":"category-sport","8":"tag-aek-larnaca","9":"tag-brann-stadion","10":"tag-felix-horn-myhre","11":"tag-fotball","12":"tag-no","13":"tag-norge","14":"tag-norway","15":"tag-sk-brann","16":"tag-sport","17":"tag-sports"},"share_on_mastodon":{"url":"","error":""},"_links":{"self":[{"href":"https:\/\/www.europesays.com\/no\/wp-json\/wp\/v2\/posts\/15990","targetHints":{"allow":["GET"]}}],"collection":[{"href":"https:\/\/www.europesays.com\/no\/wp-json\/wp\/v2\/posts"}],"about":[{"href":"https:\/\/www.europesays.com\/no\/wp-json\/wp\/v2\/types\/post"}],"author":[{"embeddable":true,"href":"https:\/\/www.europesays.com\/no\/wp-json\/wp\/v2\/users\/2"}],"replies":[{"embeddable":true,"href":"https:\/\/www.europesays.com\/no\/wp-json\/wp\/v2\/comments?post=15990"}],"version-history":[{"count":0,"href":"https:\/\/www.europesays.com\/no\/wp-json\/wp\/v2\/posts\/15990\/revisions"}],"wp:featuredmedia":[{"embeddable":true,"href":"https:\/\/www.europesays.com\/no\/wp-json\/wp\/v2\/media\/15991"}],"wp:attachment":[{"href":"https:\/\/www.europesays.com\/no\/wp-json\/wp\/v2\/media?parent=15990"}],"wp:term":[{"taxonomy":"category","embeddable":true,"href":"https:\/\/www.europesays.com\/no\/wp-json\/wp\/v2\/categories?post=15990"},{"taxonomy":"post_tag","embeddable":true,"href":"https:\/\/www.europesays.com\/no\/wp-json\/wp\/v2\/tags?post=15990"}],"curies":[{"name":"wp","href":"https:\/\/api.w.org\/{rel}","templated":true}]}}