{"id":15999,"date":"2025-08-23T12:48:25","date_gmt":"2025-08-23T12:48:25","guid":{"rendered":"https:\/\/www.europesays.com\/no\/15999\/"},"modified":"2025-08-23T12:48:25","modified_gmt":"2025-08-23T12:48:25","slug":"nyhet-henriette-jaeger-fikk-melding-av-verdensstjernen-etter-sensasjonen","status":"publish","type":"post","link":"https:\/\/www.europesays.com\/no\/15999\/","title":{"rendered":"Nyhet, Henriette J\u00e6ger | Fikk melding av verdensstjernen etter sensasjonen"},"content":{"rendered":"\n<p><a href=\"https:\/\/www.nettavisen.no\/\" rel=\"Follow nofollow noopener\" target=\"_blank\">Nettavisen<\/a> Den norske profilen overrasket alle da hun tidligere denne uken ble den f\u00f8rste norske kvinnen til \u00e5 vinne et Diamond League-stevne.<\/p>\n<p>Etterp\u00e5 har gratulasjonene og meldingene tikket inn i hopetall. Flere av de har 22-\u00e5ringen satt litt ekstra pris p\u00e5.<\/p>\n<p>\u2013 Friidrettsverden er veldig st\u00f8ttende. Jeg synes det er utrolig kult \u00e5 f\u00e5 melding fra Karsten (Warholm) og Amalie (Iuel), man er s\u00e5 flinke til \u00e5 heie p\u00e5 hverandre i norsk friidrett. Femke Bol har sendt melding ogs\u00e5, hun er jo et kjempestort forbilde, sier J\u00e6ger til Nettavisen.<\/p>\n<p>   <img decoding=\"async\" width=\"5562\" height=\"3595\" fetchpriority=\"low\"  loading=\"lazy\"  src=\"https:\/\/www.europesays.com\/no\/wp-content\/uploads\/2025\/08\/1755953304_576_NTB_nCDXvBh_5cI_1.jpg\" alt=\"Femke Bol wins the Women's 400m Hurdles final during the London Athletics Meet at the London Stadium. Picture date: Saturday July 20, 2024.\" class=\"brick-c-cFOWSL\" style=\"--brick-image-ratio: 5562 \/ 3595;\"\/><\/p>\n<p>    SENDTE MELDING: Femke Bol gratulerte Henriette J\u00e6ger etter den enorme prestasjonen.<br \/>\n    Foto: John Walton\n  <\/p>\n<p>  Har f\u00e5tt flere meldinger<\/p>\n<p>Bol er fra Nederland og er en verdensstjerne innenfor friidrettens verden.<\/p>\n<p>25-\u00e5ringen konkurrerer i sprint og hekk og setter stadig nye rekorder.<\/p>\n<p>I hjemlandet er hun en stor profil.<\/p>\n<p>\u2013 Hun har skrevet til meg i flere \u00e5r, f\u00f8r jeg egentlig ble veldig god. Hun gratulerer meg og \u00f8nsker meg lykke til og sier at jeg gj\u00f8r en god jobb.<\/p>\n<p>\u2013 \u00c5 f\u00e5 s\u00e5nt fra s\u00e5 store stjerner betyr mye, n\u00e5r jeg m\u00f8ter henne s\u00e5 smiler hun, er hyggelig og jordn\u00e6r.<\/p>\n<p>For J\u00e6ger er det viktig at ogs\u00e5 hun sender melding til andre ut\u00f8vere og de som er p\u00e5 vei opp og fram.<\/p>\n<p>\u2013 Det skal jeg ogs\u00e5 v\u00e6re flink p\u00e5, en s\u00e5nn liten kommentar kan bety s\u00e5 mye.<\/p>\n<p>   <img decoding=\"async\" width=\"5712\" height=\"4284\" fetchpriority=\"low\"  loading=\"lazy\"  src=\"https:\/\/www.europesays.com\/no\/wp-content\/uploads\/2025\/08\/128E198F-13B5-4FB4-8743-D6493525D177_1_201_a_1.jpeg\" alt=\"\" class=\"brick-c-cFOWSL\" style=\"--brick-image-ratio: 5712 \/ 4284;\"\/><\/p>\n<p>    TILBAKE I NORGE: Henriette J\u00e6ger fokuserer n\u00e5 p\u00e5 det som skal skje i Tokyo om kort tid.<br \/>\n    Foto: Oda Karlsen Bekkestad\n  <\/p>\n<p>  Trodde hun ble nummer to<\/p>\n<p>Det var med tiden 50.09 at J\u00e6ger vant 400-meteren under Diamond League-stevnet i sveitsiske Lausanne onsdag kveld. Det kort tid f\u00f8r VM i Tokyo i september.<\/p>\n<p>\u2013 \u00c5 vinne Diamond League, det er jo kjempestort. N\u00e5r jeg krysset m\u00e5lstreken s\u00e5 trodde jeg jo at Lieke Klaver, hun som ble nummer to, hadde vunnet, fordi hun l\u00e5 s\u00e5 langt foran meg hele veien, s\u00e5 kom hun bort og sa \u00abdu vant jo\u00bb.<\/p>\n<p>\u2013 Da skj\u00f8nte jeg at dette var veldig stort, dette har jeg jo dr\u00f8mt om lenge.<\/p>\n<p>Til tross for at hun tok f\u00f8rste norske kvinnelige seier i Diamond League og dermed skrev historie, har feiringen latt vente p\u00e5 seg.<\/p>\n<p>\u2013 Ting g\u00e5r s\u00e5 i ett, man skal i mixed zone og p\u00e5 dopingkontroll, s\u00e5 det tar litt tid f\u00f8r man tar det innover seg. Det begynner \u00e5 komme litt mer n\u00e5.<\/p>\n<p>\u2013 Det g\u00e5r veldig bra og det er kjempefint, samtidig s\u00e5 m\u00e5 man komme seg litt ut av den bobla, hovedfokuset i \u00e5r er Tokyo.<\/p>\n<p>VM i den japanske hovedstaden arrangeres fra 13\u201321. september.<\/p>\n","protected":false},"excerpt":{"rendered":"Nettavisen Den norske profilen overrasket alle da hun tidligere denne uken ble den f\u00f8rste norske kvinnen til \u00e5&hellip;\n","protected":false},"author":2,"featured_media":16000,"comment_status":"","ping_status":"","sticky":false,"template":"","format":"standard","meta":{"footnotes":""},"categories":[59],"tags":[36,423,2042,30,28,29,447,83,82,1510],"class_list":{"0":"post-15999","1":"post","2":"type-post","3":"status-publish","4":"format-standard","5":"has-post-thumbnail","7":"category-sport","8":"tag-art","9":"tag-friidrett","10":"tag-henriette-jaeger","11":"tag-no","12":"tag-norge","13":"tag-norway","14":"tag-nyhet","15":"tag-sport","16":"tag-sports","17":"tag-story"},"share_on_mastodon":{"url":"","error":""},"_links":{"self":[{"href":"https:\/\/www.europesays.com\/no\/wp-json\/wp\/v2\/posts\/15999","targetHints":{"allow":["GET"]}}],"collection":[{"href":"https:\/\/www.europesays.com\/no\/wp-json\/wp\/v2\/posts"}],"about":[{"href":"https:\/\/www.europesays.com\/no\/wp-json\/wp\/v2\/types\/post"}],"author":[{"embeddable":true,"href":"https:\/\/www.europesays.com\/no\/wp-json\/wp\/v2\/users\/2"}],"replies":[{"embeddable":true,"href":"https:\/\/www.europesays.com\/no\/wp-json\/wp\/v2\/comments?post=15999"}],"version-history":[{"count":0,"href":"https:\/\/www.europesays.com\/no\/wp-json\/wp\/v2\/posts\/15999\/revisions"}],"wp:featuredmedia":[{"embeddable":true,"href":"https:\/\/www.europesays.com\/no\/wp-json\/wp\/v2\/media\/16000"}],"wp:attachment":[{"href":"https:\/\/www.europesays.com\/no\/wp-json\/wp\/v2\/media?parent=15999"}],"wp:term":[{"taxonomy":"category","embeddable":true,"href":"https:\/\/www.europesays.com\/no\/wp-json\/wp\/v2\/categories?post=15999"},{"taxonomy":"post_tag","embeddable":true,"href":"https:\/\/www.europesays.com\/no\/wp-json\/wp\/v2\/tags?post=15999"}],"curies":[{"name":"wp","href":"https:\/\/api.w.org\/{rel}","templated":true}]}}