{"id":16001,"date":"2025-08-23T12:51:22","date_gmt":"2025-08-23T12:51:22","guid":{"rendered":"https:\/\/www.europesays.com\/no\/16001\/"},"modified":"2025-08-23T12:51:22","modified_gmt":"2025-08-23T12:51:22","slug":"okonomi-og-naeringsliv-stathelle-nytt-tilbud-veldig-fornoyde-med-dette","status":"publish","type":"post","link":"https:\/\/www.europesays.com\/no\/16001\/","title":{"rendered":"\u00d8konomi og n\u00e6ringsliv, Stathelle | Nytt tilbud: \u2013 Veldig forn\u00f8yde med dette"},"content":{"rendered":"\n<p>Som kjent har Alti Brotorvet v\u00e6rt i dialog med Bamble kommune for \u00e5 fors\u00f8ke \u00e5 f\u00e5 til <a href=\"https:\/\/www.pd.no\/prover-seg-igjen-mer-enn-10-ar-siden-forste-gang-vil-se-om-det-er-mulig-a-fa-det-til-na\/s\/5-40-740630\" rel=\"Follow nofollow noopener\" target=\"_blank\">en drive-through for Burger King<\/a> p\u00e5 senteret, men foresp\u00f8rslene har blitt avvist tidligere og det blir derfor ikke aktuelt.<\/p>\n<p>Det nye konseptet som n\u00e5 er lansert, kan imidlertid bli et godt alternativ.<\/p>\n<p>Senterlederen understreker at det nye tilbudet som har poppet opp utenfor senteret ikke er en drive-through, men en henteplass.<\/p>\n<p>\u2013 Det er litt kult, sier Darre og viser hvordan Burger Kings kunder kan bestille mat i en app og hente utenfor.<\/p>\n<p>\u2013 Da f\u00e5r du beskjed om hvilket nummer du skal parkere p\u00e5, s\u00e5 kommer betjeningen ut med maten til deg, sier han.<\/p>\n<p>   <img decoding=\"async\" width=\"3384\" height=\"1904\" fetchpriority=\"low\"  loading=\"lazy\"  src=\"https:\/\/www.europesays.com\/no\/wp-content\/uploads\/2025\/08\/efad7c95-fb48-4698-85fc-ff5f9666de85.jpeg\" alt=\"\" class=\"brick-c-cFOWSL\" style=\"--brick-image-ratio: 3384 \/ 1904;\"\/><\/p>\n<p>    N\u00e5 kan kundene til Burger King hente forh\u00e5ndsbestilt mat her.<br \/>\n    Foto: Julie Bj\u00f8rneboe\n  <\/p>\n<p>  Fornyelse<\/p>\n<p>For \u00e5 f\u00e5 p\u00e5 plass nysatsingen har de snevret inn fortauet, som fremdeles er i henhold til regelverket. Dermed har de f\u00e5tt plass til fire henteplasser.<\/p>\n<p>\u2013 Vi har laget en bedre, tryggere og merket plass isteden for gateparkering.<\/p>\n<p>Oppgraderingen er en forlengelse av oppussingen p\u00e5 Burger King.<\/p>\n<p>\u2013 Det er en del av hele den pakka der, men det ble noen forsinkelser p\u00e5 grunn av tekniske problemer, forteller Darre. <\/p>\n<p>N\u00e5 er imidlertid problemene l\u00f8st og henteplassen har v\u00e6rt operativ i halvannen uke. Det er et lite stykke \u00e5 g\u00e5 for betjeningen p\u00e5 Burger King, men ikke lenger enn at det g\u00e5r greit i en hektisk hverdag. <\/p>\n<p>\u2013  Det er ikke et tilbud som har eksplodert enn\u00e5, men skulle det bli veldig popul\u00e6rt s\u00e5 vil henteplassen bli betjent med flere. Det blir spennende \u00e5 se hvordan dette blir tatt imot, sier han. <\/p>\n","protected":false},"excerpt":{"rendered":"Som kjent har Alti Brotorvet v\u00e6rt i dialog med Bamble kommune for \u00e5 fors\u00f8ke \u00e5 f\u00e5 til en&hellip;\n","protected":false},"author":2,"featured_media":16002,"comment_status":"","ping_status":"","sticky":false,"template":"","format":"standard","meta":{"footnotes":""},"categories":[56],"tags":[36,60,61,62,30,28,29,216,172,3006,1510],"class_list":{"0":"post-16001","1":"post","2":"type-post","3":"status-publish","4":"format-standard","5":"has-post-thumbnail","7":"category-naeringsliv","8":"tag-art","9":"tag-business","10":"tag-economy","11":"tag-naeringsliv","12":"tag-no","13":"tag-norge","14":"tag-norway","15":"tag-okonomi-og-naeringsliv","16":"tag-restaurant","17":"tag-stathelle","18":"tag-story"},"share_on_mastodon":{"url":"","error":""},"_links":{"self":[{"href":"https:\/\/www.europesays.com\/no\/wp-json\/wp\/v2\/posts\/16001","targetHints":{"allow":["GET"]}}],"collection":[{"href":"https:\/\/www.europesays.com\/no\/wp-json\/wp\/v2\/posts"}],"about":[{"href":"https:\/\/www.europesays.com\/no\/wp-json\/wp\/v2\/types\/post"}],"author":[{"embeddable":true,"href":"https:\/\/www.europesays.com\/no\/wp-json\/wp\/v2\/users\/2"}],"replies":[{"embeddable":true,"href":"https:\/\/www.europesays.com\/no\/wp-json\/wp\/v2\/comments?post=16001"}],"version-history":[{"count":0,"href":"https:\/\/www.europesays.com\/no\/wp-json\/wp\/v2\/posts\/16001\/revisions"}],"wp:featuredmedia":[{"embeddable":true,"href":"https:\/\/www.europesays.com\/no\/wp-json\/wp\/v2\/media\/16002"}],"wp:attachment":[{"href":"https:\/\/www.europesays.com\/no\/wp-json\/wp\/v2\/media?parent=16001"}],"wp:term":[{"taxonomy":"category","embeddable":true,"href":"https:\/\/www.europesays.com\/no\/wp-json\/wp\/v2\/categories?post=16001"},{"taxonomy":"post_tag","embeddable":true,"href":"https:\/\/www.europesays.com\/no\/wp-json\/wp\/v2\/tags?post=16001"}],"curies":[{"name":"wp","href":"https:\/\/api.w.org\/{rel}","templated":true}]}}