{"id":160012,"date":"2026-02-10T21:10:12","date_gmt":"2026-02-10T21:10:12","guid":{"rendered":"https:\/\/www.europesays.com\/no\/160012\/"},"modified":"2026-02-10T21:10:12","modified_gmt":"2026-02-10T21:10:12","slug":"nye-detaljer-i-nancy-guthrie-kidnappingen-politiet-deler-bilder","status":"publish","type":"post","link":"https:\/\/www.europesays.com\/no\/160012\/","title":{"rendered":"Nye detaljer i Nancy Guthrie-kidnappingen: Politiet deler bilder"},"content":{"rendered":"<p> &#8211; Herregud, wow, sier hun om utviklingen til Dagbladet. <\/p>\n<p>Kvinnen figurerer hyppig i de offentliggjorte Epstein-dokumentene. I 2012 sendte forretningsmannen og den seinere domfelte seksualforbryteren Jeffrey Epstein en e-post til en spesialassistent ved tankesmia International Peace Institute (IPI) i New York &#8211; der R\u00f8d-Larsen var leder fra 2005 til 2020. <\/p>\n<p>        RYSTENDE: Det amerikanske justisdepartementet friga rundt tre millioner dokumenter om den avd\u00f8de milliard\u00e6ren og overgriperen Jeffrey Epstein. En video skal vise Epstein \u00abjage\u00bb en person rundt en kj\u00f8kkenbenk. Video: Department of Justice \/ Reuters. Reporter: Nicolai Alcaniz.<\/p>\n<p>I e-posten skrev Epstein: <\/p>\n<p>\u00abNN venter p\u00e5 konsulatet for visumet sitt. Kan du hjelpe?\u00bb <\/p>\n<p>\u00abHvilket konsulat? I hvilken by?\u00bb, svarte assistenten. <\/p>\n<p>    <a itemprop=\"url\" href=\"https:\/\/www.dagbladet.no\/nyheter\/kan-ha-vaert-agent\/84207180\" rel=\"nofollow noopener\" target=\"_blank\"><\/p>\n<p>        <img loading=\"lazy\" decoding=\"async\" src=\"https:\/\/www.europesays.com\/no\/wp-content\/uploads\/2026\/02\/1770757808_15_84208061.webp.webp\" width=\"147\" height=\"98\" title=\"- Kan ha v\u00e6rt agent\" alt=\"\" class=\"lazyload\" style=\"--aspect-ratio-image: 1.50; \"\/><\/p>\n<p>        &#8211; Kan ha v\u00e6rt agent<\/p>\n<p>    <\/a><\/p>\n<p>\u00abDet norske, New York\u00bb, svarte Epstein. <\/p>\n<p>Henvendelsen ble deretter videresendt til R\u00f8d-Larsen. <\/p>\n<p class=\"font-weight-bold m-font-weight-bold\" data-lab-font_weight=\"font-weight-bold\">Videre korrespondanse viser hvordan Epstein, gjennom R\u00f8d-Larsen, bidro til \u00e5 hjelpe kvinnen med en visums\u00f8knad. <\/p>\n<p>P\u00e5 foresp\u00f8rsel sendte R\u00f8d-Larsen st\u00f8ttebrev til amerikanske myndigheter p\u00e5 vegne av kvinnen, b\u00e5de i 2015 og 2017. <\/p>\n<p>I brevene trakk han fram kvinnens ferdigheter, spr\u00e5kkunnskaper og varme personlighet, som han hadde observert under hennes opphold ved IPI. <\/p>\n<p>        NYE BILDER: Her blir den avd\u00f8de milliard\u00e6ren og overgriperen Jeffrey Epstein konfrontert i et intervju med Donald Trumps tidligere r\u00e5dgiver Steve Bannon. Videoklippet er en del av de nylig frigitte Epstein-filene fra det amerikanske justisdepartementet. <\/p>\n<p>&#8211; Ble lovet mange, mange ganger<\/p>\n<p>Kvinnen tilh\u00f8rte milj\u00f8et rundt Epstein og har bakgrunn som modell. Hun sier at hun er et av Epsteins ofre. Tidligere har hun <a href=\"https:\/\/www.dagbladet.no\/nyheter\/om-kjendisbilder-var-besatt\/84188413\" rel=\"nofollow noopener\" target=\"_blank\">omtalt den avd\u00f8de mangemilliard\u00e6ren som \u00abveldig sjarmerende, men manipulerende\u00bb overfor Dagbladet<\/a>. <\/p>\n<p>&#8211; Han framsto som en hyggelig person, men han levde et m\u00f8rkt dobbeltliv, har hun tidligere sagt. <\/p>\n<p>N\u00e5 forteller hun at dr\u00f8mmen hennes var \u00e5 jobbe for FN. <\/p>\n<p class=\"font-weight-bold m-font-weight-bold\" data-lab-font_weight=\"font-weight-bold\">&#8211; Og jeg ble lovet det. Mange, mange ganger sa Epstein at jeg skulle jobbe for FN sammen med Terje og ogs\u00e5 med Gates-stiftelsen. <\/p>\n<p>Hun forteller videre at en annen russisk kvinne, som ogs\u00e5 skal ha bakgrunn som modell og v\u00e6re blant Epsteins ofre, fikk et internship og seinere ble ansatt ved IPI. <\/p>\n<p>        HARDT V\u00c6R: Kronprinsesse Mette-Marit har v\u00e6rt i hardt v\u00e6r etter at hennes private samtaler med avd\u00f8de Jeffrey Epstein ble offentliggjort. N\u00e5 harselerer NRK-programmet med hendelsen. Video: \u00abHumoretaten\u00bb\/ NRK, Sanne Holt\/ R\u00f8d L\u00f8per<\/p>\n<p>Den russiske kvinnen understreker imidlertid at hun ikke \u00f8nsker \u00e5 snakke p\u00e5 vegne av andre kvinner, som den andre kvinnen, og at hun bare deler sin egen personlige historie. <\/p>\n<p>Utenriksdepartementet (UD) har tidligere bekreftet overfor <a href=\"https:\/\/www.dn.no\/jus\/utenriksdepartementet\/terje-rod-larsen\/jeffrey-epstein\/rod-larsen-hjalp-epstein-med-visum-til-russisk-eks-modell\/2-1-1937969\" rel=\"nofollow noopener\" target=\"_blank\">Dagens N\u00e6ringsliv<\/a> at Epstein selv engasjerte seg overfor konsulatet p\u00e5 et tidspunkt. <\/p>\n<p class=\"font-weight-bold m-font-weight-bold\" data-lab-font_weight=\"font-weight-bold\">&#8211; UD bekrefter at Epstein tok kontakt med konsulatet ved \u00e9n anledning for cirka 8 til 9 \u00e5r sida, i forbindelse med en mulig visums\u00f8knad for borger fra et tredjeland, sa seniorr\u00e5dgiver Astrid Sehl til avisa i 2019. <\/p>\n<p><a href=\"https:\/\/www.nrk.no\/urix\/slik-hjalp-rod-larsen-og-epstein-hverandre-med-rekruttering-1.17754499\" rel=\"nofollow noopener\" target=\"_blank\">NRK<\/a> har ogs\u00e5 omtalt saken. Via sin advokat er den ene kvinnen tydelig p\u00e5 \u00e9n ting: <\/p>\n<p>&#8211; Verken Terje R\u00f8d-Larsen eller IPI som institusjon var involvert i seksuelle overgrep eller utnyttelse av Epsteins ofre, sier hun til kanalen. <\/p>\n<p>Dagbladet har forel\u00f8pig ikke f\u00e5tt svar fra den ene kvinnens advokat. <\/p>\n<p>    <a itemprop=\"url\" href=\"https:\/\/www.dagbladet.no\/nyheter\/om-kjendisbilder-var-besatt\/84188413\" rel=\"nofollow noopener\" target=\"_blank\"><\/p>\n<p>        <img loading=\"lazy\" decoding=\"async\" src=\"https:\/\/www.europesays.com\/no\/wp-content\/uploads\/2026\/02\/1770757809_467_84188459.webp.webp\" width=\"147\" height=\"98\" title=\"Om kjendisbilder: - Var besatt\" alt=\"\" class=\"lazyload\" style=\"--aspect-ratio-image: 1.50; \"\/><\/p>\n<p>        Om kjendisbilder: &#8211; Var besatt <\/p>\n<p>    <\/a><\/p>\n<p>Varsel: \u00abUnge, ukvalifiserte kvinner\u00bb  <\/p>\n<p>Forrige uke ble det kjent at Riksadvokaten varslet FBI om unge kvinner ved R\u00f8d-Larsens tankesmie i 2019. Varselet bygget p\u00e5 opplysninger som en ansatt i UD hadde mottatt fra en ikke navngitt kvinnelig ansatt ved IPI. <\/p>\n<p>Den kvinnelige ansatte fortalte at hun flere ganger hadde blitt bedt om \u00e5 ta seg av unge kvinnelige traineer fra \u00d8st-Europa som oppholdt seg ved tankesmia i korte perioder. <\/p>\n<p>        NYTT KLIPP: Her blir den avd\u00f8de milliard\u00e6ren og overgriperen Jeffrey Epstein intervjuet av Donald Trumps tidligere r\u00e5dgiver Steve Bannon. Bannon og Epstein diskuterer blant annet hvordan sistnevnte fikk vite om finanskrisen i 2008. Reporter: Jostein Sletten \/ Dagbladet<\/p>\n<p class=\"font-weight-bold m-font-weight-bold\" data-lab-font_weight=\"font-weight-bold\">\u00abDisse traineene var alle unge, vakre kvinner, uten den n\u00f8dvendige utdanningen til \u00e5 arbeide ved tenketanken. De hadde et kort opphold ved IPI, hvor de ogs\u00e5 bes\u00f8kte FN-bygningen og ble tatt bilde av der. Disse bildene ble sendt til Mr. Epstein\u00bb, st\u00e5r det i notatet, som inng\u00e5r i det omfattende, offentliggjorte Epstein-materialet. <\/p>\n<p>    <a itemprop=\"url\" href=\"https:\/\/www.dagbladet.no\/nyheter\/fikk-varsel-mot-rod-larsen\/84200025\" rel=\"nofollow noopener\" target=\"_blank\"><\/p>\n<p>        <img loading=\"lazy\" decoding=\"async\" src=\"https:\/\/www.europesays.com\/no\/wp-content\/uploads\/2026\/02\/1770757809_212_84199995.webp.webp\" width=\"147\" height=\"98\" title=\"Fikk varsel mot R\u00f8d-Larsen\" alt=\"\" class=\"lazyload\" style=\"--aspect-ratio-image: 1.50; \"\/><\/p>\n<p>        Fikk varsel mot R\u00f8d-Larsen<\/p>\n<p>    <\/a><\/p>\n<p>H\u00f8yres stortingsrepresentant Ine Eriksen S\u00f8reide, som var utenriksminister p\u00e5 tidspunktet, har bekreftet at hun ble informert om et alvorlig varsel knyttet til tankesmia. <\/p>\n<p>UD videresendte varselet til Riksadvokaten, men <a href=\"https:\/\/www.dagbladet.no\/nyheter\/jeg-er-dypt-rystet\/84209868\" rel=\"nofollow noopener\" target=\"_blank\">S\u00f8reide erkjente mandag at departementet kunne ha igangsatt ytterligere unders\u00f8kelser av opplysningene og virksomheten ved IPI<\/a>. <\/p>\n<p class=\"font-weight-bold m-font-weight-bold\" data-lab-font_weight=\"font-weight-bold\">&#8211; N\u00e5r det gjelder ansettelser i IPI gikk alt gjennom Komiteen, hvor jeg ikke hadde sete, sier R\u00f8d-Larsen til <a href=\"https:\/\/www.dn.no\/politikk\/international-peace-institute\/jeffrey-epstein\/terje-rod-larsen\/jeffrey-epstein-var-involvert-da-ud-stottet-tankesmie-ansatte-praktikant\/2-1-1940826\" rel=\"nofollow noopener\" target=\"_blank\">DN<\/a>.<\/p>\n<p>Dagbladet har forelagt det som framkommer i denne saken for R\u00f8d-Larsens advokat, John Christian Elden, men forel\u00f8pig ikke f\u00e5tt svar.<\/p>\n<p>    <a itemprop=\"url\" href=\"https:\/\/www.dagbladet.no\/nyheter\/presses-alle-kort-pa-bordet\/84201225\" rel=\"nofollow noopener\" target=\"_blank\"><\/p>\n<p>        <img loading=\"lazy\" decoding=\"async\" src=\"https:\/\/www.europesays.com\/no\/wp-content\/uploads\/2026\/02\/1770757810_457_84203438.webp.webp\" width=\"147\" height=\"100\" title=\"Presses: - Alle kort p\u00e5 bordet\" alt=\"\" class=\"lazyload\" style=\"--aspect-ratio-image: 1.47; \"\/><\/p>\n<p>        Presses: &#8211; Alle kort p\u00e5 bordet<\/p>\n<p>    <\/a><\/p>\n<p>Tidligere FN-ambassad\u00f8r reagerte  <\/p>\n<p>Den russiske eksmodellen og tidligere IPI-ansatte kvinnen Dagbladet har snakket med, tegner et bilde av et n\u00e6rt forhold mellom Epstein og R\u00f8d-Larsen. <\/p>\n<p>&#8211; Terje var den eneste som fikk lov til \u00e5 ha alkohol i Epsteins hus. Det var en streng ikke-alkohol-policy for alle andre gjester, hevder hun. <\/p>\n<p class=\"font-weight-bold m-font-weight-bold\" data-lab-font_weight=\"font-weight-bold\">&#8211; Overordnet sett tror jeg Terje og Epstein var venner. Epstein brukte Terjes nettverk til \u00e5 m\u00f8te mektigere personer, s\u00e6rlig i FN-sammenheng. Terje hjalp ogs\u00e5 til med visumbrevet, fortsetter kvinnen. <\/p>\n<p>Morten Wetland, Norges FN-ambassad\u00f8r fra 2008 til 2012, sier at han opplevde en \u00abklar profilendring\u00bb ved IPI i perioden R\u00f8d-Larsen ledet tankesmia. <\/p>\n<p>        <img loading=\"lazy\" decoding=\"async\" src=\"https:\/\/www.europesays.com\/no\/wp-content\/uploads\/2026\/02\/1770757810_369_84215171.webp.webp\" width=\"667\" height=\"381\" title=\"STUSSET: Tidligere FN-ambassad\u00f8r Morten Wetland stusset over det som m\u00f8tte ham ved tankesmia IPI. Foto: Henning Lilleg\u00e5rd \/ Dagbladet\" alt=\"\" class=\"\" style=\"--aspect-ratio-image: 1.75; \"\/><\/p>\n<p>\n        STUSSET: Tidligere FN-ambassad\u00f8r Morten Wetland stusset over det som m\u00f8tte ham ved tankesmia IPI. Foto: Henning Lilleg\u00e5rd \/ Dagbladet\n    <\/p>\n<p class=\"font-weight-bold m-font-weight-bold\" data-lab-font_weight=\"font-weight-bold\">&#8211; I \u00f8kende grad ble man tatt imot av unge kvinner i modellkategorien. Med unge mener jeg under 30 \u00e5r. Jeg synes det er p\u00e5fallende at alle var flotte og fotogene, sier Wetland til Dagbladet. <\/p>\n<p>Samtidig understreker han at han ikke vil mistenkeliggj\u00f8re alle kvinner som jobbet der i perioden. <\/p>\n<p>&#8211; Noen av dem som har hatt trainee-opphold der borte, ville jeg ha ansatt selv. Ikke p\u00e5 grunn av hvordan de ser ut p\u00e5 bilder, men faglig sett. <\/p>\n<p>    <a itemprop=\"url\" href=\"https:\/\/www.dagbladet.no\/nyheter\/terje-rod-larsen-burde-vaert-pa-ullersmo\/84186310\" rel=\"nofollow noopener\" target=\"_blank\"><\/p>\n<p>        <img loading=\"lazy\" decoding=\"async\" src=\"https:\/\/www.europesays.com\/no\/wp-content\/uploads\/2026\/02\/1770757811_474_84187475.webp.webp\" width=\"147\" height=\"100\" title=\"- Har null respekt for R\u00f8d-Larsen\" alt=\"\" class=\"lazyload\" style=\"--aspect-ratio-image: 1.47; \"\/><\/p>\n<p>        &#8211; Har null respekt for R\u00f8d-Larsen<\/p>\n<p>    <\/a><\/p>\n<p> R\u00f8d-Larsen: &#8211; Burde v\u00e6rt mer kritisk<\/p>\n<p>R\u00f8d-Larsens advokat, Elden, sa mandag at de noterer seg \u00d8kokrim-siktelsen mot den tidligere toppdiplomaten, som gjelder korrupsjon i perioden 2011 til 2018. <\/p>\n<p>&#8211; R\u00f8d Larsen samarbeider fullt ut s\u00e5 langt det er mulig for ham, og f\u00f8ler seg sikker p\u00e5 at saken vil bli henlagt n\u00e5r faktum er kommet p\u00e5 plass i etterforskningen. Det er ikke naturlig for oss \u00e5 kommentere detaljer s\u00e5 lenge \u00d8kokrim har kontroll, sa Elden til Dagbladet. <\/p>\n<p class=\"font-weight-bold m-font-weight-bold\" data-lab-font_weight=\"font-weight-bold\">R\u00f8d-Larsen har tidligere uttalt gjennom advokaten at han er dypt lei seg for at han ikke var mer kritisk til Epstein. <\/p>\n<p>Mona Juul kjenner seg ikke igjen i korrupsjonssiktelsen. <\/p>\n<p>I 2018 kj\u00f8pte R\u00f8d-Larsen og kona Mona Juul en 335 kvadratmeter stor leilighet p\u00e5 Frogner i Oslo for 14 millioner kroner &#8211; langt under markedspris. Selgeren, tidligere skipsreder Morits Skaugen, mente selv markedsverdien var 25 millioner. <\/p>\n<p>        <img loading=\"lazy\" decoding=\"async\" src=\"https:\/\/www.europesays.com\/no\/wp-content\/uploads\/2026\/02\/1770757811_283_84215590.webp.webp\" width=\"667\" height=\"381\" title=\"R\u00d8VERKJ\u00d8P: Den aktuelle leiligheten befinner seg i denne blokka p\u00e5 Frogner i Oslo. Foto: J\u00f8rn H. Moen \/ Dagbladet\" alt=\"\" class=\"\" style=\"--aspect-ratio-image: 1.75; \"\/><\/p>\n<p>\n        R\u00d8VERKJ\u00d8P: Den aktuelle leiligheten befinner seg i denne blokka p\u00e5 Frogner i Oslo. Foto: J\u00f8rn H. Moen \/ Dagbladet\n    <\/p>\n<p>I Epstein-dokumentene er det mailutveksling som viser hvordan den d\u00f8mte og avd\u00f8de seksualforbryteren tilsynelatende presset Skaugen til \u00e5 selge leilighet til R\u00f8d-Larsen billigere enn markedspris. <\/p>\n<p>Det er ogs\u00e5 kommet fram at Epstein \u00f8nsket \u00e5 gi R\u00f8d-Larsen og Juuls to barn 5 millioner dollar hver n\u00e5r han d\u00f8de. Barna var tilgodesett i testamentet hans som ble undertegnet to dager f\u00f8r han d\u00f8de. <\/p>\n<p>R\u00f8d-Larsen og Juul har sagt at de ikke var kjent med denne tilgodesettelsen f\u00f8r den ble omtalt av media. <\/p>\n<p>    <a itemprop=\"url\" href=\"https:\/\/www.dagbladet.no\/nyheter\/snoskredet-har-gatt\/84213446\" rel=\"nofollow noopener\" target=\"_blank\"><\/p>\n<p>        <img loading=\"lazy\" decoding=\"async\" src=\"https:\/\/www.europesays.com\/no\/wp-content\/uploads\/2026\/02\/1770757812_999_84214539.webp.webp\" width=\"147\" height=\"98\" title=\"- Sn\u00f8skredet har g\u00e5tt\" alt=\"\" class=\"lazyload\" style=\"--aspect-ratio-image: 1.50; \"\/><\/p>\n<p>        &#8211; Sn\u00f8skredet har g\u00e5tt<\/p>\n<p>    <\/a><\/p>\n","protected":false},"excerpt":{"rendered":"&#8211; Herregud, wow, sier hun om utviklingen til Dagbladet. Kvinnen figurerer hyppig i de offentliggjorte Epstein-dokumentene. I 2012&hellip;\n","protected":false},"author":2,"featured_media":160013,"comment_status":"","ping_status":"","sticky":false,"template":"","format":"standard","meta":{"footnotes":"","_share_on_mastodon":"0"},"categories":[12],"tags":[20,21,24,25,15,4231,479,22,23,17215,13,30,28,29,14,16,16999,26,27,42,43,44,45],"class_list":["post-160012","post","type-post","status-publish","format-standard","has-post-thumbnail","category-verden","tag-breaking-news","tag-breakingnews","tag-featured-news","tag-featurednews","tag-headlines","tag-kidnapping","tag-kjendis","tag-latest-news","tag-latestnews","tag-nancy-guthrie","tag-news","tag-no","tag-norge","tag-norway","tag-nyheter","tag-overskrifter","tag-savannah-guthrie","tag-top-stories","tag-topstories","tag-verden","tag-world","tag-world-news","tag-worldnews"],"share_on_mastodon":{"url":"https:\/\/pubeurope.com\/@no\/116048391365815240","error":""},"_links":{"self":[{"href":"https:\/\/www.europesays.com\/no\/wp-json\/wp\/v2\/posts\/160012","targetHints":{"allow":["GET"]}}],"collection":[{"href":"https:\/\/www.europesays.com\/no\/wp-json\/wp\/v2\/posts"}],"about":[{"href":"https:\/\/www.europesays.com\/no\/wp-json\/wp\/v2\/types\/post"}],"author":[{"embeddable":true,"href":"https:\/\/www.europesays.com\/no\/wp-json\/wp\/v2\/users\/2"}],"replies":[{"embeddable":true,"href":"https:\/\/www.europesays.com\/no\/wp-json\/wp\/v2\/comments?post=160012"}],"version-history":[{"count":0,"href":"https:\/\/www.europesays.com\/no\/wp-json\/wp\/v2\/posts\/160012\/revisions"}],"wp:featuredmedia":[{"embeddable":true,"href":"https:\/\/www.europesays.com\/no\/wp-json\/wp\/v2\/media\/160013"}],"wp:attachment":[{"href":"https:\/\/www.europesays.com\/no\/wp-json\/wp\/v2\/media?parent=160012"}],"wp:term":[{"taxonomy":"category","embeddable":true,"href":"https:\/\/www.europesays.com\/no\/wp-json\/wp\/v2\/categories?post=160012"},{"taxonomy":"post_tag","embeddable":true,"href":"https:\/\/www.europesays.com\/no\/wp-json\/wp\/v2\/tags?post=160012"}],"curies":[{"name":"wp","href":"https:\/\/api.w.org\/{rel}","templated":true}]}}