{"id":160146,"date":"2026-02-10T23:35:17","date_gmt":"2026-02-10T23:35:17","guid":{"rendered":"https:\/\/www.europesays.com\/no\/160146\/"},"modified":"2026-02-10T23:35:17","modified_gmt":"2026-02-10T23:35:17","slug":"kultur-barn-og-ungdom-haper-a-lokke-med-gratis-kino","status":"publish","type":"post","link":"https:\/\/www.europesays.com\/no\/160146\/","title":{"rendered":"Kultur, Barn og ungdom | H\u00e5per \u00e5 lokke med gratis kino"},"content":{"rendered":"\n<p>Gratis kino for ungdom er et nytt tilbud p\u00e5 Egersund kino og kulturhus. Forel\u00f8pig er planen \u00e5 sette opp gratisfilmer fire fredager i \u00e5ret.<\/p>\n<p>F\u00f8rste visning n\u00e6rmer seg. Allerede fredag 20. februar p\u00e5 kveldstid blir det gratisfilm for ungdom fra 9. trinn til og med 3. videreg\u00e5ende. Filmen avsl\u00f8res f\u00f8rst i neste uke, men de ansatte p\u00e5 kulturkontoret i Eigersund kommune kan r\u00f8pe at det er snakk om en spenningsfilm.<\/p>\n<p>\u2013 Drammen kino har gjort dette her, med stor suksess. S\u00e5 vi tenkte \u00e5 pr\u00f8ve noe lignende selv. Vi sliter jo litt med \u00e5 f\u00e5 tak i disse ungdommene. Men dette handler f\u00f8rst og fremst om \u00e5 gi dem et tilbud \u2013 et gratis og kjekt tilbud, sier kulturhussjef Kari Reianes Spangen.<\/p>\n<p>\u2013 S\u00e5 f\u00e5r vi introdusere dem for kino og kulturhuset, og skape en m\u00f8teplass for ungdom. Jeg tror det kommer til \u00e5 bli skikkelig bra, sier kulturkonsulent Line Rak Haugen.<\/p>\n<p>Fredager er foretrukket kinodag<\/p>\n<p>Erfaringene fra Drammens gratistilbud for ungdom er veldig gode, if\u00f8lge Reianes Spangen og Rak Haugen. Drammen og Egersund er ikke sammenlignbare byer p\u00e5 st\u00f8rrelse, men de har tro p\u00e5 at gratis kino vil treffe uansett.<\/p>\n<p>Valget er fredager som en god kinodag, er ogs\u00e5 basert p\u00e5 innspill fra ungdom i Drammen.<\/p>\n<p>\u2013 Det er mange som driver med andre ting i ukedagene, mens fredagene kanskje er mer fri for ungdommene, tror Reianes Spangen.<\/p>\n<p>Gratisbillettene skal kunne hentes ut p\u00e5 nett, og n\u00e5r ungdommene kommer p\u00e5 kinoen, skal de krysse av p\u00e5 hvilken skole og hvilket trinn de g\u00e5r p\u00e5. Slik skal de ansatte s\u00f8rge for \u00e5 ha kontroll p\u00e5 at gratisbillettene g\u00e5r til den rette gruppa.<\/p>\n<p>\u2013 Ungdom begynner \u00e5 komme tilbake<\/p>\n<p>Kinobillettsalget til ungdom hadde begynt \u00e5 g\u00e5 ned allerede f\u00f8r covid-19-pandemien. S\u00e5 har det heller ikke blitt bedre etter pandemien, forteller kulturhussjefen.<\/p>\n<p>\u2013 Men det er en trend at det salget p\u00e5 vei opp igjen; at ungdom begynner \u00e5 komme tilbake til kinoen. Det er veldig positivt, og vi h\u00e5per at dette kan hjelpe enda litt mer, sier Reianes Spangen.<\/p>\n<p>De vet godt at mange ser film p\u00e5 store skjermer hjemme.<\/p>\n<p>\u2013 Men det er noe ogs\u00e5 med den sosiale biten p\u00e5 kino, som vi pr\u00f8ver f\u00e5 til her, avslutter hun.<\/p>\n<p>  <a href=\"https:\/\/www.dalane-tidende.no\/5-101-835790\" class=\"related-teaser has-image default-story-teaser article--c-eRUmMG article--c-eRUmMG-jKCPdD-design-default\" rel=\"nofollow noopener\" target=\"_blank\"><\/p>\n<p>    <img decoding=\"async\" loading=\"lazy\"  src=\"https:\/\/www.europesays.com\/no\/wp-content\/uploads\/2026\/02\/Ung+pike+med+maske.jpg\" alt=\"\" class=\"brick-c-cFOWSL\" style=\"\"\/><\/p>\n<p>\n            Les ogs\u00e5<\/p>\n<p>              Derfor kan du n\u00e5 se en maskert \u00abUng pike\u00bb utenfor r\u00e5dhuset\n        <\/p>\n<p>  <\/a><\/p>\n<p>  <a href=\"https:\/\/www.dalane-tidende.no\/5-101-834338\" class=\"related-teaser has-image default-story-teaser article--c-eRUmMG article--c-eRUmMG-jKCPdD-design-default\" rel=\"nofollow noopener\" target=\"_blank\"><\/p>\n<p>    <img decoding=\"async\" loading=\"lazy\"  src=\"https:\/\/www.europesays.com\/no\/wp-content\/uploads\/2026\/02\/1770766516_613_Dalane+Bluesfestival+14+%281%29.jpg\" alt=\"\" class=\"brick-c-cFOWSL\" style=\"\"\/><\/p>\n<p>\n            Les ogs\u00e5<\/p>\n<p>              Tre av artistene til bluesfestivalen er klare: \u2013\u00a0Egersund skal dampe av god musikk igjen\n        <\/p>\n<p>  <\/a><\/p>\n<p>  <a href=\"https:\/\/www.dalane-tidende.no\/5-101-834012\" class=\"related-teaser has-image default-story-teaser article--c-eRUmMG article--c-eRUmMG-jKCPdD-design-default\" rel=\"nofollow noopener\" target=\"_blank\"><\/p>\n<p>    <img decoding=\"async\" loading=\"lazy\"  src=\"https:\/\/www.europesays.com\/no\/wp-content\/uploads\/2026\/02\/1770325090_214_Bilde+1.jpg\" alt=\"\" class=\"brick-c-cFOWSL\" style=\"\"\/><\/p>\n<p>\n            Les ogs\u00e5<\/p>\n<p>              Opptatt av \u00e5 fremme talenter: Kaja (18) og Felix (10) skal \u00e5pne for Eirik Zakariassen under konsert i hjembyen\n        <\/p>\n<p>  <\/a><\/p>\n","protected":false},"excerpt":{"rendered":"Gratis kino for ungdom er et nytt tilbud p\u00e5 Egersund kino og kulturhus. Forel\u00f8pig er planen \u00e5 sette&hellip;\n","protected":false},"author":2,"featured_media":160147,"comment_status":"","ping_status":"","sticky":false,"template":"","format":"standard","meta":{"footnotes":"","_share_on_mastodon":"0"},"categories":[58],"tags":[36,9956,5978,88,71,410,30,28,29,2208,1510,72],"class_list":["post-160146","post","type-post","status-publish","format-standard","has-post-thumbnail","category-underholdning","tag-art","tag-barn-og-ungdom","tag-egersund","tag-eigersund","tag-entertainment","tag-kultur","tag-no","tag-norge","tag-norway","tag-oppvekst","tag-story","tag-underholdning"],"share_on_mastodon":{"url":"https:\/\/pubeurope.com\/@no\/116048961428042273","error":""},"_links":{"self":[{"href":"https:\/\/www.europesays.com\/no\/wp-json\/wp\/v2\/posts\/160146","targetHints":{"allow":["GET"]}}],"collection":[{"href":"https:\/\/www.europesays.com\/no\/wp-json\/wp\/v2\/posts"}],"about":[{"href":"https:\/\/www.europesays.com\/no\/wp-json\/wp\/v2\/types\/post"}],"author":[{"embeddable":true,"href":"https:\/\/www.europesays.com\/no\/wp-json\/wp\/v2\/users\/2"}],"replies":[{"embeddable":true,"href":"https:\/\/www.europesays.com\/no\/wp-json\/wp\/v2\/comments?post=160146"}],"version-history":[{"count":0,"href":"https:\/\/www.europesays.com\/no\/wp-json\/wp\/v2\/posts\/160146\/revisions"}],"wp:featuredmedia":[{"embeddable":true,"href":"https:\/\/www.europesays.com\/no\/wp-json\/wp\/v2\/media\/160147"}],"wp:attachment":[{"href":"https:\/\/www.europesays.com\/no\/wp-json\/wp\/v2\/media?parent=160146"}],"wp:term":[{"taxonomy":"category","embeddable":true,"href":"https:\/\/www.europesays.com\/no\/wp-json\/wp\/v2\/categories?post=160146"},{"taxonomy":"post_tag","embeddable":true,"href":"https:\/\/www.europesays.com\/no\/wp-json\/wp\/v2\/tags?post=160146"}],"curies":[{"name":"wp","href":"https:\/\/api.w.org\/{rel}","templated":true}]}}