{"id":160861,"date":"2026-02-11T19:37:12","date_gmt":"2026-02-11T19:37:12","guid":{"rendered":"https:\/\/www.europesays.com\/no\/160861\/"},"modified":"2026-02-11T19:37:12","modified_gmt":"2026-02-11T19:37:12","slug":"julia-simon-om-ol-gull-etter-svindeldommen","status":"publish","type":"post","link":"https:\/\/www.europesays.com\/no\/160861\/","title":{"rendered":"Julia Simon om OL-gull etter svindeldommen"},"content":{"rendered":"\n<p class=\"_lead_o9xde_2 _lead_6fko5_53 layout-component text-serif-m layout-normal text-serif-l layout-component layout-wide layout-padded _wide_17hqh_1 layout-padded\">I h\u00f8st ble hun d\u00f8mt til betinget fengsel og utestengt fra idretten. Onsdag tok Julia Simon et nytt OL-gull. <\/p>\n<p><img alt=\"KLAPP IGJEN: Julia Simon med klar beskjed til en fransk journalist etter sin seier p\u00e5 onsdagens normaldistanse. Foto: Matthew Childs \/ Reuters \/ NTB\" class=\"_image_qp4xg_65 layout-component layout-wide\" data-fullscreen- data-track-element-type=\"Article image fullscreen\" data-track-name=\"ImageFullscreen\" fetchpriority=\"high\" decoding=\"sync\" loading=\"eager\" height=\"1383\" itemprop=\"image\"  src=\"https:\/\/www.europesays.com\/no\/wp-content\/uploads\/2026\/02\/8b46dfe4-a27e-4d8f-9d8d-41c305ab179c.png\"  style=\"object-position:0% 0%\" width=\"2136\"\/>KLAPP IGJEN: Julia Simon med klar beskjed til en fransk journalist etter sin seier p\u00e5 onsdagens normaldistanse. Foto: Matthew Childs \/ Reuters \/ NTB<\/p>\n<ul aria-hidden=\"true\" class=\"_images_ntbth_112\">\n<li><a class=\"_link_ntbth_117\" href=\"https:\/\/www.vg.no\/forfatter\/jens-friberg\" style=\"z-index:1\" title=\"Jens Friberg\" rel=\"nofollow noopener\" target=\"_blank\"><img alt=\"Bilde av Jens Friberg\" class=\"_image_ntbth_93\" fetchpriority=\"low\" loading=\"lazy\" decoding=\"async\" itemprop=\"image\"  src=\"https:\/\/www.europesays.com\/no\/wp-content\/uploads\/2026\/02\/1770838632_309_d5a4433c-4b68-4c86-a3bf-a19d98457272.jpeg\"  width=\"480\"\/><\/a><\/li>\n<\/ul>\n<p>Rapporterer fra Anterselva Oppdatert onsdag 11. februar kl. 18:08     <\/p>\n<p class=\"_paragraph_o9xde_4 _paragraph_6fko5_10 layout-component text-serif-m layout-normal text-serif-m layout-padded\">\u2013 Jeg la all min energi i dette m\u00e5let. Det var vanskelige m\u00e5neder, men jeg er veldig stolt av meg selv og i dag var en stor dag for meg, sier Simon p\u00e5 pressekonferansen etter rennet.<\/p>\n<p class=\"_paragraph_o9xde_4 _paragraph_6fko5_10 layout-component text-serif-m layout-normal text-serif-m layout-padded\">I oktober erkjente hun \u00e5 ha svindlet lagvenninne Justine Bresaiz-Bouchet med hennes kredittkort.<\/p>\n<p class=\"_paragraph_o9xde_4 _paragraph_6fko5_10 layout-component text-serif-m layout-normal text-serif-m layout-padded\">Det f\u00f8rte til tre m\u00e5neders betinget fengsel, en saftig bot \u2013 og en m\u00e5ned utestengelse fra idretten.<\/p>\n<p class=\"_paragraph_o9xde_4 _paragraph_6fko5_10 layout-component text-serif-m layout-normal text-serif-m layout-padded\">Onsdag gikk hun helt til topps p\u00e5 kvinnenes normaldistanse her i Anterselva. Det var hennes andre gull p\u00e5 fire dager, etter s\u00f8ndagens triumf i blandet stafett.<\/p>\n<p class=\"_paragraph_o9xde_4 _paragraph_6fko5_10 layout-component text-serif-m layout-normal text-serif-m layout-padded\">Etterp\u00e5 handlet mye om alt det som har sirkulert rundt det franske landsalget. <\/p>\n<p class=\"_paragraph_o9xde_4 _paragraph_6fko5_10 layout-component text-serif-m layout-normal text-serif-m layout-padded\">\u2013 Jeg har ikke mer \u00e5 si, sier Simon selv om de siste m\u00e5nedene.<\/p>\n<p class=\"_paragraph_o9xde_4 _paragraph_6fko5_10 layout-component text-serif-m layout-normal text-serif-m layout-padded\">Det var en annen som skulle klappe igjen ogs\u00e5, i alle fall om vi skal tro Simon.<\/p>\n<p class=\"_paragraph_o9xde_4 _paragraph_6fko5_10 layout-component text-serif-m layout-normal text-serif-m layout-padded\">Hun hysjet over m\u00e5lstreken. Gesten var til en journalist i den dominerende franske sportsavisen L&#8217;\u00c9quipe.<\/p>\n<p class=\"_paragraph_o9xde_4 _paragraph_6fko5_10 layout-component text-serif-m layout-normal text-serif-m layout-padded\">\u2013 Det var mot en fransk journalist. Jeg leste <a href=\"https:\/\/www.lequipe.fr\/Biathlon\/Article\/-je-reste-ebahi-par-sa-capacite-mentale-de-l-affaire-de-la-fraude-a-la-carte-bleue-au-titre-olympique-en-relais-en-attendant-l-individuel-l-hiver-interminable-de-julia-simon\/1641029\" class=\"_link_o9xde_39\" rel=\"nofollow noopener\" target=\"_blank\">en artikkel<\/a> her om dagen. Han skrev veldig d\u00e5rlige ting om meg. Jeg ville vise ham at jeg har sett hva han har skrevet, og at han skal holde kjeft og skrive om sport i stedet, sier Simon til <a href=\"https:\/\/www.aftonbladet.se\/sportbladet\/a\/y54gXx\/julia-simon-hyschade-nar-hon-gick-i-mal-ska-halla-kaften\" class=\"_link_o9xde_39\" rel=\"nofollow noopener\" target=\"_blank\">Aftonbladet<\/a>.<\/p>\n<p class=\"_paragraph_o9xde_4 _paragraph_6fko5_10 layout-component text-serif-m layout-normal text-serif-m layout-padded\">\u2013 Vi hadde en prat, s\u00e5 jeg vil ikke si noe mer om det. Det er over n\u00e5, sier Simon senere.<\/p>\n<p class=\"_paragraph_o9xde_4 _paragraph_6fko5_10 layout-component text-serif-m layout-normal text-serif-m layout-padded\">Sp\u00f8rsm\u00e5let mange ogs\u00e5 stilte, var hvordan det var mulig \u00e5 ta OL-gull etter alt som har skjedd.<\/p>\n<p>Og her er nettopp alt som har skjedd:<\/p>\n<p class=\"_paragraph_o9xde_4 _paragraph_6fko5_10 _paragraph_16v91_10 layout-component text-serif-m layout-normal text-sans-m layout-padded\">* <strong class=\"_strong_o9xde_25\">August 2022:<\/strong> Som regjerende verdenscupvinner svindler Simon landslagsvenninnen og OL-mesteren Justine Braisaz-Bouchet mens de begge deltar p\u00e5 Blinkfestivalen i Sandnes. Det gj\u00f8r hun etter \u00e5 ha stj\u00e5let kredittkortet hennes og brukt det til \u00e5 kj\u00f8pe varer p\u00e5 nettet for mange tusen kroner.<\/p>\n<p class=\"_paragraph_o9xde_4 _paragraph_6fko5_10 _paragraph_16v91_10 layout-component text-serif-m layout-normal text-sans-m layout-padded\">*<strong class=\"_strong_o9xde_25\"> Forsommeren 2023<\/strong>: Braisaz-Bouchet anmelder Simon. Saken tas opp i disiplin\u00e6rkomiteen i Frankrikes skiforbund, som bestemmer seg for \u00e5 vente p\u00e5 politiets etterforskning.<\/p>\n<p class=\"_paragraph_o9xde_4 _paragraph_6fko5_10 _paragraph_16v91_10 layout-component text-serif-m layout-normal text-sans-m layout-padded\">*<strong class=\"_strong_o9xde_25\"> Juli 2023<\/strong>: Saken sprekker i franske medier og omtales som \u00aben skandale i skiskytterverdenen\u00bb.<\/p>\n<p class=\"_paragraph_o9xde_4 _paragraph_6fko5_10 _paragraph_16v91_10 layout-component text-serif-m layout-normal text-sans-m layout-padded\">* <strong class=\"_strong_o9xde_25\">24. oktober 2023<\/strong>: Simon p\u00e5gripes og tas inn til avh\u00f8r. Hun tilbakeviser anklagene og l\u00f8slates etter kort tid. Etterforskningen fortsetter.<\/p>\n<p class=\"_paragraph_o9xde_4 _paragraph_6fko5_10 _paragraph_16v91_10 layout-component text-serif-m layout-normal text-sans-m layout-padded\">*<strong class=\"_strong_o9xde_25\"> Vinteren 2023\/24<\/strong>: Simon g\u00e5r sesongen som normalt og tar fire gull i VM (to av dem p\u00e5 lag med Braisaz-Bouchet).<\/p>\n<p class=\"_paragraph_o9xde_4 _paragraph_6fko5_10 _paragraph_16v91_10 layout-component text-serif-m layout-normal text-sans-m layout-padded\"><strong class=\"_strong_o9xde_25\">* 24. oktober 202<\/strong>5: I retten erkjenner Simon overraskende alle de faktiske forholdene i saken. Hun m\u00e5 svare for fem ulike tiltalepunkter. Det kommer fram at hun ogs\u00e5 svindlet en fysioterapeut p\u00e5 landslaget. Samme dag d\u00f8mmes Simon til tre m\u00e5neders betinget fengsel og en bot p\u00e5 15.000 euro (175.000 kroner).<\/p>\n<p class=\"_paragraph_o9xde_4 _paragraph_6fko5_10 _paragraph_16v91_10 layout-component text-serif-m layout-normal text-sans-m layout-padded\">* Disiplin\u00e6rkomiteen i Frankrikes skiforbund meddeler at den \u00abvil m\u00f8tes s\u00e5 snart det er mulig for \u00e5 avgj\u00f8re forbundets disiplin\u00e6rtiltak\u00bb.<\/p>\n<p class=\"_paragraph_o9xde_4 _paragraph_6fko5_10 _paragraph_16v91_10 layout-component text-serif-m layout-normal text-sans-m layout-padded\">* <strong class=\"_strong_o9xde_25\">6. november 2025<\/strong>: Simon ble av disiplin\u00e6rkomiteen utestengt fra trening og konkurranser i seks m\u00e5neder, men fem m\u00e5neder av straffen gj\u00f8res betinget. Hun m\u00e5 ogs\u00e5 betale 15.000 euro som skal g\u00e5 til ungdomsarbeid.<\/p>\n<p class=\"_paragraph_o9xde_4 _paragraph_6fko5_10 _paragraph_16v91_10 layout-component text-serif-m layout-normal text-sans-m layout-padded\">Fakta: NTB<\/p>\n<p>Vis mer<\/p>\n<p class=\"_paragraph_o9xde_4 _paragraph_6fko5_10 layout-component text-serif-m layout-normal text-serif-m layout-padded\">\u2013 Jeg fokuserer bare p\u00e5 idretten. Det er familien min, treneren min og vennene mine som har hjulpet meg \u00e5 komme hit jeg er i dag. <\/p>\n<p class=\"_paragraph_o9xde_4 _paragraph_6fko5_10 layout-component text-serif-m layout-normal text-serif-m layout-padded\">\u2013 Jeg er en bedre skiskytter n\u00e5. Jeg er en bedre skytter og er ogs\u00e5 mer t\u00e5lmodig p\u00e5 ski. Det er derfor jeg klarte \u00e5 vinne i dag, sier Julia Simon.<\/p>\n<p class=\"_paragraph_o9xde_4 _paragraph_6fko5_10 layout-component text-serif-m layout-normal text-serif-m layout-padded\">Hun er god venninne med Ingrid Landmark Tandrevold, som selv kom p\u00e5 71. plass p\u00e5 onsdagens normaldistanse.<\/p>\n<p class=\"_paragraph_o9xde_4 _paragraph_6fko5_10 layout-component text-serif-m layout-normal text-serif-m layout-padded\">\u2013 Jeg er bare utrolig imponert over de franske jentene. De er et utrolig sterkt lag. De r\u00f8per ikke s\u00e5 mye om hva de gj\u00f8r, men hva er de gj\u00f8r, liksom? Julia er en kvinne for de store anledningene, sier hun.<\/p>\n","protected":false},"excerpt":{"rendered":"I h\u00f8st ble hun d\u00f8mt til betinget fengsel og utestengt fra idretten. Onsdag tok Julia Simon et nytt&hellip;\n","protected":false},"author":2,"featured_media":160862,"comment_status":"","ping_status":"","sticky":false,"template":"","format":"standard","meta":{"footnotes":"","_share_on_mastodon":"0"},"categories":[59],"tags":[11575,9742,30,28,29,10469,769,83,82],"class_list":["post-160861","post","type-post","status-publish","format-standard","has-post-thumbnail","category-sport","tag-ingrid-landmark-tandrevold","tag-julia-simon","tag-no","tag-norge","tag-norway","tag-ol-2026","tag-skiskyting","tag-sport","tag-sports"],"share_on_mastodon":{"url":"https:\/\/pubeurope.com\/@no\/116053688002891839","error":""},"_links":{"self":[{"href":"https:\/\/www.europesays.com\/no\/wp-json\/wp\/v2\/posts\/160861","targetHints":{"allow":["GET"]}}],"collection":[{"href":"https:\/\/www.europesays.com\/no\/wp-json\/wp\/v2\/posts"}],"about":[{"href":"https:\/\/www.europesays.com\/no\/wp-json\/wp\/v2\/types\/post"}],"author":[{"embeddable":true,"href":"https:\/\/www.europesays.com\/no\/wp-json\/wp\/v2\/users\/2"}],"replies":[{"embeddable":true,"href":"https:\/\/www.europesays.com\/no\/wp-json\/wp\/v2\/comments?post=160861"}],"version-history":[{"count":0,"href":"https:\/\/www.europesays.com\/no\/wp-json\/wp\/v2\/posts\/160861\/revisions"}],"wp:featuredmedia":[{"embeddable":true,"href":"https:\/\/www.europesays.com\/no\/wp-json\/wp\/v2\/media\/160862"}],"wp:attachment":[{"href":"https:\/\/www.europesays.com\/no\/wp-json\/wp\/v2\/media?parent=160861"}],"wp:term":[{"taxonomy":"category","embeddable":true,"href":"https:\/\/www.europesays.com\/no\/wp-json\/wp\/v2\/categories?post=160861"},{"taxonomy":"post_tag","embeddable":true,"href":"https:\/\/www.europesays.com\/no\/wp-json\/wp\/v2\/tags?post=160861"}],"curies":[{"name":"wp","href":"https:\/\/api.w.org\/{rel}","templated":true}]}}