{"id":161070,"date":"2026-02-12T00:29:11","date_gmt":"2026-02-12T00:29:11","guid":{"rendered":"https:\/\/www.europesays.com\/no\/161070\/"},"modified":"2026-02-12T00:29:11","modified_gmt":"2026-02-12T00:29:11","slug":"mange-kan-laere-av-trolos-olympier-adressa-no","status":"publish","type":"post","link":"https:\/\/www.europesays.com\/no\/161070\/","title":{"rendered":"Mange kan l\u00e6re av trol\u00f8s olympier &#8211; adressa.no"},"content":{"rendered":"<ol>\n<li><a href=\"https:\/\/news.google.com\/rss\/articles\/CBMifkFVX3lxTE5DMERKT3M1Z1VkQTNFNkxQYklNbEtwRVQwYUNXaVRZSHpNREFUcGllQ2JhTEpLZUJZSktPVzJpRUhLc2pLd2dsYVpMRUJ6V3VtSUZCa3lFSDdQeUtQcDlENF8wUEF5WHA1d1o3QnVIeEdmenVzY0NJVjlDUDVsZw?oc=5\" target=\"_blank\" rel=\"nofollow noopener\">Mange kan l\u00e6re av trol\u00f8s olympier<\/a>&nbsp;&nbsp;adressa.no<\/li>\n<li><a href=\"https:\/\/news.google.com\/rss\/articles\/CBMinwFBVV95cUxPWmJ4d0RzeHlWLXFuRFFXUVMtcW50dDFaVVczZ3NHRWdiVjBzenRORVF4bjZsVDQzR2JBaXRmUXRxeVhnMVFpOU9lTk5waVR0ZTItZ0FXSEkwUzFJU2JUREZIbkY2VV90SnFRV25STm54T2syb1l6YWptNzc2eHlnV3NoWEFqQTh1anZVOW5KdUpmVkJ4RmxrUUtqMTJSVTQ?oc=5\" target=\"_blank\" rel=\"nofollow noopener\">Ekskj\u00e6resten etter L\u00e6greid-melding: \u2013\u2060 Vondt \u00e5 m\u00e5tte st\u00e5 i<\/a>&nbsp;&nbsp;VG<\/li>\n<li><a href=\"https:\/\/news.google.com\/rss\/articles\/CBMiuwFBVV95cUxOeHU2cWdGQXlwNkxReWUyVTNVUHplb2tSSk5NSTdoeGhSaktKWkFlYzlmOVdlZnlaN3A0S3VzOUtfSi1PRTJVOUV6WDlHYUlDNDI1Y1RtbnNsb0UyNjQxN3JjUTlVZUdxQ2FWT2d0QkVBSHZ1b292Zm1OM2RUbVkwVUpYcXdCXzBKLXotcW9MNE1uaWVkUWpGaVhhMEVFWmxXTkh3WDg0QzNuM0NMRGNIMDd4TjNVWm53Z2hv?oc=5\" target=\"_blank\" rel=\"nofollow noopener\">Sturla Holm L\u00e6greid beklager etter utro-uttalelsen: \u2013 Jeg h\u00e5per det g\u00e5r bra med henne \u2013 OL Cortina Milano 2026<\/a>&nbsp;&nbsp;NRK<\/li>\n<li><a href=\"https:\/\/news.google.com\/rss\/articles\/CBMibkFVX3lxTE1FeFRJLWIta3dZZEtvSjhxNExyRHd3ZWxWX3lxR283VVc1QW1WRWlxYU56aXd6X2d1c3pfeXRhUURTOFprNkVLTVZkV0xpdG5CSjNfM1pWV3dYaXhDYWl5MzRtVlR4UzdOamcwd1Rn?oc=5\" target=\"_blank\" rel=\"nofollow noopener\">Rykker ut med melding<\/a>&nbsp;&nbsp;Dagbladet<\/li>\n<li><a href=\"https:\/\/news.google.com\/rss\/articles\/CBMid0FVX3lxTFBoQVVDM2x0RURTWFd1ZktXbWkyTHc4alpEZURZNnE3X0JadVZ5bjJVQWlTc2tVR1BuTVN0RFBITHdXRnNqTjFPZ1lZdWJidFZYeF82dHVsRkxfTVV6UTRjM1k3Tl8xYkQwa29qVzE4bU1WM2QzLXVV?oc=5\" target=\"_blank\" rel=\"nofollow noopener\">Freser mot L\u00e6greids utro-utspill<\/a>&nbsp;&nbsp;TV2.no<\/li>\n<\/ol>\n","protected":false},"excerpt":{"rendered":"Mange kan l\u00e6re av trol\u00f8s olympier&nbsp;&nbsp;adressa.no Ekskj\u00e6resten etter L\u00e6greid-melding: \u2013\u2060 Vondt \u00e5 m\u00e5tte st\u00e5 i&nbsp;&nbsp;VG Sturla Holm L\u00e6greid&hellip;\n","protected":false},"author":2,"featured_media":161071,"comment_status":"","ping_status":"","sticky":false,"template":"","format":"standard","meta":{"footnotes":"","_share_on_mastodon":"0"},"categories":[5],"tags":[20,21,24,25,15,19,13808,10686,760,22,23,17,18,13,30,28,29,787,14,10469,16,5431,769,676,26,27],"class_list":["post-161070","post","type-post","status-publish","format-standard","has-post-thumbnail","category-overskrifter","tag-breaking-news","tag-breakingnews","tag-featured-news","tag-featurednews","tag-headlines","tag-hovedoppslag","tag-kari-hovde","tag-kjaerlighet","tag-kommentarer","tag-latest-news","tag-latestnews","tag-main-news","tag-mainnews","tag-news","tag-no","tag-norge","tag-norway","tag-nrk","tag-nyheter","tag-ol-2026","tag-overskrifter","tag-samliv","tag-skiskyting","tag-sturla-holm-laegreid","tag-top-stories","tag-topstories"],"share_on_mastodon":{"url":"https:\/\/pubeurope.com\/@no\/116054836149269505","error":""},"_links":{"self":[{"href":"https:\/\/www.europesays.com\/no\/wp-json\/wp\/v2\/posts\/161070","targetHints":{"allow":["GET"]}}],"collection":[{"href":"https:\/\/www.europesays.com\/no\/wp-json\/wp\/v2\/posts"}],"about":[{"href":"https:\/\/www.europesays.com\/no\/wp-json\/wp\/v2\/types\/post"}],"author":[{"embeddable":true,"href":"https:\/\/www.europesays.com\/no\/wp-json\/wp\/v2\/users\/2"}],"replies":[{"embeddable":true,"href":"https:\/\/www.europesays.com\/no\/wp-json\/wp\/v2\/comments?post=161070"}],"version-history":[{"count":0,"href":"https:\/\/www.europesays.com\/no\/wp-json\/wp\/v2\/posts\/161070\/revisions"}],"wp:featuredmedia":[{"embeddable":true,"href":"https:\/\/www.europesays.com\/no\/wp-json\/wp\/v2\/media\/161071"}],"wp:attachment":[{"href":"https:\/\/www.europesays.com\/no\/wp-json\/wp\/v2\/media?parent=161070"}],"wp:term":[{"taxonomy":"category","embeddable":true,"href":"https:\/\/www.europesays.com\/no\/wp-json\/wp\/v2\/categories?post=161070"},{"taxonomy":"post_tag","embeddable":true,"href":"https:\/\/www.europesays.com\/no\/wp-json\/wp\/v2\/tags?post=161070"}],"curies":[{"name":"wp","href":"https:\/\/api.w.org\/{rel}","templated":true}]}}