{"id":16195,"date":"2025-08-23T17:22:48","date_gmt":"2025-08-23T17:22:48","guid":{"rendered":"https:\/\/www.europesays.com\/no\/16195\/"},"modified":"2025-08-23T17:22:48","modified_gmt":"2025-08-23T17:22:48","slug":"lindvik-og-forfang-godtar-utestengelse-etter-hoppskandalen-kanskje-den-beste-losningen","status":"publish","type":"post","link":"https:\/\/www.europesays.com\/no\/16195\/","title":{"rendered":"Lindvik og Forfang godtar utestengelse etter hoppskandalen: \u2013 Kanskje den beste l\u00f8sningen"},"content":{"rendered":"<p>Det fremg\u00e5r av en pressemelding fra FIS l\u00f8rdag.<\/p>\n<p>Forliket inneb\u00e6rer at Forfang og Lindvik godtar en utestengelse p\u00e5 tre m\u00e5neder. De norske hopperne har ogs\u00e5 sagt ja til \u00e5 betale en mindre bot. Den bel\u00f8per seg til 2000 sveitsiske franc, tilsvarende 25.000 kroner.<\/p>\n<p> \u2013 Det er kanskje den beste l\u00f8sningen p\u00e5 en ellers veldig u\u00f8nsket situasjon. Det er klart vi kunne ha valgt \u00e5 g\u00e5 en helt annen vei og pr\u00f8vd \u00e5 blitt fullstendig frifunnet. Men det regelverket er jo s\u00e5nn at man har et objektivt ansvar for eget utstyr selv om rutinene p\u00e5 laget ikke har v\u00e6rt helt i tr\u00e5d med det. Og da er vi n\u00f8dt til \u00e5 ta den minste straffen som ble foresl\u00e5tt fra FIS, sier Forfang til <a href=\"https:\/\/www.nrk.no\/sport\/marius-lindvik-og-johann-andre-forfang-inngar-forlik-med-fis---aksepterer-utestengelse-1.17538565\" rel=\"noopener nofollow\" target=\"_blank\">NRK<\/a> om forliket.<\/p>\n<p>\u2013 Dette er en lettelsens dag, fordi vi kan legge en vanskelig sak bak oss. Det har tatt seks m\u00e5neder, og vi har st\u00e5tt i det uvisse. Det har v\u00e6rt en t\u00f8ff p\u00e5kjenning for alle involverte, spesielt gutta, sier hoppsjef Aalbu til NTB.<\/p>\n<p>At Forfang og Lindvik godtar utestengelsen, inneb\u00e6rer at den norske duoen blir klar til verdenscupstarten i slutten av november.<\/p>\n<p>Dersom saken hadde fortsatt sin gang i FIS-systemet, ville det v\u00e6rt knyttet usikkerhet til dette.<\/p>\n<p>\u2013 Ut\u00f8verne er ikke forn\u00f8yde med \u00e5 inng\u00e5 et forlik, for det har blitt kjent gjennom FIS og oss i skiforbundet at de aldri har visst om det som skjedde med hoppdressene 8. mars. Men da FIS ville ta ut tiltale og se p\u00e5 nye h\u00f8ringer, ble utfordringen at det kunne ta veldig lang tid, sier Aalbu.<\/p>\n<p>Burde sjekket<\/p>\n<p>Forfang og Lindvik ble suspendert etter at VM-jukset kom for en dag p\u00e5 tampen av VM i Gran\u00e5sen. De var da suspendert i rundt tre uker.<\/p>\n<p>Dermed skal de norske hopp-profilene n\u00e5 sone en ytterligere utestengelse p\u00e5 dr\u00f8yt to m\u00e5neder f\u00f8r de igjen kan delta i arrangementer i regi av FIS.<\/p>\n<p>If\u00f8lge FIS godtar Lindvik og Forfang at de har et visst ansvar for at eget utstyr er innenfor regelverket \u2013 og at dette ikke kan legges over p\u00e5 andre.<\/p>\n<p>\u2013 De er ogs\u00e5 enige i at de burde ha sjekket og stilt sp\u00f8rsm\u00e5l om de nattlige justeringene, skriver FIS i pressemeldingen.<\/p>\n<p>Lindvik og Forfang godtar s\u00e5ledes at de har forbrutt seg mot regelverket, til tross for at de ikke formelt har v\u00e6rt anklaget for \u00e5 ha kjent til manipulasjonen av hoppdressene foran storbakkerennet i VM.<\/p>\n<p>Kunne endt i CAS<\/p>\n<p>Dersom ikke hopperne og FIS hadde kommet til forliket som n\u00e5 foreligger, kunne saken potensielt sett ha havnet i Idrettens voldgiftsrett (CAS).<\/p>\n<p>FIS innstilte nylig p\u00e5 tre m\u00e5neders utestengelse av Forfang og Lindvik. Deretter ble saken sendt videre til forbundets etiske komit\u00e9, som skulle vurdere den og utnevne et tre personer stort uavhengig panel.<\/p>\n<p>Den videre prosessen ville v\u00e6rt en h\u00f8ring som involverte alle parter, b\u00e5de skriftlig og muntlig. Deretter ville en endelig kjennelse av foreligget. Det er denne som kunne blitt anket til CAS av begge parter.<\/p>\n<p>Utestengelsen til Lindvik og Forfang trer i kraft l\u00f8rdag. De kan ikke delta i noen FIS-aktiviteter. Derimot kan de v\u00e6re med p\u00e5 alle aktiviteter i regi av Norges Skiforbund.<\/p>\n<p>Dermed kan begge blant annet v\u00e6re med i helgens plastmesterskap i Trondheim og alle samlinger.<\/p>\n<p>\u2013 Det er veldig bra. Jeg mener bestemt at dette ikke skal ha noe \u00e5 si inn mot en OL-sesong. Det er jeg lettet over. Konsekvensene kunne v\u00e6rt verre dersom vi skulle ventet, samtidig som de da kunne blitt frikjent, for alt jeg vet, sier Aalbu.<\/p>\n<p>Full st\u00f8tte<\/p>\n<p>Norges Skiforbund har hele tiden stilt seg hundre prosent bak Lindvik og Forfang i saken.<\/p>\n<p>Hoppsjef Aalbu har v\u00e6rt tydelig p\u00e5 at mener hopperne allerede hadde f\u00e5tt straff nok gjennom situasjonen de har st\u00e5tt i siden VM-diskingen i starten av mars.<\/p>\n<p>\u2013 Vi har st\u00e5tt over fire renn i verdenscupen, i tillegg til at de norske ut\u00f8verne har st\u00e5tt i gapestokken i fem m\u00e5neder. Det mener jeg er en mer enn t\u00f8ff nok dom i forhold til det som har skjedd, n\u00e5r vi vet at ut\u00f8verne ikke har v\u00e6rt involvert, sa han til NTB nylig.<\/p>\n<p>FIS skal ha innstilt p\u00e5 18 m\u00e5neders utestengelse for trener Magnus Brevig, servicemann Adrian Livelten og assistent Thomas Lobben, som var direkte involvert i VM-juksingen. Saken mot trenertrioen g\u00e5r videre i systemet.<\/p>\n<p>Kristoffer Eriksen Sundal, Robin Pedersen og Robert Johansson var en del av VM-troppen og ble i likhet med Forfang og Lindvik midlertidig suspendert etter mesterskapet. De er siden renvasket.<\/p>\n","protected":false},"excerpt":{"rendered":"Det fremg\u00e5r av en pressemelding fra FIS l\u00f8rdag. Forliket inneb\u00e6rer at Forfang og Lindvik godtar en utestengelse p\u00e5&hellip;\n","protected":false},"author":2,"featured_media":16196,"comment_status":"","ping_status":"","sticky":false,"template":"","format":"standard","meta":{"footnotes":""},"categories":[5],"tags":[967,20,21,24,25,15,19,22,23,17,18,13,30,28,29,14,16,26,27],"class_list":{"0":"post-16195","1":"post","2":"type-post","3":"status-publish","4":"format-standard","5":"has-post-thumbnail","7":"category-overskrifter","8":"tag-artikler-fra-ntb","9":"tag-breaking-news","10":"tag-breakingnews","11":"tag-featured-news","12":"tag-featurednews","13":"tag-headlines","14":"tag-hovedoppslag","15":"tag-latest-news","16":"tag-latestnews","17":"tag-main-news","18":"tag-mainnews","19":"tag-news","20":"tag-no","21":"tag-norge","22":"tag-norway","23":"tag-nyheter","24":"tag-overskrifter","25":"tag-top-stories","26":"tag-topstories"},"share_on_mastodon":{"url":"","error":""},"_links":{"self":[{"href":"https:\/\/www.europesays.com\/no\/wp-json\/wp\/v2\/posts\/16195","targetHints":{"allow":["GET"]}}],"collection":[{"href":"https:\/\/www.europesays.com\/no\/wp-json\/wp\/v2\/posts"}],"about":[{"href":"https:\/\/www.europesays.com\/no\/wp-json\/wp\/v2\/types\/post"}],"author":[{"embeddable":true,"href":"https:\/\/www.europesays.com\/no\/wp-json\/wp\/v2\/users\/2"}],"replies":[{"embeddable":true,"href":"https:\/\/www.europesays.com\/no\/wp-json\/wp\/v2\/comments?post=16195"}],"version-history":[{"count":0,"href":"https:\/\/www.europesays.com\/no\/wp-json\/wp\/v2\/posts\/16195\/revisions"}],"wp:featuredmedia":[{"embeddable":true,"href":"https:\/\/www.europesays.com\/no\/wp-json\/wp\/v2\/media\/16196"}],"wp:attachment":[{"href":"https:\/\/www.europesays.com\/no\/wp-json\/wp\/v2\/media?parent=16195"}],"wp:term":[{"taxonomy":"category","embeddable":true,"href":"https:\/\/www.europesays.com\/no\/wp-json\/wp\/v2\/categories?post=16195"},{"taxonomy":"post_tag","embeddable":true,"href":"https:\/\/www.europesays.com\/no\/wp-json\/wp\/v2\/tags?post=16195"}],"curies":[{"name":"wp","href":"https:\/\/api.w.org\/{rel}","templated":true}]}}