{"id":16234,"date":"2025-08-23T18:19:08","date_gmt":"2025-08-23T18:19:08","guid":{"rendered":"https:\/\/www.europesays.com\/no\/16234\/"},"modified":"2025-08-23T18:19:08","modified_gmt":"2025-08-23T18:19:08","slug":"vaeret-i-norge-sommer-igjen-i-nordland","status":"publish","type":"post","link":"https:\/\/www.europesays.com\/no\/16234\/","title":{"rendered":"V\u00e6ret i Norge: Sommer igjen i Nordland"},"content":{"rendered":"\n<p class=\"_lead_1bvmi_2 _lead_xtcu6_50 layout-component text-serif-m layout-normal text-serif-l layout-component layout-wide layout-padded _wide_17hqh_1 layout-padded\">Flere kan vente seg en smak av sommer de kommende dagene. Mens andre m\u00e5 belage seg p\u00e5 orkanrester fra vest.<\/p>\n<p><img alt=\"De neste dagene kan bli siste mulighet for en dukkert i sommervarmen.  Foto: Fredrik Ouren Jostad \/ VG\" class=\"_image_qp4xg_65 layout-component layout-wide\" data-fullscreen- data-track-element-type=\"Article image fullscreen\" data-track-name=\"ImageFullscreen\" fetchpriority=\"high\" decoding=\"sync\" loading=\"eager\" height=\"5464\" itemprop=\"image\"  src=\"https:\/\/www.europesays.com\/no\/wp-content\/uploads\/2025\/08\/e928b559-d661-400b-a93f-46ef25d31cdc\"  style=\"object-position:0% 0%\" width=\"8192\"\/>De neste dagene kan bli siste mulighet for en dukkert i sommervarmen.  Foto: Fredrik Ouren Jostad \/ VG<\/p>\n<ul aria-hidden=\"true\" class=\"_images_1y6fe_106\">\n<li><a class=\"_link_1y6fe_111\" href=\"https:\/\/www.vg.no\/forfatter\/milly-totland\" style=\"z-index:1\" title=\"Milly Totland\" rel=\"nofollow noopener\" target=\"_blank\"><img alt=\"Bilde av Milly Totland\" class=\"_image_1y6fe_88\" fetchpriority=\"low\" loading=\"lazy\" decoding=\"async\" itemprop=\"image\"  src=\"https:\/\/www.europesays.com\/no\/wp-content\/uploads\/2025\/08\/1755973148_9_17523d02-e320-4383-8e50-e14af9bb7388\"  width=\"480\"\/><\/a><\/li>\n<\/ul>\n<p> Oppdatert l\u00f8rdag 23. august kl. 19:42     <\/p>\n<p class=\"_paragraph_1bvmi_4 _paragraph_xtcu6_10 layout-component text-serif-m layout-normal text-serif-m layout-padded\">Sommerferien er over for de fleste, og h\u00f8sten er i sikte. Noen steder i landet kan man likevel vente seg flere gode sommerdager.<\/p>\n<p class=\"_paragraph_1bvmi_4 _paragraph_xtcu6_10 layout-component text-serif-m layout-normal text-serif-m layout-padded\">\u2013 Det kan bikke 20 grader flere steder. Det er fremdeles h\u00e5p om sommer selv om vi har perioder med kaldt v\u00e6r, sier meteorolog Per Egil Haga til VG. <\/p>\n<p><img alt=\"Mandag ettermiddag sniker varmen seg inn over landet.\" class=\"_image_qp4xg_65 layout-component layout-normal\" data-fullscreen- data-track-element-type=\"Article image fullscreen\" data-track-name=\"ImageFullscreen\" decoding=\"async\" loading=\"lazy\" height=\"1248\" itemprop=\"image\"  src=\"https:\/\/www.europesays.com\/no\/wp-content\/uploads\/2025\/08\/37c0276e-69d9-4be2-8666-6c81a8114d22\"  style=\"object-position:0% 0%\" width=\"1607\"\/>Mandag ettermiddag sniker varmen seg inn over landet.<\/p>\n<p class=\"_paragraph_1bvmi_4 _paragraph_xtcu6_10 layout-component text-serif-m layout-normal text-serif-m layout-padded\">Bor du s\u00f8r i Nordland kan du glede deg til varme dager mot slutten av neste uke. De m\u00e5 imidlertid gjennom en liten periode med ruskev\u00e6r f\u00f8rst. <\/p>\n<p class=\"_paragraph_1bvmi_4 _paragraph_xtcu6_10 layout-component text-serif-m layout-normal text-serif-m layout-padded\">\u2013 De er inne i en kj\u00f8lig v\u00e6rtype med regnbyger. Men fra onsdag kan vi se sol og et lettere skydekke. <\/p>\n<p class=\"_paragraph_1bvmi_4 _paragraph_xtcu6_10 layout-component text-serif-m layout-normal text-serif-m layout-padded\">Bor du lenger nord, har meteorologen imidlertid en nedsl\u00e5ende beskjed: <\/p>\n<p class=\"_paragraph_1bvmi_4 _paragraph_xtcu6_10 layout-component text-serif-m layout-normal text-serif-m layout-padded\">\u2013 Troms og Finnmark vil nok f\u00e5 de laveste temperaturene. Der vil de v\u00e6re rundt 15 grader.<\/p>\n<p class=\"_root_1xq52_1\" lang=\"no\" dir=\"auto\">I S\u00f8r-Noreg f\u00e5r me sj\u00e5 ein god del \u2600\ufe0f i helga, men finn deg ein stad i le for nordavinden om du vil ha det litt varmt \u00f2g. <\/p>\n<p>Skal du til fjells, sj\u00e5 opp for \u2744\ufe0f laurdag morgon!<\/p>\n<p>Midt-Noreg f\u00e5r byger, byger og atter byger \ud83c\udf27\ufe0f <\/p>\n<p class=\"_paragraph_1bvmi_4 _paragraph_xtcu6_10 layout-component text-serif-m layout-normal text-serif-m layout-padded\">I Vestland fylke og i <a href=\"https:\/\/www.vg.no\/tag\/rogaland?utm_source=vg-article&amp;utm_medium=auto-tagger&amp;utm_campaign=lwG3dL\" class=\"_link_1bvmi_39\" rel=\"nofollow noopener\" target=\"_blank\">Rogaland<\/a> er det kj\u00f8lig, men oppholdsv\u00e6r. Det vil trolig fortsette noen dager til. <\/p>\n<p class=\"_paragraph_1bvmi_4 _paragraph_xtcu6_10 layout-component text-serif-m layout-normal text-serif-m layout-padded\">\u2013 Etter hvert vil de ogs\u00e5 f\u00e5 h\u00f8yere temperaturer. Noen steder vil kunne f\u00e5 nedb\u00f8r, men mild v\u00e6rtype, sier Haga. <\/p>\n<p class=\"_paragraph_1bvmi_4 _paragraph_xtcu6_10 layout-component text-serif-m layout-normal text-serif-m layout-padded\">Flere steder er inne i ruskev\u00e6r n\u00e5, men har gode sommerdager i vente. For S\u00f8r- og \u00d8stlandet gjelder det \u00e5 nyte solen n\u00e5. For neste uke snur det, skal vi tro Meteorologen. <\/p>\n<p class=\"_paragraph_1bvmi_4 _paragraph_xtcu6_10 layout-component text-serif-m layout-normal text-serif-m layout-padded\">\u2013 For \u00d8stlandet og S\u00f8rlandet er det for \u00f8yeblikket en solrik periode. Gode temperaturer opp mot 20 grader. Etter hvert n\u00e5r vi har passert midten av uken, vil det nok bli et skifte. Da venter vi at det skal bli mer gr\u00e5v\u00e6r og regn. <\/p>\n<p class=\"_paragraph_1bvmi_4 _paragraph_xtcu6_10 layout-component text-serif-m layout-normal text-serif-m layout-padded\">Det er orkanen Erin, som har herjet over USAs \u00f8stkyst som de s\u00f8rlige delene av landet f\u00e5r smake p\u00e5. <\/p>\n<p class=\"_paragraph_1bvmi_4 _paragraph_xtcu6_10 layout-component text-serif-m layout-normal text-serif-m layout-padded\">\u2013 Det vil nok v\u00e6re rester av orkanen, men ikke orkanstyrke. <\/p>\n<p>Les ogs\u00e5<\/p>\n","protected":false},"excerpt":{"rendered":"Flere kan vente seg en smak av sommer de kommende dagene. Mens andre m\u00e5 belage seg p\u00e5 orkanrester&hellip;\n","protected":false},"author":2,"featured_media":16235,"comment_status":"","ping_status":"","sticky":false,"template":"","format":"standard","meta":{"footnotes":""},"categories":[10],"tags":[20,21,24,25,15,22,23,13,30,687,28,29,14,16,536,385,26,27,387],"class_list":{"0":"post-16234","1":"post","2":"type-post","3":"status-publish","4":"format-standard","5":"has-post-thumbnail","7":"category-norge","8":"tag-breaking-news","9":"tag-breakingnews","10":"tag-featured-news","11":"tag-featurednews","12":"tag-headlines","13":"tag-latest-news","14":"tag-latestnews","15":"tag-news","16":"tag-no","17":"tag-nordland","18":"tag-norge","19":"tag-norway","20":"tag-nyheter","21":"tag-overskrifter","22":"tag-rogaland","23":"tag-temperatur","24":"tag-top-stories","25":"tag-topstories","26":"tag-vaeret"},"share_on_mastodon":{"url":"","error":""},"_links":{"self":[{"href":"https:\/\/www.europesays.com\/no\/wp-json\/wp\/v2\/posts\/16234","targetHints":{"allow":["GET"]}}],"collection":[{"href":"https:\/\/www.europesays.com\/no\/wp-json\/wp\/v2\/posts"}],"about":[{"href":"https:\/\/www.europesays.com\/no\/wp-json\/wp\/v2\/types\/post"}],"author":[{"embeddable":true,"href":"https:\/\/www.europesays.com\/no\/wp-json\/wp\/v2\/users\/2"}],"replies":[{"embeddable":true,"href":"https:\/\/www.europesays.com\/no\/wp-json\/wp\/v2\/comments?post=16234"}],"version-history":[{"count":0,"href":"https:\/\/www.europesays.com\/no\/wp-json\/wp\/v2\/posts\/16234\/revisions"}],"wp:featuredmedia":[{"embeddable":true,"href":"https:\/\/www.europesays.com\/no\/wp-json\/wp\/v2\/media\/16235"}],"wp:attachment":[{"href":"https:\/\/www.europesays.com\/no\/wp-json\/wp\/v2\/media?parent=16234"}],"wp:term":[{"taxonomy":"category","embeddable":true,"href":"https:\/\/www.europesays.com\/no\/wp-json\/wp\/v2\/categories?post=16234"},{"taxonomy":"post_tag","embeddable":true,"href":"https:\/\/www.europesays.com\/no\/wp-json\/wp\/v2\/tags?post=16234"}],"curies":[{"name":"wp","href":"https:\/\/api.w.org\/{rel}","templated":true}]}}