{"id":162571,"date":"2026-02-13T13:24:41","date_gmt":"2026-02-13T13:24:41","guid":{"rendered":"https:\/\/www.europesays.com\/no\/162571\/"},"modified":"2026-02-13T13:24:41","modified_gmt":"2026-02-13T13:24:41","slug":"carina-olset-hovda-blir-medieansvarlig-for-kvinnelandslaget-i-fotball","status":"publish","type":"post","link":"https:\/\/www.europesays.com\/no\/162571\/","title":{"rendered":"Carina Olset Hovda blir medieansvarlig for kvinnelandslaget i fotball"},"content":{"rendered":"<p class=\"kicker \" style=\"\">Bekrefter ny jobb:\u00a0<\/p>\n<p>    NRK-profilen Carina Olset Hovda starter snart i en splitter ny jobb.\u00a0<\/p>\n<p>\n    NY ROLLE: Carina Olset Hovda g\u00e5r inn i arbeid rundt kvinnelandslaget og skal bidra i NFFs satsing p\u00e5 jenter og kvinner i fotballen. Foto: Andreas Fadum \/ Se og H\u00f8r\n  <\/p>\n<p> Sportsprofilen\u00a0Carina Olset Hovda (44) er ansatt som medieansvarlig for kvinnelandslaget i fotball.<\/p>\n<p>Det opplyser Norges Fotballforbund i en <a href=\"https:\/\/www.fotball.no\/landslag\/norge-a-kvinner\/2026\/carina-olset-hovda-ny-medieansvarlig-for-a-kvinner\/\" rel=\"nofollow noopener\" target=\"_blank\">pressemelding<\/a>.\u00a0<\/p>\n<p>    <a itemprop=\"url\" href=\"https:\/\/www.seher.no\/kjendis\/reagerer-etter-reality-deltakelse\/83652959\" rel=\"nofollow noopener\" target=\"_blank\"><\/p>\n<p>        <img loading=\"lazy\" decoding=\"async\" src=\"https:\/\/www.europesays.com\/no\/wp-content\/uploads\/2026\/02\/80151746.webp.webp\" width=\"980\" height=\"441\" title=\"Reagerer etter reality-deltakelse\" alt=\"\" class=\"lazyload\" style=\"--aspect-ratio-image: 2.22; \"\/><\/p>\n<p>        Reagerer etter reality-deltakelse<\/p>\n<p>    <\/a><\/p>\n<p> Etter over 20 \u00e5r med \u00e5 formidle fotball fra utsiden, sier hun det f\u00f8les stort \u00e5 n\u00e5 bidra fra innsiden. <\/p>\n<p>        <img loading=\"lazy\" decoding=\"async\" src=\"https:\/\/www.europesays.com\/no\/wp-content\/uploads\/2026\/02\/84226803.webp.webp\" width=\"686\" height=\"597\" title=\"P\u00c5 JOBB: Carina Olset avbildet p\u00e5 jobb under vinter-OL 12. februar 2026 i Milano Cortina. Foto: Heiko Junge \/ NTB\" alt=\"\" class=\"\" style=\"--aspect-ratio-image: 1.15; \"\/><\/p>\n<p>\n        P\u00c5 JOBB: Carina Olset avbildet p\u00e5 jobb under vinter-OL 12. februar 2026 i Milano Cortina. Foto: Heiko Junge \/ NTB\n    <\/p>\n<p>&#8211; Etter over 20 \u00e5r med \u00e5 formidle fotball fra utsiden, f\u00f8les det b\u00e5de stort og meningsfullt \u00e5 f\u00e5 bidra fra innsiden. A-landslaget for kvinner representerer noe av det ypperste vi har i norsk idrett, og jeg kjenner p\u00e5 enorm stolthet over \u00e5 bli en del av dette laget, sier Hovda og fortsetter:<\/p>\n<p class=\"font-weight-bold m-font-weight-bold\" data-lab-font_weight=\"font-weight-bold\">&#8211; Jeg gleder meg til \u00e5 bruke min erfaring og mitt engasjement til \u00e5 l\u00f8fte menneskene, prestasjonene og historiene ut til et enda st\u00f8rre publikum.<\/p>\n<p>        HVILEPULS: Det blir hett n\u00e5r Carina Olset konfronterer Gaute Gr\u00f8tta Grav med d\u00e5rlig oppf\u00f8rsel og d\u00e5rlig lag\u00e5nd i\u2028\u00ab71 grader nord kjendis\u00bb . Video: MAX \/ Video: Jessica M Szymanska \/ R\u00f8d L\u00f8per <\/p>\n<p>Hun f\u00e5r ogs\u00e5 en sentral rolle i \u00e5 f\u00f8lge opp NFFs strategi for jenter og kvinner i fotballen. <\/p>\n<p> Olset Hovda gikk fra TV 2 til NRK i 2018, og har siden v\u00e6rt en del av NRKs sportssatsing. Hun har tidligere jobbet i TVNorge og MAX.\u00a0<\/p>\n<p>    <a itemprop=\"url\" href=\"https:\/\/www.seher.no\/kjendis\/deler-rorende-hyllest\/84224816\" rel=\"nofollow noopener\" target=\"_blank\"><\/p>\n<p>        <img loading=\"lazy\" decoding=\"async\" src=\"https:\/\/www.europesays.com\/no\/wp-content\/uploads\/2026\/02\/84225016.webp.webp\" width=\"980\" height=\"441\" title=\"Deler r\u00f8rende hyllest\" alt=\"\" class=\"lazyload\" style=\"--aspect-ratio-image: 2.22; \"\/><\/p>\n<p>        Deler r\u00f8rende hyllest<\/p>\n<p>    <\/a><\/p>\n<p>NFF er forn\u00f8yd med \u00e5 ha tiltrukket seg hennes ekspertise.<\/p>\n<p>&#8211; Hun har et brennende engasjement for, og stor kunnskap om, kvinnefotball b\u00e5de nasjonalt og internasjonalt. Med Carina p\u00e5 laget skal vi ta nye steg p\u00e5 \u00e5 bygge profiler, v\u00e6re synlig og f\u00e5 flere til \u00e5 g\u00e5 p\u00e5 kamp, sier kommunikasjonsdirekt\u00f8r Ragnhild Ask Connell.<\/p>\n","protected":false},"excerpt":{"rendered":"Bekrefter ny jobb:\u00a0 NRK-profilen Carina Olset Hovda starter snart i en splitter ny jobb.\u00a0 NY ROLLE: Carina Olset&hellip;\n","protected":false},"author":2,"featured_media":162572,"comment_status":"","ping_status":"","sticky":false,"template":"","format":"standard","meta":{"footnotes":"","_share_on_mastodon":"0"},"categories":[59],"tags":[7413,479,2543,4583,30,28,29,2665,83,82],"class_list":["post-162571","post","type-post","status-publish","format-standard","has-post-thumbnail","category-sport","tag-carina-olset","tag-kjendis","tag-kjendisdesken","tag-nff","tag-no","tag-norge","tag-norway","tag-ny-jobb","tag-sport","tag-sports"],"share_on_mastodon":{"url":"https:\/\/pubeurope.com\/@no\/116063545778711002","error":""},"_links":{"self":[{"href":"https:\/\/www.europesays.com\/no\/wp-json\/wp\/v2\/posts\/162571","targetHints":{"allow":["GET"]}}],"collection":[{"href":"https:\/\/www.europesays.com\/no\/wp-json\/wp\/v2\/posts"}],"about":[{"href":"https:\/\/www.europesays.com\/no\/wp-json\/wp\/v2\/types\/post"}],"author":[{"embeddable":true,"href":"https:\/\/www.europesays.com\/no\/wp-json\/wp\/v2\/users\/2"}],"replies":[{"embeddable":true,"href":"https:\/\/www.europesays.com\/no\/wp-json\/wp\/v2\/comments?post=162571"}],"version-history":[{"count":0,"href":"https:\/\/www.europesays.com\/no\/wp-json\/wp\/v2\/posts\/162571\/revisions"}],"wp:featuredmedia":[{"embeddable":true,"href":"https:\/\/www.europesays.com\/no\/wp-json\/wp\/v2\/media\/162572"}],"wp:attachment":[{"href":"https:\/\/www.europesays.com\/no\/wp-json\/wp\/v2\/media?parent=162571"}],"wp:term":[{"taxonomy":"category","embeddable":true,"href":"https:\/\/www.europesays.com\/no\/wp-json\/wp\/v2\/categories?post=162571"},{"taxonomy":"post_tag","embeddable":true,"href":"https:\/\/www.europesays.com\/no\/wp-json\/wp\/v2\/tags?post=162571"}],"curies":[{"name":"wp","href":"https:\/\/api.w.org\/{rel}","templated":true}]}}