{"id":16270,"date":"2025-08-23T18:52:10","date_gmt":"2025-08-23T18:52:10","guid":{"rendered":"https:\/\/www.europesays.com\/no\/16270\/"},"modified":"2025-08-23T18:52:10","modified_gmt":"2025-08-23T18:52:10","slug":"ingen-elever-skal-ga-ut-av-skolen-uten-a-kunne-lese-skrive-og-regne-skikkelig","status":"publish","type":"post","link":"https:\/\/www.europesays.com\/no\/16270\/","title":{"rendered":"\u2013 Ingen elever skal g\u00e5 ut av skolen uten \u00e5 kunne lese, skrive og regne skikkelig"},"content":{"rendered":"\n<ul class=\"_list_1bvmi_3 _list_1flq1_85 _unordered_1bvmi_99 text-sans-m\">\n<li class=\"_item_1bvmi_30\">Erna Solberg vil hjelpe barn som sliter med lesing, skriving og regning gjennom en skolegaranti.<\/li>\n<li class=\"_item_1bvmi_30\">Hun lover flere sosiall\u00e6rere, milj\u00f8arbeidere og spesialpedagoger i skolen.<\/li>\n<li class=\"_item_1bvmi_30\">Solberg forteller om sitt liv som dyslektiker.<\/li>\n<\/ul>\n<p>Vis mer <\/p>\n<p class=\"_paragraph_1bvmi_4 _paragraph_xtcu6_10 layout-component text-serif-m layout-normal text-serif-m layout-padded\">Dyslektikeren Solberg gir en skolegaranti i dag og lover at flere yrker skal inn i skolen: <\/p>\n<p class=\"_paragraph_1bvmi_4 _paragraph_xtcu6_10 layout-component text-serif-m layout-normal text-serif-m layout-padded\">\u2013 Skolen trenger flere sosiall\u00e6rere, milj\u00f8arbeidere, barne- og ungdomsarbeidere og flere med spesialpedagogikk-utdanning, for \u00e5 hjelpe dem som sliter, sier hun.<\/p>\n<p class=\"_paragraph_1bvmi_4 _paragraph_xtcu6_10 layout-component text-serif-m layout-normal text-serif-m layout-padded\">P\u00e5 sin valgkampbusstur fra Bergen til Kristiansand er hun innom H\u00f8yre-styrte Haugesund og Lillesund barneskole, hvor kommunen har ansatt to sosiall\u00e6rere som hjelper skolen med \u00e5 tidlig fange opp elever som trenger hjelp.<\/p>\n<p class=\"_paragraph_1bvmi_4 _paragraph_xtcu6_10 layout-component text-serif-m layout-normal text-serif-m layout-padded\">\u2013 L\u00e6rerne skal ha fokus p\u00e5 \u00e5 undervise og l\u00f8se andre oppgaver. Vi opplever at samarbeidet fungerer veldig bra og at vi greier \u00e5 hjelpe elever som av ulike \u00e5rsaker sliter, sier sosiall\u00e6rer Ingeborg Grindheim.<\/p>\n<p class=\"_paragraph_1bvmi_4 _paragraph_xtcu6_10 layout-component text-serif-m layout-normal text-serif-m layout-padded\">P\u00e5 biblioteket sitter glade elever rundt et bord og spiller apekattspillet, hvor de trekker ut pinner av en palme, fylt av apekatter. <\/p>\n<p><img alt=\"Apekattene faller ned p\u00e5 bordet etter hvert som pinnene trekkes ut. Den som har s\u00f8rget for at f\u00e6rrest apekatter ramler ned, har vunnet.  Foto: Helge Mikalsen \/ VG\" class=\"_image_qp4xg_65 layout-component layout-normal\" data-fullscreen- data-track-element-type=\"Article image fullscreen\" data-track-name=\"ImageFullscreen\" decoding=\"async\" loading=\"lazy\" height=\"5504\" itemprop=\"image\"  src=\"https:\/\/www.europesays.com\/no\/wp-content\/uploads\/2025\/08\/19e1b217-d498-4fad-b6c6-bc95580e07a7\"  style=\"object-position:0% 0%\" width=\"8256\"\/>Apekattene faller ned p\u00e5 bordet etter hvert som pinnene trekkes ut. Den som har s\u00f8rget for at f\u00e6rrest apekatter ramler ned, har vunnet.  Foto: Helge Mikalsen \/ VG<\/p>\n<p class=\"_paragraph_1bvmi_4 _paragraph_xtcu6_10 layout-component text-serif-m layout-normal text-serif-m layout-padded\">N\u00e5r praten kommer inn p\u00e5 at Ingeborg er sosiall\u00e6rer, f\u00e5r de relativt gode r\u00e5d og vurderinger fra barna:<\/p>\n<p class=\"_paragraph_1bvmi_4 _paragraph_xtcu6_10 layout-component text-serif-m layout-normal text-serif-m layout-padded\">\u2013 \u00c5 hjelpe n\u00e5r noen har det vondt.<\/p>\n<p class=\"_paragraph_1bvmi_4 _paragraph_xtcu6_10 layout-component text-serif-m layout-normal text-serif-m layout-padded\">\u2013 N\u00e5r det er litt vanskelige ting \u00e5 snakke om, er det lettere \u00e5 gj\u00f8re med sosiall\u00e6reren.<\/p>\n<p class=\"_paragraph_1bvmi_4 _paragraph_xtcu6_10 layout-component text-serif-m layout-normal text-serif-m layout-padded\">Og s\u00e5 er elevene med i skolens vennskapspatrulje:<\/p>\n<p class=\"_paragraph_1bvmi_4 _paragraph_xtcu6_10 layout-component text-serif-m layout-normal text-serif-m layout-padded\">\u2013 Vi tar for eksempel kontakt med elever som sitter litt alene i skoleg\u00e5rden, sier en av elevene.<\/p>\n<p class=\"_paragraph_1bvmi_4 _paragraph_xtcu6_10 layout-component text-serif-m layout-normal text-serif-m layout-padded\">Rektor Hanne Gilje Birkelund sier det vanskeligste er \u00e5 f\u00e5 i gang elever som ikke har lyst til \u00e5 g\u00e5 p\u00e5 skolen.<\/p>\n<p><img alt=\"Rektor Birkelund (st\u00e5ende til venstre i gr\u00f8nt) f\u00f8lger med p\u00e5 spillets gang.  Foto: Helge Mikalsen \/ VG\" class=\"_image_qp4xg_65 layout-component layout-normal\" data-fullscreen- data-track-element-type=\"Article image fullscreen\" data-track-name=\"ImageFullscreen\" decoding=\"async\" loading=\"lazy\" height=\"5504\" itemprop=\"image\"  src=\"https:\/\/www.europesays.com\/no\/wp-content\/uploads\/2025\/08\/dd20eaf5-f051-41fe-8e51-a4ca1806dd37\"  style=\"object-position:0% 0%\" width=\"8256\"\/>Rektor Birkelund (st\u00e5ende til venstre i gr\u00f8nt) f\u00f8lger med p\u00e5 spillets gang.  Foto: Helge Mikalsen \/ VG<\/p>\n<p class=\"_paragraph_1bvmi_4 _paragraph_xtcu6_10 layout-component text-serif-m layout-normal text-serif-m layout-padded\">\u2013 Vi har ikke barn som er vanskelige. Vi har bare noen barn som har det vanskelig. V\u00e5re to sosiall\u00e6rere har hjulpet flere av dem tilbake til skolen og undervisningen.<\/p>\n<p class=\"_paragraph_1bvmi_4 _paragraph_xtcu6_10 layout-component text-serif-m layout-normal text-serif-m layout-padded\">\u2013 Denne skolen og det de gj\u00f8r i Haugesund viser vei, sier Solberg:<\/p>\n<p class=\"_paragraph_1bvmi_4 _paragraph_xtcu6_10 layout-component text-serif-m layout-normal text-serif-m layout-padded\">\u2013 En vei en H\u00f8yre-ledet borgerlig regjering skal innf\u00f8re i hele Norge hvis vi vinner valget: De har satset p\u00e5 \u00e5 bruke sosiall\u00e6rere p\u00e5 barnetrinnet for \u00e5 fange opp elever f\u00f8r problemene vokser seg store:<\/p>\n<p class=\"_paragraph_1bvmi_4 _paragraph_xtcu6_10 layout-component text-serif-m layout-normal text-serif-m layout-padded\">\u2013 Mange barn gleder seg til \u00e5 begynne p\u00e5 skolen og til \u00e5 l\u00e6re, men for alt for mange barn blir skolehverdagen bare en p\u00e5minnelse om alt du ikke f\u00e5r til, sier Solberg.<\/p>\n<p><img alt=\"Foto: Helge Mikalsen \/ VG\" class=\"_image_qp4xg_65 layout-component layout-normal\" data-fullscreen- data-track-element-type=\"Article image fullscreen\" data-track-name=\"ImageFullscreen\" decoding=\"async\" loading=\"lazy\" height=\"5504\" itemprop=\"image\"  src=\"https:\/\/www.europesays.com\/no\/wp-content\/uploads\/2025\/08\/e5b27403-6667-437a-8292-586df5f24d1e\"  style=\"object-position:0% 0%\" width=\"8256\"\/>Foto: Helge Mikalsen \/ VG<\/p>\n<p class=\"_paragraph_1bvmi_4 _paragraph_xtcu6_10 layout-component text-serif-m layout-normal text-serif-m layout-padded\">Hun viser til f\u00f8lgende tall:<\/p>\n<ul class=\"_list_1bvmi_3 _list_xtcu6_9 _unordered_1bvmi_99 layout-component text-serif-m layout-normal text-serif-m layout-padded\">\n<li class=\"_item_1bvmi_30\">Over <a href=\"https:\/\/www.regjeringen.no\/no\/aktuelt\/stor-nedgang-i-15-aringers-ferdigheter-i-lesing-matematikk-og-naturfag\/id3016910\/\" class=\"_link_1bvmi_39\" rel=\"nofollow noopener\" target=\"_blank\">15.000 elever<\/a> g\u00e5r ut av ungdomsskolen uten \u00e5 kunne lese skikkelig.<\/li>\n<li class=\"_item_1bvmi_30\">Over 18.000 g\u00e5r ut uten \u00e5 kunne regne skikkelig.<\/li>\n<\/ul>\n<p class=\"_paragraph_1bvmi_4 _paragraph_xtcu6_10 layout-component text-serif-m layout-normal text-serif-m layout-padded\">\u2013 Disse barna svikter vi ikke bare \u00e9n gang. Men hver dag i ti \u00e5r. Det \u00e5 mestre lesing og regning har stor betydning for om elevene klarer \u00e5 gjennomf\u00f8re videreg\u00e5ende oppl\u00e6ring, sier hun.<\/p>\n<p class=\"_paragraph_1bvmi_4 _paragraph_xtcu6_10 layout-component text-serif-m layout-normal text-serif-m layout-padded\">Solberg gir et l\u00e6ringsl\u00f8fte:<\/p>\n<p class=\"_paragraph_1bvmi_4 _paragraph_xtcu6_10 layout-component text-serif-m layout-normal text-serif-m layout-padded\">\u2013 Ingen elever skal g\u00e5 ut av skolen uten \u00e5 kunne lese, skrive og regne skikkelig.<\/p>\n<p class=\"_paragraph_1bvmi_4 _paragraph_xtcu6_10 layout-component text-serif-m layout-normal text-serif-m layout-padded\">\u2013 Det fremst\u00e5r som ambisi\u00f8st \u2013 og luftig: Hvordan skal dere konkret gj\u00f8re det?<\/p>\n<p class=\"_paragraph_1bvmi_4 _paragraph_xtcu6_10 layout-component text-serif-m layout-normal text-serif-m layout-padded\">\u2013 Som nevnt trenger vi flere yrkesgrupper inn i skolene. Vi skal bort fra en vente og se-holdning og tidlig hjelpe elever som har utfordringer, slik de gj\u00f8r p\u00e5 Lillesund skole. De skal f\u00e5 intensiv-oppf\u00f8lgingintensiv-oppf\u00f8lgingRask og tett oppf\u00f8lging til de elevene som trenger det..<\/p>\n<p><img alt=\"Hun ble vist rundt p\u00e5 skolen av elevene.  Foto: Helge Mikalsen \/ VG\" class=\"_image_qp4xg_65 layout-component layout-normal\" data-fullscreen- data-track-element-type=\"Article image fullscreen\" data-track-name=\"ImageFullscreen\" decoding=\"async\" loading=\"lazy\" height=\"5504\" itemprop=\"image\"  src=\"https:\/\/www.europesays.com\/no\/wp-content\/uploads\/2025\/08\/9d9e3866-e19d-4d3b-89b3-f5535beebfb0\"  style=\"object-position:0% 0%\" width=\"8256\"\/>Hun ble vist rundt p\u00e5 skolen av elevene.  Foto: Helge Mikalsen \/ VG<\/p>\n<p class=\"_paragraph_1bvmi_4 _paragraph_xtcu6_10 layout-component text-serif-m layout-normal text-serif-m layout-padded\">\u2013 Det vil koste: Hvor mye?<\/p>\n<p class=\"_paragraph_1bvmi_4 _paragraph_xtcu6_10 layout-component text-serif-m layout-normal text-serif-m layout-padded\">\u2013 Det vil koste, ja, men for hver elev som sliter og som f\u00e5r hjelp til \u00e5 l\u00e6re seg \u00e5 lese og skrive, kan det hende at vi bidrar til et mindre tilfelle av utenforskap utenforskap Betyr at man st\u00e5r utenfor arbeidsmarkedet, alts\u00e5 ikke jobber n\u00e5r man er i arbeidsf\u00f8r alder.n\u00e5r de blir eldre:<\/p>\n<p class=\"_paragraph_1bvmi_4 _paragraph_xtcu6_10 layout-component text-serif-m layout-normal text-serif-m layout-padded\">\u2013 Hjelper vi de 15.000 og de 18.000 elevene som sliter, s\u00e5 har vi hindret mye utenforskap i fremtiden, sier Solberg.<\/p>\n<p class=\"_paragraph_1bvmi_4 _paragraph_xtcu6_10 layout-component text-serif-m layout-normal text-serif-m layout-padded\">Hun har v\u00e6rt \u00e5pen om at hun er dyslektikerdyslektikerEn dyslektiker er en person som har dysleksi, en l\u00e6revanske som prim\u00e6rt p\u00e5virker lesing og skriving. Dysleksi inneb\u00e6rer vanskeligheter med \u00e5 omforme skriftlig tekst til meningsfylt spr\u00e5k og omvendt. Det er ikke relatert til intelligens eller generell l\u00e6reevne, men heller en spesifikk utfordring med \u00e5 bearbeide spr\u00e5klig informasjon. Dysleksi kan variere i grad, fra milde vansker til mer alvorlige utfordringer.<br \/>\nDet er viktig \u00e5 merke seg at dysleksi ikke har noe med intelligens \u00e5 gj\u00f8re..<\/p>\n<p class=\"_paragraph_1bvmi_4 _paragraph_xtcu6_10 layout-component text-serif-m layout-normal text-serif-m layout-padded\">N\u00e5r hun g\u00e5r l\u00f8s p\u00e5 utfordringen med \u00e5 hjelpe titusener av elever, er det vanskelig ikke \u00e5 se i sitt eget bakspeil se i sitt eget bakspeilDet en selv har opplevd.. Sitt eget liv.<\/p>\n<p class=\"_paragraph_1bvmi_4 _paragraph_xtcu6_10 layout-component text-serif-m layout-normal text-serif-m layout-padded\">\u2013 Det er ikke ukjent for meg \u00e5 streve med norsken p\u00e5 skolen. Jeg husker godt hvordan det var \u00e5 f\u00e5 norskpr\u00f8vene tilbake. De var fulle av r\u00f8de strekerr\u00f8de strekerR\u00f8de streker betyr at noe er skrevet feil.. Jeg f\u00f8lte at jeg kunne s\u00e5 mye mer enn det jeg klarte \u00e5 vise gjennom tekstene mine.<\/p>\n<p class=\"_paragraph_1bvmi_4 _paragraph_xtcu6_10 layout-component text-serif-m layout-normal text-serif-m layout-padded\">\u2013 Dessverre s\u00e5 avdekkes dysleksi veldig ofte altfor sent, <a href=\"https:\/\/dysleksinorge.no\/wp-content\/uploads\/2025\/02\/Dysleksi-Norge_Kompetansestatus.pdf\" class=\"_link_1bvmi_39\" rel=\"nofollow noopener\" target=\"_blank\">s\u00e5 sent som i ungdomsskolen<\/a>. Da er det mange som har f\u00f8lt seg dumme i mange \u00e5r, som burde f\u00e5tt hjelp mye f\u00f8r, sier hun.<\/p>\n<p class=\"_paragraph_1bvmi_4 _paragraph_xtcu6_10 layout-component text-serif-m layout-normal text-serif-m layout-padded\">\u2013 Jeg knakk lesekoden tidlig, men ikke skrivekoden; jeg stavet veldig feil og det gj\u00f8r jeg fortsatt. Jeg sliter med \u00e5 se stavem\u00e5ten.<\/p>\n<p><img alt=\"Solberg fant en bok p\u00e5 biblioteket hun har bidratt til: \u00abSlik blir du statsminister og 99 andre morsomme ting du kan gj\u00f8re n\u00e5r du blir stor\u00bb  Foto: Helge Mikalsen \/ VG\" class=\"_image_qp4xg_65 layout-component layout-normal\" data-fullscreen- data-track-element-type=\"Article image fullscreen\" data-track-name=\"ImageFullscreen\" decoding=\"async\" loading=\"lazy\" height=\"5504\" itemprop=\"image\"  src=\"https:\/\/www.europesays.com\/no\/wp-content\/uploads\/2025\/08\/a60c709f-3fe1-496b-938d-1029c02aa5ca\"  style=\"object-position:0% 0%\" width=\"8256\"\/>Solberg fant en bok p\u00e5 biblioteket hun har bidratt til: \u00abSlik blir du statsminister og 99 andre morsomme ting du kan gj\u00f8re n\u00e5r du blir stor\u00bb  Foto: Helge Mikalsen \/ VG<\/p>\n<p class=\"_paragraph_1bvmi_4 _paragraph_xtcu6_10 layout-component text-serif-m layout-normal text-serif-m layout-padded\">\u2013 N\u00e5r fikk du hjelp?<\/p>\n<p class=\"_paragraph_1bvmi_4 _paragraph_xtcu6_10 layout-component text-serif-m layout-normal text-serif-m layout-padded\">\u2013 Det tok sin tid. P\u00e5 slutten av barneskolen fikk jeg veldig mange r\u00f8de streker for stavefeil. Det fortsatte p\u00e5 ungdomsskolen, men fordi jeg var veldig god muntlig s\u00e5 fikk jeg litt bedre enn litt p\u00e5 treet-karakterer i norsk. Men det skjulte mine problemer:<\/p>\n<p class=\"_paragraph_1bvmi_4 _paragraph_xtcu6_10 layout-component text-serif-m layout-normal text-serif-m layout-padded\">\u2013 Ingen problematiserte det f\u00f8r jeg kom p\u00e5 gymnaset, da de s\u00e5 at jeg hadde s\u00e5 stort sprik i mine muntlige og skriftlige prestasjoner.<\/p>\n<p class=\"_paragraph_1bvmi_4 _paragraph_xtcu6_10 layout-component text-serif-m layout-normal text-serif-m layout-padded\">\u2013 Hjalp det deg \u00e5 f\u00e5 dysleksi-diagnosen?<\/p>\n<p><img alt=\"Fortsatt popul\u00e6r hos en del.  Foto: Helge Mikalsen \/ VG\" class=\"_image_qp4xg_65 layout-component layout-normal\" data-fullscreen- data-track-element-type=\"Article image fullscreen\" data-track-name=\"ImageFullscreen\" decoding=\"async\" loading=\"lazy\" height=\"5504\" itemprop=\"image\"  src=\"https:\/\/www.europesays.com\/no\/wp-content\/uploads\/2025\/08\/de475d9e-89c0-4760-ae8b-f629e521fca4\"  style=\"object-position:0% 0%\" width=\"8256\"\/>Fortsatt popul\u00e6r hos en del.  Foto: Helge Mikalsen \/ VG<\/p>\n<p class=\"_paragraph_1bvmi_4 _paragraph_xtcu6_10 layout-component text-serif-m layout-normal text-serif-m layout-padded\">\u2013 Det ga i hvert fall en forklaring. Jeg var da s\u00e5pass voksen at det ikke fantes noen l\u00e6remidler.<\/p>\n<p class=\"_paragraph_1bvmi_4 _paragraph_xtcu6_10 layout-component text-serif-m layout-normal text-serif-m layout-padded\">\u2013 Du burde f\u00e5tt hjelp f\u00f8r?<\/p>\n<p class=\"_paragraph_1bvmi_4 _paragraph_xtcu6_10 layout-component text-serif-m layout-normal text-serif-m layout-padded\">\u2013 Ja, jeg burde f\u00e5tt hjelp f\u00f8r fordi det frustrerte meg under oppveksten at jeg ikke klarte \u00e5 uttrykke meg godt nok skriftlig. Jeg var egentlig ganske kunnskapsrik og interessert som barn, men fordi jeg ikke klarte \u00e5 stave, var jo det veldig dumt. Jeg har f\u00f8lt meg dum og hatt tunge stunder, men i dag er jeg partileder, har v\u00e6rt statsminister og skal bli statsminister igjen \u2013 og lever godt med min dysleksi.<\/p>\n<p><img alt=\"Spilleglede  Foto: Helge Mikalsen \/ VG\" class=\"_image_qp4xg_65 layout-component layout-normal\" data-fullscreen- data-track-element-type=\"Article image fullscreen\" data-track-name=\"ImageFullscreen\" decoding=\"async\" loading=\"lazy\" height=\"5504\" itemprop=\"image\"  src=\"https:\/\/www.europesays.com\/no\/wp-content\/uploads\/2025\/08\/5610603d-fabb-41b6-a82f-6f7f4045da98\"  style=\"object-position:0% 0%\" width=\"8256\"\/>Spilleglede  Foto: Helge Mikalsen \/ VG<\/p>\n<p class=\"_paragraph_1bvmi_4 _paragraph_xtcu6_10 layout-component text-serif-m layout-normal text-serif-m layout-padded\">Hun forteller om sitt beste hjelpemiddel.<\/p>\n<p class=\"_paragraph_1bvmi_4 _paragraph_xtcu6_10 layout-component text-serif-m layout-normal text-serif-m layout-padded\">\u2013 Det som hjelper meg er blant annet at det er mange retteprogrammerretteprogrammerEt retteprogram er et dataprogram laget for \u00e5 kontrollere om ord i et dokument er skrevet riktig.. Skjerm og digitale l\u00f8sninger hjelper alle med l\u00e6ringsvansker, men kanskje s\u00e6rlig oss som har slitt med dysleksi.<\/p>\n","protected":false},"excerpt":{"rendered":"Erna Solberg vil hjelpe barn som sliter med lesing, skriving og regning gjennom en skolegaranti. Hun lover flere&hellip;\n","protected":false},"author":2,"featured_media":16271,"comment_status":"","ping_status":"","sticky":false,"template":"","format":"standard","meta":{"footnotes":""},"categories":[5],"tags":[20,21,327,24,25,15,19,22,23,17,18,13,30,28,281,29,14,16,199,26,27,205],"class_list":{"0":"post-16270","1":"post","2":"type-post","3":"status-publish","4":"format-standard","5":"has-post-thumbnail","7":"category-overskrifter","8":"tag-breaking-news","9":"tag-breakingnews","10":"tag-erna-solberg","11":"tag-featured-news","12":"tag-featurednews","13":"tag-headlines","14":"tag-hovedoppslag","15":"tag-latest-news","16":"tag-latestnews","17":"tag-main-news","18":"tag-mainnews","19":"tag-news","20":"tag-no","21":"tag-norge","22":"tag-norsk-politikk","23":"tag-norway","24":"tag-nyheter","25":"tag-overskrifter","26":"tag-stortingsvalg","27":"tag-top-stories","28":"tag-topstories","29":"tag-vgsamfunn"},"share_on_mastodon":{"url":"","error":""},"_links":{"self":[{"href":"https:\/\/www.europesays.com\/no\/wp-json\/wp\/v2\/posts\/16270","targetHints":{"allow":["GET"]}}],"collection":[{"href":"https:\/\/www.europesays.com\/no\/wp-json\/wp\/v2\/posts"}],"about":[{"href":"https:\/\/www.europesays.com\/no\/wp-json\/wp\/v2\/types\/post"}],"author":[{"embeddable":true,"href":"https:\/\/www.europesays.com\/no\/wp-json\/wp\/v2\/users\/2"}],"replies":[{"embeddable":true,"href":"https:\/\/www.europesays.com\/no\/wp-json\/wp\/v2\/comments?post=16270"}],"version-history":[{"count":0,"href":"https:\/\/www.europesays.com\/no\/wp-json\/wp\/v2\/posts\/16270\/revisions"}],"wp:featuredmedia":[{"embeddable":true,"href":"https:\/\/www.europesays.com\/no\/wp-json\/wp\/v2\/media\/16271"}],"wp:attachment":[{"href":"https:\/\/www.europesays.com\/no\/wp-json\/wp\/v2\/media?parent=16270"}],"wp:term":[{"taxonomy":"category","embeddable":true,"href":"https:\/\/www.europesays.com\/no\/wp-json\/wp\/v2\/categories?post=16270"},{"taxonomy":"post_tag","embeddable":true,"href":"https:\/\/www.europesays.com\/no\/wp-json\/wp\/v2\/tags?post=16270"}],"curies":[{"name":"wp","href":"https:\/\/api.w.org\/{rel}","templated":true}]}}