{"id":16284,"date":"2025-08-23T19:11:11","date_gmt":"2025-08-23T19:11:11","guid":{"rendered":"https:\/\/www.europesays.com\/no\/16284\/"},"modified":"2025-08-23T19:11:11","modified_gmt":"2025-08-23T19:11:11","slug":"kjetil-rekdals-aalesund-tapte-mot-start","status":"publish","type":"post","link":"https:\/\/www.europesays.com\/no\/16284\/","title":{"rendered":"Kjetil Rekdals Aalesund tapte mot Start"},"content":{"rendered":"<p>     Spill Profeten   <img decoding=\"async\" class=\"_confettiImage_b81ng_95\" src=\"https:\/\/www.europesays.com\/no\/wp-content\/uploads\/2025\/08\/SzwcSxt.png\" alt=\"\" fetchpriority=\"high\" loading=\"eager\"\/>   <img decoding=\"async\" class=\"_playerImage_b81ng_83\" src=\"https:\/\/www.europesays.com\/no\/wp-content\/uploads\/2025\/08\/U9NvSiG.png\" alt=\"profeten-promo-player\" fetchpriority=\"high\" loading=\"eager\"\/>     <\/p>\n<p class=\"_lead_1bvmi_2 _lead_xtcu6_50 layout-component text-serif-m layout-normal text-serif-l layout-component layout-wide layout-padded _wide_17hqh_1 layout-padded\">Det ble et lite hyggelig gjensyn med det blide S\u00f8rland for Kjetil Rekdal. <\/p>\n<p><img alt=\"Kjetil Rekdal og Aalesund fikk en blytung kveld p\u00e5 jobben mot Start.  Foto: Tor Erik Schr\u00f8der \/ NTB\" class=\"_image_qp4xg_65 layout-component layout-wide\" data-fullscreen- data-track-element-type=\"Article image fullscreen\" data-track-name=\"ImageFullscreen\" fetchpriority=\"high\" decoding=\"sync\" loading=\"eager\" height=\"2457\" itemprop=\"image\"  src=\"https:\/\/www.europesays.com\/no\/wp-content\/uploads\/2025\/08\/d1ce3154-d5a7-4f0b-8349-b8f6d26442bf\"  style=\"object-position:0% 0%\" width=\"3686\"\/>Kjetil Rekdal og Aalesund fikk en blytung kveld p\u00e5 jobben mot Start.  Foto: Tor Erik Schr\u00f8der \/ NTB<\/p>\n<ul aria-hidden=\"true\" class=\"_images_1y6fe_106\">\n<li><a class=\"_link_1y6fe_111\" href=\"https:\/\/www.vg.no\/forfatter\/steffen-stenersen\" style=\"z-index:1\" title=\"Steffen Stenersen\" rel=\"nofollow noopener\" target=\"_blank\"><img alt=\"Bilde av Steffen Stenersen\" class=\"_image_1y6fe_88\" fetchpriority=\"low\" loading=\"lazy\" decoding=\"async\" itemprop=\"image\"  src=\"https:\/\/www.europesays.com\/no\/wp-content\/uploads\/2025\/08\/1755976270_494_53060b84-6e6f-4eee-9b23-952f524bbbf0\"  width=\"480\"\/><\/a><\/li>\n<\/ul>\n<p> Oppdatert l\u00f8rdag 23. august kl. 20:13     <\/p>\n<p class=\"_paragraph_1bvmi_4 _paragraph_xtcu6_10 layout-component text-serif-m layout-normal text-serif-m layout-padded\">Hans Aalesund fikk nemlig juling i solskinnet i Kristiansand. <\/p>\n<p class=\"_paragraph_1bvmi_4 _paragraph_xtcu6_10 layout-component text-serif-m layout-normal text-serif-m layout-padded\">H\u00e5kon Lorentzen, Eirik Schulze og Sebastian Griesbeck s\u00f8rget for med hver sin scoring at Start vant 3\u20130 og er p\u00e5 st\u00f8 kurs mot opprykk til Eliteserien. <\/p>\n<p class=\"_paragraph_1bvmi_4 _paragraph_xtcu6_10 layout-component text-serif-m layout-normal text-serif-m layout-padded\">Det vil i s\u00e5 fall bli den gamle storklubbens f\u00f8rste sesong p\u00e5 \u00f8verste niv\u00e5 siden 2020. Laget trenes i dag av Azar Karadas. <\/p>\n<p class=\"_paragraph_1bvmi_4 _paragraph_xtcu6_10 layout-component text-serif-m layout-normal text-serif-m layout-padded\">\u2013 Ekstremt deilig. Det er en kamp som krever sitt og en kamp vi m\u00e5tte grave i, sier Karadas til <a href=\"https:\/\/www.fvn.no\/sport\/start\/i\/gwoERa\/aarets-viktigste-kamp-hoer-start-aalesund-med-fvn-fotball-og-se-vaare-sendinger-her\" class=\"_link_1bvmi_39\" rel=\"nofollow noopener\" target=\"_blank\">F\u00e6drelandsvennen<\/a>. <\/p>\n<p class=\"_paragraph_1bvmi_4 _paragraph_xtcu6_10 layout-component text-serif-m layout-normal text-serif-m layout-padded\">\u2013 Start er veldig effektive, men de er s\u00e5pass solide at dette ender med seier og opprykk til Eliteserien, skriver s\u00f8rlending og TV 2-profil Jesper Mathisen p\u00e5 X. <\/p>\n<p><img alt=\"Foto: Tor Erik Schr\u00f8der \/ NTB\" class=\"_image_qp4xg_65 layout-component layout-normal\" data-fullscreen- data-track-element-type=\"Article image fullscreen\" data-track-name=\"ImageFullscreen\" decoding=\"async\" loading=\"lazy\" height=\"1769\" itemprop=\"image\"  src=\"https:\/\/www.europesays.com\/no\/wp-content\/uploads\/2025\/08\/66a485df-1667-47e5-941c-95c78806857b\"  style=\"object-position:0% 0%\" width=\"2654\"\/>Foto: Tor Erik Schr\u00f8der \/ NTB<\/p>\n<p class=\"_paragraph_1bvmi_4 _paragraph_xtcu6_10 layout-component text-serif-m layout-normal text-serif-m layout-padded\">F\u00f8r kampen fikk Kjetil Rekdal sp\u00f8rsm\u00e5l fra Sunnm\u00f8rsposten om hvorvidt kampen om direkte opprykk var over med tap i Kristiansand. <\/p>\n<p class=\"_paragraph_1bvmi_4 _paragraph_xtcu6_10 layout-component text-serif-m layout-normal text-serif-m layout-padded\">\u2013 Det er ikke umulig \u00e5 ta igjen \u00e5tte poeng, men det blir egentlig ni poeng siden Start har en god m\u00e5lforskjell. Det skal du klare p\u00e5 ti kamper. Start er s\u00e5pass solide ogs\u00e5, s\u00e5 da m\u00e5 du nesten vinne de ti siste kampene, sa Rekdal. <\/p>\n<p class=\"_paragraph_1bvmi_4 _paragraph_xtcu6_10 layout-component text-serif-m layout-normal text-serif-m layout-padded\">David Johanssons redusering f\u00e5 minutter f\u00f8r slutt ble ikke annet enn et tr\u00f8stem\u00e5l. Med ti kamper igjen har Aalesund \u00e5tte poeng opp til Start.  <\/p>\n<p class=\"_paragraph_1bvmi_4 _paragraph_xtcu6_10 layout-component text-serif-m layout-normal text-serif-m layout-padded\">PS. Det er f\u00f8rste gang p\u00e5 fem fors\u00f8k at Kjetil Rekdal taper mot Start siden exiten i 2019. Rekdal m\u00e5tte g\u00e5 fra jobben som Start-trener etter en personalsak med klubben. <\/p>\n","protected":false},"excerpt":{"rendered":"Spill Profeten Det ble et lite hyggelig gjensyn med det blide S\u00f8rland for Kjetil Rekdal. Kjetil Rekdal og&hellip;\n","protected":false},"author":2,"featured_media":16285,"comment_status":"","ping_status":"","sticky":false,"template":"","format":"standard","meta":{"footnotes":""},"categories":[59],"tags":[92,30,28,29,83,82],"class_list":{"0":"post-16284","1":"post","2":"type-post","3":"status-publish","4":"format-standard","5":"has-post-thumbnail","7":"category-sport","8":"tag-fotball","9":"tag-no","10":"tag-norge","11":"tag-norway","12":"tag-sport","13":"tag-sports"},"share_on_mastodon":{"url":"","error":""},"_links":{"self":[{"href":"https:\/\/www.europesays.com\/no\/wp-json\/wp\/v2\/posts\/16284","targetHints":{"allow":["GET"]}}],"collection":[{"href":"https:\/\/www.europesays.com\/no\/wp-json\/wp\/v2\/posts"}],"about":[{"href":"https:\/\/www.europesays.com\/no\/wp-json\/wp\/v2\/types\/post"}],"author":[{"embeddable":true,"href":"https:\/\/www.europesays.com\/no\/wp-json\/wp\/v2\/users\/2"}],"replies":[{"embeddable":true,"href":"https:\/\/www.europesays.com\/no\/wp-json\/wp\/v2\/comments?post=16284"}],"version-history":[{"count":0,"href":"https:\/\/www.europesays.com\/no\/wp-json\/wp\/v2\/posts\/16284\/revisions"}],"wp:featuredmedia":[{"embeddable":true,"href":"https:\/\/www.europesays.com\/no\/wp-json\/wp\/v2\/media\/16285"}],"wp:attachment":[{"href":"https:\/\/www.europesays.com\/no\/wp-json\/wp\/v2\/media?parent=16284"}],"wp:term":[{"taxonomy":"category","embeddable":true,"href":"https:\/\/www.europesays.com\/no\/wp-json\/wp\/v2\/categories?post=16284"},{"taxonomy":"post_tag","embeddable":true,"href":"https:\/\/www.europesays.com\/no\/wp-json\/wp\/v2\/tags?post=16284"}],"curies":[{"name":"wp","href":"https:\/\/api.w.org\/{rel}","templated":true}]}}