{"id":16327,"date":"2025-08-23T20:07:10","date_gmt":"2025-08-23T20:07:10","guid":{"rendered":"https:\/\/www.europesays.com\/no\/16327\/"},"modified":"2025-08-23T20:07:10","modified_gmt":"2025-08-23T20:07:10","slug":"sorloth-apnet-malkontoen-for-sesongen-holdt-ikke-til-seier-mot-elche","status":"publish","type":"post","link":"https:\/\/www.europesays.com\/no\/16327\/","title":{"rendered":"S\u00f8rloth \u00e5pnet m\u00e5lkontoen for sesongen \u2013 holdt ikke til seier mot Elche"},"content":{"rendered":"\n<p class=\"_lead_1bvmi_2 _lead_xtcu6_50 layout-component text-serif-m layout-normal text-serif-l layout-component layout-wide layout-padded _wide_17hqh_1 layout-padded\">Atletico Madrid-spissen Alexander S\u00f8rloth fikk nettsus etter f\u00e5 minutter i 1-1-kampen mot Elche i La Liga. Det var nordmannens f\u00f8rste scoring for sesongen. <\/p>\n<p><img alt=\" Foto: Isabel Infantes \/ Reuters \/ NTB\" class=\"_image_qp4xg_65 layout-component layout-wide\" data-fullscreen- data-track-element-type=\"Article image fullscreen\" data-track-name=\"ImageFullscreen\" fetchpriority=\"high\" decoding=\"sync\" loading=\"eager\" height=\"3713\" itemprop=\"image\"  src=\"https:\/\/www.europesays.com\/no\/wp-content\/uploads\/2025\/08\/60096448-a124-4cec-abf6-a4681ed1a48f\"  style=\"object-position:0% 0%\" width=\"5549\"\/> Foto: Isabel Infantes \/ Reuters \/ NTB<\/p>\n<ul aria-hidden=\"true\" class=\"_images_1y6fe_106\">\n<li><a class=\"_link_1y6fe_111\" href=\"https:\/\/www.vg.no\/forfatter\/ntb\" style=\"z-index:1\" title=\"NTB\" rel=\"nofollow noopener\" target=\"_blank\"><img alt=\"Bilde av NTB\" class=\"_image_1y6fe_88\" fetchpriority=\"low\" loading=\"lazy\" decoding=\"async\" itemprop=\"image\"  src=\"https:\/\/www.europesays.com\/no\/wp-content\/uploads\/2025\/08\/1755979630_792_c33980b0-5d07-4027-84a1-813f90a7c8d6\"  width=\"480\"\/><\/a><\/li>\n<\/ul>\n<p> Oppdatert l\u00f8rdag 23. august kl. 21:35     <\/p>\n<p class=\"_paragraph_1bvmi_4 _paragraph_xtcu6_10 layout-component text-serif-m layout-normal text-serif-m layout-padded\">Tr\u00f8nderen sendte Atletico i f\u00f8ringen etter 8 minutter. Lagkamerat David Hancko spilte en str\u00e5lende ball opp i feltet og S\u00f8rloth fikk l\u00f8pt opp ballen, f\u00f8r han satte den i lengste hj\u00f8rnet. <\/p>\n<p class=\"_paragraph_1bvmi_4 _paragraph_xtcu6_10 layout-component text-serif-m layout-normal text-serif-m layout-padded\">Rafa Mir utlignet for Elche etter et kvarter. Det ble ingen flere scoringer og dermed st\u00e5r Atl\u00e9tico Madrid med ett poeng etter to seriekamper. <\/p>\n<p class=\"_paragraph_1bvmi_4 _paragraph_xtcu6_10 layout-component text-serif-m layout-normal text-serif-m layout-padded\">S\u00f8rloth fikk de siste \u00e5tte minuttene p\u00e5 banen i 1-2-tapet for Espanyol i serie\u00e5pningen forrige s\u00f8ndag. Mot Elche ble han tatt av banen etter 68 minutter og erstattet av nysigneringen Giacomo Raspadori. <\/p>\n<p class=\"_paragraph_1bvmi_4 _paragraph_xtcu6_10 layout-component text-serif-m layout-normal text-serif-m layout-padded\">Kraftspissen scoret 24 m\u00e5l p\u00e5 50 kamper for Atletico forrige sesong, mange av dem fra benken. S\u00f8rloth scoret i snitt et m\u00e5l per 78. minutt i La Liga sist sesong.<\/p>\n<p class=\"_paragraph_1bvmi_4 _paragraph_xtcu6_10 layout-component text-serif-m layout-normal text-serif-m layout-padded\">Han ble hentet til hovedstadsklubben fra Villarreal i fjor sommer. <\/p>\n<p class=\"_paragraph_1bvmi_4 _paragraph_xtcu6_10 layout-component text-serif-m layout-normal text-serif-m layout-padded\">Atl\u00e9tico Madrid m\u00f8ter Alaves i neste serierunde. <\/p>\n","protected":false},"excerpt":{"rendered":"Atletico Madrid-spissen Alexander S\u00f8rloth fikk nettsus etter f\u00e5 minutter i 1-1-kampen mot Elche i La Liga. Det var&hellip;\n","protected":false},"author":2,"featured_media":16328,"comment_status":"","ping_status":"","sticky":false,"template":"","format":"standard","meta":{"footnotes":""},"categories":[59],"tags":[3033,3034,482,30,28,29,83,82],"class_list":{"0":"post-16327","1":"post","2":"type-post","3":"status-publish","4":"format-standard","5":"has-post-thumbnail","7":"category-sport","8":"tag-alexander-sorloth","9":"tag-atletico-madrid","10":"tag-la-liga","11":"tag-no","12":"tag-norge","13":"tag-norway","14":"tag-sport","15":"tag-sports"},"share_on_mastodon":{"url":"","error":""},"_links":{"self":[{"href":"https:\/\/www.europesays.com\/no\/wp-json\/wp\/v2\/posts\/16327","targetHints":{"allow":["GET"]}}],"collection":[{"href":"https:\/\/www.europesays.com\/no\/wp-json\/wp\/v2\/posts"}],"about":[{"href":"https:\/\/www.europesays.com\/no\/wp-json\/wp\/v2\/types\/post"}],"author":[{"embeddable":true,"href":"https:\/\/www.europesays.com\/no\/wp-json\/wp\/v2\/users\/2"}],"replies":[{"embeddable":true,"href":"https:\/\/www.europesays.com\/no\/wp-json\/wp\/v2\/comments?post=16327"}],"version-history":[{"count":0,"href":"https:\/\/www.europesays.com\/no\/wp-json\/wp\/v2\/posts\/16327\/revisions"}],"wp:featuredmedia":[{"embeddable":true,"href":"https:\/\/www.europesays.com\/no\/wp-json\/wp\/v2\/media\/16328"}],"wp:attachment":[{"href":"https:\/\/www.europesays.com\/no\/wp-json\/wp\/v2\/media?parent=16327"}],"wp:term":[{"taxonomy":"category","embeddable":true,"href":"https:\/\/www.europesays.com\/no\/wp-json\/wp\/v2\/categories?post=16327"},{"taxonomy":"post_tag","embeddable":true,"href":"https:\/\/www.europesays.com\/no\/wp-json\/wp\/v2\/tags?post=16327"}],"curies":[{"name":"wp","href":"https:\/\/api.w.org\/{rel}","templated":true}]}}