{"id":163337,"date":"2026-02-14T11:47:22","date_gmt":"2026-02-14T11:47:22","guid":{"rendered":"https:\/\/www.europesays.com\/no\/163337\/"},"modified":"2026-02-14T11:47:22","modified_gmt":"2026-02-14T11:47:22","slug":"lovbrudd-da-propalestinsk-gruppe-ble-stemplet-som-terrororganisasjon","status":"publish","type":"post","link":"https:\/\/www.europesays.com\/no\/163337\/","title":{"rendered":"Lovbrudd da propalestinsk gruppe ble stemplet som terrororganisasjon"},"content":{"rendered":"\n<p class=\"_lead_o9xde_2 _lead_6fko5_53 layout-component text-serif-m layout-normal text-serif-l layout-component layout-wide layout-padded _wide_17hqh_1 layout-padded\">High Court mener \u00abPalestine Action\u00bb ble ulovlig forbudt.<\/p>\n<p><img alt=\" Foto: BEN STANSALL \/ AFP \/ NTB\" class=\"_image_qp4xg_65 layout-component layout-wide\" data-fullscreen- data-track-element-type=\"Article image fullscreen\" data-track-name=\"ImageFullscreen\" fetchpriority=\"high\" decoding=\"sync\" loading=\"eager\" height=\"5372\" itemprop=\"image\"  src=\"https:\/\/www.europesays.com\/no\/wp-content\/uploads\/2026\/02\/f02e817a-7266-495d-b41c-92859764a744.png\"  style=\"object-position:0% 0%\" width=\"8058\"\/> Foto: BEN STANSALL \/ AFP \/ NTB<\/p>\n<ul aria-hidden=\"true\" class=\"_images_ntbth_112\">\n<li><a class=\"_link_ntbth_117\" href=\"https:\/\/www.vg.no\/forfatter\/anders-ihle-tovan\" style=\"z-index:2\" title=\"Anders Ihle Tovan\" rel=\"nofollow noopener\" target=\"_blank\"><img alt=\"Bilde av Anders Ihle Tovan\" class=\"_image_ntbth_93\" fetchpriority=\"low\" loading=\"lazy\" decoding=\"async\" itemprop=\"image\"  src=\"https:\/\/www.europesays.com\/no\/wp-content\/uploads\/2026\/02\/1771069641_358_0350a8a3-c2b8-4c34-b37b-ad43b021a76e.png\"  width=\"480\"\/><\/a><\/li>\n<li><a class=\"_link_ntbth_117\" href=\"https:\/\/www.vg.no\/forfatter\/ntb\" style=\"z-index:1\" title=\"NTB\" rel=\"nofollow noopener\" target=\"_blank\"><img alt=\"Bilde av NTB\" class=\"_image_ntbth_93\" fetchpriority=\"low\" loading=\"lazy\" decoding=\"async\" itemprop=\"image\"  src=\"https:\/\/www.europesays.com\/no\/wp-content\/uploads\/2026\/02\/1771069642_105_c33980b0-5d07-4027-84a1-813f90a7c8d6.png\"  width=\"480\"\/><\/a><\/li>\n<\/ul>\n<p> Oppdatert fredag 13. februar kl. 11:30    <\/p>\n<ul class=\"_list_o9xde_3 _list_64s2r_85 _unordered_o9xde_106 text-sans-m\">\n<li class=\"_item_o9xde_30\">En britisk domstol har konkludert med at regjeringen ulovlig stemplet Palestine Action som en terrororganisasjon.<\/li>\n<li class=\"_item_o9xde_30\">Gruppen ble forbudt etter \u00e5 ha skadet milit\u00e6rfly, men retten mener forbudet var feil.<\/li>\n<li class=\"_item_o9xde_30\">Regjeringen har anket avgj\u00f8relsen.<\/li>\n<\/ul>\n<p>Vis mer <\/p>\n<p class=\"_paragraph_o9xde_4 _paragraph_6fko5_10 layout-component text-serif-m layout-normal text-serif-m layout-padded\">En britisk domstol har konkludert med at regjeringen br\u00f8t loven da den stemplet den propalestinske aktivistgruppen Palestine Action som en terrororganisasjon.<\/p>\n<p class=\"_paragraph_o9xde_4 _paragraph_6fko5_10 layout-component text-serif-m layout-normal text-serif-m layout-padded\">High Court i London kom med sin avgj\u00f8relse fredag.<\/p>\n<p class=\"_paragraph_o9xde_4 _paragraph_6fko5_10 layout-component text-serif-m layout-normal text-serif-m layout-padded\"><strong class=\"_strong_o9xde_25\">Palestine Action<a href=\"https:\/\/www.vg.no\/nyheter\/i\/Pp74Ep\/storbritannia-blind-mann-i-rullestol-arrestert-under-terrorlov\" data-track-element-type=\"Link\" data-track-id=\"link:Pp74Ep\" class=\"_link_o9xde_39\" rel=\"nofollow noopener\" target=\"_blank\"> ble forbudt i juli i fjor <\/a>etter at aktivister br\u00f8t seg inn p\u00e5 en luftforsvarsbase og sprayet r\u00f8d maling p\u00e5 to milit\u00e6rfly. Skadene ble ansl\u00e5tt til 7 millioner pund.<\/strong><\/p>\n<p class=\"_paragraph_o9xde_4 _paragraph_6fko5_10 layout-component text-serif-m layout-normal text-serif-m layout-padded\">Siden forbudet tr\u00e5dte i kraft har<a href=\"https:\/\/www.vg.no\/nyheter\/i\/AvOE5r\/minst-200-arrestert-i-london-under-palestina-demonstrasjoner\" data-track-element-type=\"Link\" data-track-id=\"link:AvOE5r\" class=\"_link_o9xde_39\" rel=\"nofollow noopener\" target=\"_blank\"> nesten 1600 personer blitt arrestert <\/a>for \u00e5 st\u00f8tte gruppen. Mange av dem for \u00e5 holde skilt i stillhet med tekster som \u00abJeg motsetter meg folkemord. Jeg st\u00f8tter Palestine Action\u00bb.<\/p>\n<p> Anker avgj\u00f8relsen<\/p>\n<p class=\"_paragraph_o9xde_4 _paragraph_6fko5_10 layout-component text-serif-m layout-normal text-serif-m layout-padded\">Blant de arresterte var en<a href=\"https:\/\/www.vg.no\/nyheter\/i\/Pp74Ep\/storbritannia-blind-mann-i-rullestol-arrestert-under-terrorlov\" data-track-element-type=\"Link\" data-track-id=\"link:Pp74Ep\" class=\"_link_o9xde_39\" rel=\"nofollow noopener\" target=\"_blank\"> blind 62-\u00e5ring i rullestol <\/a>som holdt et slikt skilt.<\/p>\n<p class=\"_paragraph_o9xde_4 _paragraph_6fko5_10 layout-component text-serif-m layout-normal text-serif-m layout-padded\">\u00c5 v\u00e6re medlem av eller st\u00f8tte gruppen kunne straffes med opptil 14 \u00e5rs fengsel.<\/p>\n<p class=\"_paragraph_o9xde_4 _paragraph_6fko5_10 layout-component text-serif-m layout-normal text-serif-m layout-padded\"><strong class=\"_strong_o9xde_25\">Gruppen har st\u00f8tte fra kjente kulturpersonligheter som den irske bestselgerforfatteren<a href=\"https:\/\/www.vg.no\/nyheter\/i\/0V2wW0\/sally-rooney-med-palestina-stoette-tross-terror-stempel\" data-track-element-type=\"Link\" data-track-id=\"link:0V2wW0\" class=\"_link_o9xde_39\" rel=\"nofollow noopener\" target=\"_blank\"> Sally Rooney<\/a>, som har sagt hun vil donere inntektene fra BBC-filmatiseringene av b\u00f8kene sine til organisasjonen.<\/strong><\/p>\n<p class=\"_paragraph_o9xde_4 _paragraph_6fko5_10 layout-component text-serif-m layout-normal text-serif-m layout-padded\">FNs h\u00f8ykommiss\u00e6r for menneskerettigheter har tidligere kalt det britiske forbudet et \u00abbekymringsfullt misbruk\u00bb av terrorlovgivningen.<\/p>\n<p class=\"_paragraph_o9xde_4 _paragraph_6fko5_10 layout-component text-serif-m layout-normal text-serif-m layout-padded\">Regjeringen har anket High Courts avgj\u00f8relse.<\/p>\n","protected":false},"excerpt":{"rendered":"High Court mener \u00abPalestine Action\u00bb ble ulovlig forbudt. Foto: BEN STANSALL \/ AFP \/ NTB Oppdatert fredag 13.&hellip;\n","protected":false},"author":2,"featured_media":163338,"comment_status":"","ping_status":"","sticky":false,"template":"","format":"standard","meta":{"footnotes":"","_share_on_mastodon":"0"},"categories":[12],"tags":[20,21,5293,24,25,15,22,23,13,30,28,29,14,16,261,26,27,42,43,44,45],"class_list":["post-163337","post","type-post","status-publish","format-standard","has-post-thumbnail","category-verden","tag-breaking-news","tag-breakingnews","tag-domstol","tag-featured-news","tag-featurednews","tag-headlines","tag-latest-news","tag-latestnews","tag-news","tag-no","tag-norge","tag-norway","tag-nyheter","tag-overskrifter","tag-palestina","tag-top-stories","tag-topstories","tag-verden","tag-world","tag-world-news","tag-worldnews"],"share_on_mastodon":{"url":"https:\/\/pubeurope.com\/@no\/116068826693301162","error":""},"_links":{"self":[{"href":"https:\/\/www.europesays.com\/no\/wp-json\/wp\/v2\/posts\/163337","targetHints":{"allow":["GET"]}}],"collection":[{"href":"https:\/\/www.europesays.com\/no\/wp-json\/wp\/v2\/posts"}],"about":[{"href":"https:\/\/www.europesays.com\/no\/wp-json\/wp\/v2\/types\/post"}],"author":[{"embeddable":true,"href":"https:\/\/www.europesays.com\/no\/wp-json\/wp\/v2\/users\/2"}],"replies":[{"embeddable":true,"href":"https:\/\/www.europesays.com\/no\/wp-json\/wp\/v2\/comments?post=163337"}],"version-history":[{"count":0,"href":"https:\/\/www.europesays.com\/no\/wp-json\/wp\/v2\/posts\/163337\/revisions"}],"wp:featuredmedia":[{"embeddable":true,"href":"https:\/\/www.europesays.com\/no\/wp-json\/wp\/v2\/media\/163338"}],"wp:attachment":[{"href":"https:\/\/www.europesays.com\/no\/wp-json\/wp\/v2\/media?parent=163337"}],"wp:term":[{"taxonomy":"category","embeddable":true,"href":"https:\/\/www.europesays.com\/no\/wp-json\/wp\/v2\/categories?post=163337"},{"taxonomy":"post_tag","embeddable":true,"href":"https:\/\/www.europesays.com\/no\/wp-json\/wp\/v2\/tags?post=163337"}],"curies":[{"name":"wp","href":"https:\/\/api.w.org\/{rel}","templated":true}]}}