{"id":163576,"date":"2026-02-14T18:20:11","date_gmt":"2026-02-14T18:20:11","guid":{"rendered":"https:\/\/www.europesays.com\/no\/163576\/"},"modified":"2026-02-14T18:20:11","modified_gmt":"2026-02-14T18:20:11","slug":"snokaos-pa-haugalandet-krevende-forhold","status":"publish","type":"post","link":"https:\/\/www.europesays.com\/no\/163576\/","title":{"rendered":"Sn\u00f8kaos p\u00e5 Haugalandet: \u2013 Krevende forhold"},"content":{"rendered":"\n<p class=\"_lead_o9xde_2 _lead_6fko5_53 layout-component text-serif-m layout-normal text-serif-l layout-component layout-wide layout-padded _wide_17hqh_1 layout-padded\">Uvanlig mye sn\u00f8 skaper tr\u00f8bbel flere steder og rammer blant annet hjemmetjenesten i store kommuner.<\/p>\n<p><img alt=\"Br\u00f8ytemannskaper har jobbet p\u00e5 spreng p\u00e5 Haugalandet. Her fra Karm\u00f8y.  Foto: Odd Terje Stangeland \/ Karm\u00f8y kommune \" class=\"_image_qp4xg_65 layout-component layout-wide\" data-fullscreen- data-track-element-type=\"Article image fullscreen\" data-track-name=\"ImageFullscreen\" fetchpriority=\"high\" decoding=\"sync\" loading=\"eager\" height=\"932\" itemprop=\"image\"  src=\"https:\/\/www.europesays.com\/no\/wp-content\/uploads\/2026\/02\/d6f265c3-414a-46b6-995c-e4aaa47421a0.jpeg\"  style=\"object-position:0% 0%\" width=\"1243\"\/>Br\u00f8ytemannskaper har jobbet p\u00e5 spreng p\u00e5 Haugalandet. Her fra Karm\u00f8y.  Foto: Odd Terje Stangeland \/ Karm\u00f8y kommune <\/p>\n<ul aria-hidden=\"true\" class=\"_images_ntbth_112\">\n<li><a class=\"_link_ntbth_117\" href=\"https:\/\/www.vg.no\/forfatter\/einar-torkelsen\" style=\"z-index:1\" title=\"Einar Torkelsen\" rel=\"nofollow noopener\" target=\"_blank\"><img alt=\"Bilde av Einar Torkelsen\" class=\"_image_ntbth_93\" fetchpriority=\"low\" loading=\"lazy\" decoding=\"async\" itemprop=\"image\"  src=\"https:\/\/www.europesays.com\/no\/wp-content\/uploads\/2026\/02\/1771093208_720_f6016772-ddbc-43d2-b733-41afc7cc9046.png\"  width=\"480\"\/><\/a><\/li>\n<\/ul>\n<p> Oppdatert l\u00f8rdag 14. februar kl. 18:41     <\/p>\n<p class=\"_paragraph_o9xde_4 _paragraph_6fko5_10 layout-component text-serif-m layout-normal text-serif-m layout-padded\">\u2013 Det har kommet utrolig mye sn\u00f8 i l\u00f8pet av natten, og det gir krevende forhold p\u00e5 veiene, sier Nils Konrad Bua. <\/p>\n<p class=\"_paragraph_o9xde_4 _paragraph_6fko5_10 layout-component text-serif-m layout-normal text-serif-m layout-padded\">Han er ordf\u00f8rer i Haugesund, en av flere kommuner p\u00e5 Haugalandet i <a href=\"https:\/\/www.vg.no\/tag\/rogaland?utm_source=vg-article&amp;utm_medium=auto-tagger&amp;utm_campaign=V69pv4\" class=\"_link_o9xde_39\" rel=\"nofollow noopener\" target=\"_blank\">Rogaland<\/a> som er rammet av kraftig sn\u00f8v\u00e6r. <\/p>\n<p class=\"_paragraph_o9xde_4 _paragraph_6fko5_10 layout-component text-serif-m layout-normal text-serif-m layout-padded\">\u2013 Alt tilgjengelig br\u00f8ytemannskap er ute og gj\u00f8r det de kan, men vi m\u00e5 v\u00e6re \u00e6rlige p\u00e5 at veinettet i Haugalandet er stort, og det tar tid \u00e5 komme overalt, sier han. <\/p>\n<p><img alt=\"En karm\u00f8ybu var ute og lekte med hunden Edda i sn\u00f8en p\u00e5 l\u00f8rdag.   Foto: Johannes Holvik\" class=\"_image_qp4xg_65 layout-component layout-normal\" data-fullscreen- data-track-element-type=\"Article image fullscreen\" data-track-name=\"ImageFullscreen\" decoding=\"async\" loading=\"lazy\" height=\"947\" itemprop=\"image\"  src=\"https:\/\/www.europesays.com\/no\/wp-content\/uploads\/2026\/02\/e2c64d64-df2f-4ac2-856f-3271ad0bf131.jpeg\"  style=\"object-position:0% 0%\" width=\"947\"\/>En karm\u00f8ybu var ute og lekte med hunden Edda i sn\u00f8en p\u00e5 l\u00f8rdag.   Foto: Johannes Holvik<\/p>\n<p class=\"_paragraph_o9xde_4 _paragraph_6fko5_10 layout-component text-serif-m layout-normal text-serif-m layout-padded\">Ordf\u00f8reren sier at de ikke er vant til s\u00e5 mye sn\u00f8 p\u00e5 Haugalandet. Han oppfordrer til t\u00e5lmodighet. <\/p>\n<p class=\"_paragraph_o9xde_4 _paragraph_6fko5_10 layout-component text-serif-m layout-normal text-serif-m layout-padded\">\u2013 N\u00e5 er det viktig at vi lar br\u00f8ytemannskapene f\u00e5 jobbe i fred, og at folk unng\u00e5r \u00e5 bruke bil hvis de ikke m\u00e5. Det er viktig \u00e5 ta vare og hjelpe hverandre, sier Bua. <\/p>\n<ul class=\"_list_o9xde_3 _list_6fko5_9 _unordered_o9xde_106 layout-component text-serif-m layout-normal text-serif-m layout-padded\">\n<li class=\"_item_o9xde_30\"><a href=\"https:\/\/www.vg.no\/tips-oss\" class=\"_link_o9xde_39\" rel=\"nofollow noopener\" target=\"_blank\"><strong class=\"_strong_o9xde_25\">Har du bilder eller video? Tips oss!<\/strong><\/a><\/li>\n<\/ul>\n<p>\u2013 En fryktelig tung jobb<\/p>\n<p class=\"_paragraph_o9xde_4 _paragraph_6fko5_10 layout-component text-serif-m layout-normal text-serif-m layout-padded\">\u2013 Vi har nesten ikke hatt sn\u00f8fnugg i hele vinter, plutselig v\u00e5knet vi til dette!<\/p>\n<p class=\"_paragraph_o9xde_4 _paragraph_6fko5_10 layout-component text-serif-m layout-normal text-serif-m layout-padded\">Det sier Espen Hirsti Eriksen fra Tysv\u00e6r.<\/p>\n<p class=\"_paragraph_o9xde_4 _paragraph_6fko5_10 layout-component text-serif-m layout-normal text-serif-m layout-padded\">Han og s\u00f8nnen Hans Magnus (15) fikk seg en tung m\u00e5kejobb p\u00e5 seilb\u00e5ten som st\u00e5r i Haugesund.<\/p>\n<p><img alt=\"\u2013 Vi bruker til og med b\u00e5ten litt om vinteren, s\u00e5 dette var en ny opplevelse, sier Espen Hirsti Eriksen.  Foto: Silje Linnes\" class=\"_image_qp4xg_65 layout-component layout-normal\" data-fullscreen- data-track-element-type=\"Article image fullscreen\" data-track-name=\"ImageFullscreen\" decoding=\"async\" loading=\"lazy\" height=\"4080\" itemprop=\"image\"  src=\"https:\/\/www.europesays.com\/no\/wp-content\/uploads\/2026\/02\/88da8096-b759-48ef-ad84-a0131d5ffc36.jpeg\"  style=\"object-position:0% 0%\" width=\"1884\"\/>\u2013 Vi bruker til og med b\u00e5ten litt om vinteren, s\u00e5 dette var en ny opplevelse, sier Espen Hirsti Eriksen.  Foto: Silje Linnes<\/p>\n<p class=\"_paragraph_o9xde_4 _paragraph_6fko5_10 layout-component text-serif-m layout-normal text-serif-m layout-padded\">\u2013 Det er f\u00f8rste gang vi har hatt s\u00e5 mye sn\u00f8 ombord p\u00e5 den m\u00e5ten! Det var fryktelig mye sn\u00f8, og ble en fryktelig tung jobb, sier Eriksen til VG. <\/p>\n<p class=\"_paragraph_o9xde_4 _paragraph_6fko5_10 layout-component text-serif-m layout-normal text-serif-m layout-padded\">\u2013 Vi m\u00e5tte ogs\u00e5 v\u00e6re forsiktige, for b\u00e5ten st\u00e5r jo faktisk p\u00e5 sj\u00f8en. Vi m\u00e5tte jobbe oss innover og v\u00e6re forsiktig med kalesjenkalesjenEt sammenleggbart trekk (ofte av kraftig duk) som kan dekke hele eller deler av b\u00e5ten.. Vi hadde jo ikke dekket det helt til, s\u00e5nn som de gj\u00f8r i Oslo.<\/p>\n<p>Rammer hjemmetjenesten<\/p>\n<p class=\"_paragraph_o9xde_4 _paragraph_6fko5_10 layout-component text-serif-m layout-normal text-serif-m layout-padded\">Sn\u00f8mengdene rammer flere av kommunens tjenester. Enkelte bes\u00f8k kan bli forsinket eller utsatt.<\/p>\n<p class=\"_paragraph_o9xde_4 _paragraph_6fko5_10 layout-component text-serif-m layout-normal text-serif-m layout-padded\">\u2013 Mye sn\u00f8 gj\u00f8r det vanskelig for hjemmetjenesten \u00e5 komme fram flere steder i kommunen og m\u00e5 gj\u00f8re n\u00f8dvendige prioriteringer for \u00e5 sikre at de med st\u00f8rst og mest kritisk behov f\u00e5r hjelp f\u00f8rst, skriver Haugesund kommune p\u00e5 <a href=\"https:\/\/www.facebook.com\/reel\/907424845409210\/?__cft__[0]=AZbpIv3iHN-eWcJt39eGyO06Ap6yFX9kvJbUhlceRmBUFvCWOowa2Zop8JaPTzY0stAITaL-U80DCQplPd5ymeguTypWuiP8cUfpn9rAY-wHiw4QkR0Qd_eIzJSZqLljiuQiBnOCc3AVioqWpDOckgfIUOnVou9ZtS53LYc3aqidH8iggNSekiwY6OR6x25uhUqW9tyLaKQ-AnbQUG6emwGM&amp;__tn__=%2CO%2CP-R\" class=\"_link_o9xde_39\" rel=\"nofollow noopener\" target=\"_blank\">Facebook<\/a>. <\/p>\n<p>Et busstopp er sn\u00f8dd inn. Foto: VG-tipser<\/p>\n<p class=\"_paragraph_o9xde_4 _paragraph_6fko5_10 layout-component text-serif-m layout-normal text-serif-m layout-padded\">De ber naboer og p\u00e5r\u00f8rende om \u00e5 bidra for \u00e5 sikre fremkommelighet, blant annet ved \u00e5 m\u00e5ke og \u00e5 holde trapper og inngangspartier frie for sn\u00f8. <\/p>\n<p>\u2013 Kalt inn ekstra<\/p>\n<p class=\"_paragraph_o9xde_4 _paragraph_6fko5_10 layout-component text-serif-m layout-normal text-serif-m layout-padded\">Ogs\u00e5 p\u00e5 Karm\u00f8y skaper sn\u00f8en utfordringer. <\/p>\n<p class=\"_paragraph_o9xde_4 _paragraph_6fko5_10 layout-component text-serif-m layout-normal text-serif-m layout-padded\">\u2013 Sn\u00f8fallet har gitt vanskelig fremkommelighet i kommunen v\u00e5r. Hjemmetjenesten har kalt inn ekstra personale og m\u00e5 prioritere de med st\u00f8rst hjelpebehov f\u00f8rst, skriver kommunen p\u00e5 <a href=\"https:\/\/www.facebook.com\/Karmoy.kommune\/posts\/pfbid02JqPZt1q3SJbAc6DdGgAoZkvwmLXszE3CUTPUuqFWti2cXi3ueuxH3qK9diHrtWHol?__cft__[0]=AZaBg7mNTq1HSL9yzEFExQNuRe59HGOBCM1T7gU3mXoujfwGiIHMYUNKP3hWl6mWQrYw7nIfItaIKG3xJwPg_kao9wTFlilawg8G6T9TnVXx3tVzy5LwmN2OklGgshVWmFOo8lZU6JOOyWQTkdpNE9URmFtf3rdnVoeeTWeOQA6ASCnddoUtzkscPpGOqE6VpYQ&amp;__tn__=%2CO%2CP-R\" class=\"_link_o9xde_39\" rel=\"nofollow noopener\" target=\"_blank\">Facebook<\/a>. <\/p>\n<p class=\"_paragraph_o9xde_4 _paragraph_6fko5_10 layout-component text-serif-m layout-normal text-serif-m layout-padded\">Brukere og eventuelle p\u00e5r\u00f8rende blir kontaktet av kommunen. <\/p>\n<p class=\"_paragraph_o9xde_4 _paragraph_6fko5_10 layout-component text-serif-m layout-normal text-serif-m layout-padded\">\u2013 All tilgjengelig br\u00f8ytemannskap er ute \u00e5 rydder veiene og fors\u00f8ker \u00e5 holde disse \u00e5pne. Private er leid inn, skriver kommunen. <\/p>\n<p>\u2013 Husk \u00e5 m\u00e5ke<\/p>\n<p class=\"_paragraph_o9xde_4 _paragraph_6fko5_10 layout-component text-serif-m layout-normal text-serif-m layout-padded\">Sn\u00f8v\u00e6ret rammer ogs\u00e5 renovasjonsetaten.<\/p>\n<p class=\"_paragraph_o9xde_4 _paragraph_6fko5_10 layout-component text-serif-m layout-normal text-serif-m layout-padded\">\u2013 Sn\u00f8fallet gir utfordringer for renovat\u00f8rene og renovasjonsbilene. Husk \u00e5 m\u00e5ke sn\u00f8en av dunkene og sikre trygg og lett tilkomst.<\/p>\n<p><img alt=\"En m\u00e5kebil i Sveio.  Foto: Sveio kommune\" class=\"_image_qp4xg_65 layout-component layout-normal\" data-fullscreen- data-track-element-type=\"Article image fullscreen\" data-track-name=\"ImageFullscreen\" decoding=\"async\" loading=\"lazy\" height=\"1152\" itemprop=\"image\"  src=\"https:\/\/www.europesays.com\/no\/wp-content\/uploads\/2026\/02\/cff36287-e5dd-4a7e-b43f-71cb5d4a29f9.jpeg\"  style=\"object-position:0% 0%\" width=\"1536\"\/>En m\u00e5kebil i Sveio.  Foto: Sveio kommune<\/p>\n<p class=\"_paragraph_o9xde_4 _paragraph_6fko5_10 layout-component text-serif-m layout-normal text-serif-m layout-padded\">Tysv\u00e6r kommune melder ogs\u00e5 om utfordringer for hjemmetjenesten. Det samme gj\u00f8r Sveio, som ligger helt s\u00f8r i Vestland.<\/p>\n<p class=\"_paragraph_o9xde_4 _paragraph_6fko5_10 layout-component text-serif-m layout-normal text-serif-m layout-padded\">\u2013 V\u00e5re ansatte jobber hardt for \u00e5 sikre n\u00f8dvendig hjelp, men d\u00e5rlig fremkommelighet skaper forsinkelser og utfordringer, skriver kommunen p\u00e5 <a href=\"https:\/\/www.facebook.com\/tysverkommune\/posts\/pfbid02npaaWGTKo9mNMK61xUNFYweiTMZtBZyTYoPPvpeSsxCpDVj1fHFyCkjNBCCRUncVl?__cft__[0]=AZbn_v5bMtcwryoPX13wdouXXRGmvpZ5ov9BkjJJRGEefpzT0IWOtXvfPsxa-EqUew4PhUO8a0lKw6SEsLfpWkqd9SaOsZ_EksSH0Ef9T35dG-HJFsU5SL6jgW6Qj3YfzPOa0tCvOvTFsPguzSOYXA4dVROstRcwqdI5y1-ZNGyA4yLscp05Ku3QCkKnn71uJxY&amp;__tn__=%2CO%2CP-R\" class=\"_link_o9xde_39\" rel=\"nofollow noopener\" target=\"_blank\">Facebook<\/a>. <\/p>\n<p>\u2013 Blitt en del sn\u00f8<\/p>\n<p class=\"_paragraph_o9xde_4 _paragraph_6fko5_10 layout-component text-serif-m layout-normal text-serif-m layout-padded\">\u2013 Dette er et lite lavtrykkssystem som har flyttet seg s\u00f8rover fra Vestland og ned mot Rogaland, og for s\u00e5 vidt inn i Agder. Systemet har beveget seg ganske sakte. Det har gjort at det har blitt en del sn\u00f8 enkelte steder, sier vakthavende meteorolog Per Egil Haga ved Meteorologisk institutt. <\/p>\n<p class=\"_paragraph_o9xde_4 _paragraph_6fko5_10 layout-component text-serif-m layout-normal text-serif-m layout-padded\">Temperaturene ligger rundt 0 grader p\u00e5 Haugalandet. L\u00f8rdag ettermiddag har sn\u00f8fallet roet seg, men det er ventet enda mer nedb\u00f8r fra s\u00f8ndag av. <\/p>\n<p class=\"_paragraph_o9xde_4 _paragraph_6fko5_10 layout-component text-serif-m layout-normal text-serif-m layout-padded\">Meteorologisk institutt har sendt ut et gult farevarsel for kraftig sn\u00f8fokk for deler av S\u00f8rvestlandet, inkludert Haugalandet. Farevarselet gjelder fra s\u00f8ndag ettermiddag. <\/p>\n<p class=\"_paragraph_o9xde_4 _paragraph_6fko5_10 layout-component text-serif-m layout-normal text-serif-m layout-padded\">\u2013 Det blir nok nedb\u00f8r utover ettermiddagen i morgen ogs\u00e5. Det blir sterk vind b\u00e5de p\u00e5 kysten og oppe i fjellet, b\u00e5de i Rogaland og nordover p\u00e5 Vestlandet. Det blir litt rufsete v\u00e6r, sier Haga. <\/p>\n<p class=\"_paragraph_o9xde_4 _paragraph_6fko5_10 layout-component text-serif-m layout-normal text-serif-m layout-padded\">De har ogs\u00e5 sendt ut farevarsel for kraftig sn\u00f8fokk i fjellomr\u00e5dene i S\u00f8r-Norge. <\/p>\n<p>    <img decoding=\"async\" alt=\"Tips oss illustrasjon\" src=\"https:\/\/www.europesays.com\/no\/wp-content\/uploads\/2025\/10\/pssst-small.webp.webp\"\/>    <\/p>\n<p class=\"title-serif-s\">Har du tips?<\/p>\n<p class=\"text-sans-m\">Send oss informasjon, bilder eller video.<\/p>\n<p>  <a href=\"https:\/\/www.vg.no\/tips-oss\" rel=\"nofollow noopener\" target=\"_blank\"> Tips oss <\/a>      <\/p>\n","protected":false},"excerpt":{"rendered":"Uvanlig mye sn\u00f8 skaper tr\u00f8bbel flere steder og rammer blant annet hjemmetjenesten i store kommuner. Br\u00f8ytemannskaper har jobbet&hellip;\n","protected":false},"author":2,"featured_media":163577,"comment_status":"","ping_status":"","sticky":false,"template":"","format":"standard","meta":{"footnotes":"","_share_on_mastodon":"0"},"categories":[10],"tags":[31,20,21,24,25,9167,1337,15,1761,22,23,1202,13,30,28,29,14,16,536,6527,2160,26,27,553],"class_list":["post-163576","post","type-post","status-publish","format-standard","has-post-thumbnail","category-norge","tag-breaking","tag-breaking-news","tag-breakingnews","tag-featured-news","tag-featurednews","tag-haugalandet","tag-haugesund","tag-headlines","tag-karmoy","tag-latest-news","tag-latestnews","tag-meteorologisk-institutt","tag-news","tag-no","tag-norge","tag-norway","tag-nyheter","tag-overskrifter","tag-rogaland","tag-sno","tag-sveio","tag-top-stories","tag-topstories","tag-vaer"],"share_on_mastodon":{"url":"https:\/\/pubeurope.com\/@no\/116070372326087952","error":""},"_links":{"self":[{"href":"https:\/\/www.europesays.com\/no\/wp-json\/wp\/v2\/posts\/163576","targetHints":{"allow":["GET"]}}],"collection":[{"href":"https:\/\/www.europesays.com\/no\/wp-json\/wp\/v2\/posts"}],"about":[{"href":"https:\/\/www.europesays.com\/no\/wp-json\/wp\/v2\/types\/post"}],"author":[{"embeddable":true,"href":"https:\/\/www.europesays.com\/no\/wp-json\/wp\/v2\/users\/2"}],"replies":[{"embeddable":true,"href":"https:\/\/www.europesays.com\/no\/wp-json\/wp\/v2\/comments?post=163576"}],"version-history":[{"count":0,"href":"https:\/\/www.europesays.com\/no\/wp-json\/wp\/v2\/posts\/163576\/revisions"}],"wp:featuredmedia":[{"embeddable":true,"href":"https:\/\/www.europesays.com\/no\/wp-json\/wp\/v2\/media\/163577"}],"wp:attachment":[{"href":"https:\/\/www.europesays.com\/no\/wp-json\/wp\/v2\/media?parent=163576"}],"wp:term":[{"taxonomy":"category","embeddable":true,"href":"https:\/\/www.europesays.com\/no\/wp-json\/wp\/v2\/categories?post=163576"},{"taxonomy":"post_tag","embeddable":true,"href":"https:\/\/www.europesays.com\/no\/wp-json\/wp\/v2\/tags?post=163576"}],"curies":[{"name":"wp","href":"https:\/\/api.w.org\/{rel}","templated":true}]}}