{"id":163640,"date":"2026-02-14T20:10:12","date_gmt":"2026-02-14T20:10:12","guid":{"rendered":"https:\/\/www.europesays.com\/no\/163640\/"},"modified":"2026-02-14T20:10:12","modified_gmt":"2026-02-14T20:10:12","slug":"andre-jensen-fra-hagle-apner-opp-om-oppveksten","status":"publish","type":"post","link":"https:\/\/www.europesays.com\/no\/163640\/","title":{"rendered":"Andr\u00e9 Jensen fra \u00abHagle\u00bb \u00e5pner opp om oppveksten"},"content":{"rendered":"\n<p class=\"_lead_o9xde_2 _lead_6fko5_53 layout-component text-serif-m layout-normal text-serif-l layout-component layout-wide layout-padded _wide_17hqh_1 layout-padded\">\u2013 Ingen vet noe om privatlivet mitt, sier country-rapperen Andr\u00e9 Jensen (38). Han \u00e5pner opp om oppveksten i en pinsemenighet i kveldens TV-program.<\/p>\n<p><img alt=\"Andr\u00e9 Jensen sier faren har v\u00e6rt en stor musikalsk inspirasjon. Foto: Skjermdump\/TV 2\" class=\"_image_qp4xg_65 layout-component layout-wide\" data-fullscreen- data-track-element-type=\"Article image fullscreen\" data-track-name=\"ImageFullscreen\" fetchpriority=\"high\" decoding=\"sync\" loading=\"eager\" height=\"1828\" itemprop=\"image\"  src=\"https:\/\/www.europesays.com\/no\/wp-content\/uploads\/2026\/02\/3ef25be3-3941-4575-8b0a-9d8d1496b7f6.jpeg\"  style=\"object-position:0% 0%\" width=\"3260\"\/>Andr\u00e9 Jensen sier faren har v\u00e6rt en stor musikalsk inspirasjon. Foto: Skjermdump\/TV 2<\/p>\n<ul aria-hidden=\"true\" class=\"_images_ntbth_112\">\n<li><a class=\"_link_ntbth_117\" href=\"https:\/\/www.vg.no\/forfatter\/hanne-kretuz-hansen\" style=\"z-index:1\" title=\"Hanne Kreutz-Hansen\" rel=\"nofollow noopener\" target=\"_blank\"><img alt=\"Bilde av Hanne Kreutz-Hansen\" class=\"_image_ntbth_93\" fetchpriority=\"low\" loading=\"lazy\" decoding=\"async\" itemprop=\"image\"  src=\"https:\/\/www.europesays.com\/no\/wp-content\/uploads\/2026\/02\/1771099809_269_91499188-43f5-43fa-b038-5716eac94ffb.jpeg\"  width=\"480\"\/><\/a><\/li>\n<\/ul>\n<p> Oppdatert l\u00f8rdag 14. februar kl. 20:51     <\/p>\n<p class=\"_paragraph_o9xde_4 _paragraph_6fko5_10 layout-component text-serif-m layout-normal text-serif-m layout-padded\">\u2013 Jeg har gruet meg veldig, jeg vet vi skal inn p\u00e5 ting som er touchy for meg, sier Andr\u00e9 Jensen f\u00f8r gjestene samler seg rundt bordet.<\/p>\n<p class=\"_paragraph_o9xde_4 _paragraph_6fko5_10 layout-component text-serif-m layout-normal text-serif-m layout-padded\">\u2013 Det var mye som var spr\u00f8tt, sier han og forteller om tungetalene som var vanlig i menigheten familien var en del av.<\/p>\n<p class=\"_paragraph_o9xde_4 _paragraph_6fko5_10 layout-component text-serif-m layout-normal text-serif-m layout-padded\">For syvende l\u00f8rdag p\u00e5 rad synges og mimres det p\u00e5 \u00abHver gang vi m\u00f8tes\u00bb p\u00e5 TV 2. Denne gangen er det Jensen fra suksessduoen \u00abHagle\u00bb som skal hedres.<\/p>\n<p class=\"_paragraph_o9xde_4 _paragraph_6fko5_10 layout-component text-serif-m layout-normal text-serif-m layout-padded\">Her kan du se bilder fra l\u00f8rdagens sending:<\/p>\n<ul class=\"_gallery_1qa3s_23\" tabindex=\"0\">\n<li class=\"_item_1qa3s_37\" data-index=\"0\"><img decoding=\"async\" class=\"_image_foru8_23 _articleGallery_foru8_39\" data-fullscreen- width=\"1920\" height=\"1080\" itemprop=\"image\" loading=\"lazy\"  src=\"https:\/\/www.europesays.com\/no\/wp-content\/uploads\/2026\/02\/a3052660-098c-4fd3-91bf-73d72c4f0211.jpeg\"  style=\"object-position:50% 50%;aspect-ratio:var(--gallery-aspect-ratio, 16 \/ 9)\"\/> \u2013 Sjarmerende, synes VGs anmelder.<\/li>\n<li class=\"_item_1qa3s_37\" data-index=\"1\"><img decoding=\"async\" class=\"_image_foru8_23 _articleGallery_foru8_39\" data-fullscreen- width=\"1600\" height=\"900\" itemprop=\"image\" loading=\"lazy\"  src=\"https:\/\/www.europesays.com\/no\/wp-content\/uploads\/2026\/02\/c69db05f-9741-4bfc-8593-f218fcd3c1bc.png\"  style=\"object-position:50% 50%;aspect-ratio:var(--gallery-aspect-ratio, 16 \/ 9)\"\/>\u2013 Det er g\u00f8y \u00e5 bryne seg p\u00e5 en sjanger som er s\u00e5 langt fra min, sa Marit Larsen, f\u00f8r hun gikk p\u00e5 scenen med \u00abRull\u00e6r\u00bb.<\/li>\n<li class=\"_item_1qa3s_37\" data-index=\"2\"><img decoding=\"async\" class=\"_image_foru8_23 _articleGallery_foru8_39\" data-fullscreen- width=\"3276\" height=\"1838\" itemprop=\"image\" loading=\"lazy\"  src=\"https:\/\/www.europesays.com\/no\/wp-content\/uploads\/2026\/02\/78679d96-f6c2-4426-b061-b414f4af60f9.jpeg\"  style=\"object-position:50% 50%;aspect-ratio:var(--gallery-aspect-ratio, 16 \/ 9)\"\/>Det er en \u00e6re, sier Andr\u00e9 til Espen Lind. Foto: Gabriel Aas Sk\u00e5levik \/ VG<\/li>\n<li class=\"_item_1qa3s_37\" data-index=\"3\"><img decoding=\"async\" class=\"_image_foru8_23 _articleGallery_foru8_39\" data-fullscreen- width=\"1600\" height=\"900\" itemprop=\"image\" loading=\"lazy\"  src=\"https:\/\/www.europesays.com\/no\/wp-content\/uploads\/2026\/02\/078d29d0-dbb9-42b0-97e4-e2feb6da027f.png\"  style=\"object-position:50% 50%;aspect-ratio:var(--gallery-aspect-ratio, 16 \/ 9)\"\/>Espen Lind valgte \u00e5 hylle den hardtarbeidende arbeidskaren, med \u00ab\u00c6rbesk\u00e6r\u00bb.<\/li>\n<\/ul>\n<p> \u2013 Sjarmerende, synes VGs anmelder.<\/p>\n<p class=\"_paragraph_o9xde_4 _paragraph_6fko5_10 layout-component text-serif-m layout-normal text-serif-m layout-padded\">\u2013 Du kan ta jenta ut av bygda, men ikke bygda ut av jenta, sa Synne Vo, som \u00e5pnet kveldens \u00abintimkonsert\u00bb med sin tolkning av hiten \u00abB\u00f8gda\u00bb.<\/p>\n<p class=\"_paragraph_o9xde_4 _paragraph_6fko5_10 layout-component text-serif-m layout-normal text-serif-m layout-padded\"><strong class=\"_strong_o9xde_25\">Les VGs musikkanmelder Tor Martin B\u00f8es dom her \u2013 og trill terning selv!<\/strong><\/p>\n<p>\u2013 Mye redd<\/p>\n<p class=\"_paragraph_o9xde_4 _paragraph_6fko5_10 layout-component text-serif-m layout-normal text-serif-m layout-padded\">\u2013 Vi var en veldig kristen familie, sier han og forteller om en oppvekst i pinsemenigheten med mye forkynning, b\u00f8nn og frykt for \u00ab\u00e5 havne i helvetet\u00bb.<\/p>\n<p class=\"_paragraph_o9xde_4 _paragraph_6fko5_10 layout-component text-serif-m layout-normal text-serif-m layout-padded\">\u2013 Jeg var veldig mye redd, sier han.<\/p>\n<p class=\"_paragraph_o9xde_4 _paragraph_6fko5_10 layout-component text-serif-m layout-normal text-serif-m layout-padded\">Det var mye man ikke skulle tenke p\u00e5 eller gj\u00f8re, forteller han, men bare man ba nok, var det h\u00e5p. <\/p>\n<p class=\"_paragraph_o9xde_4 _paragraph_6fko5_10 layout-component text-serif-m layout-normal text-serif-m layout-padded\">\u2013 Jeg f\u00f8lte det var mitt ansvar \u00e5 redde verden, sier han og understreker at det ogs\u00e5 var en oppvekst med mye musikk, lek og kj\u00e6rlighet i en sammensveiset familie.<\/p>\n<p class=\"_paragraph_o9xde_4 _paragraph_6fko5_10 layout-component text-serif-m layout-normal text-serif-m layout-padded\">Den musikalske oppveksten har nok hatt mye \u00e5 si for at han i dag lager musikk, sier han selv.<\/p>\n<p><img alt=\"Marcus, Herborg Kr\u00e5kevik, Musti, Espen Lind, Synne Vo, Marit Larsen og Martinus synger for Andr\u00e9 Jensen fra \u00abHagle\u00bb i kveld.\" class=\"_image_qp4xg_65 layout-component layout-normal\" data-fullscreen- data-track-element-type=\"Article image fullscreen\" data-track-name=\"ImageFullscreen\" decoding=\"async\" loading=\"lazy\" height=\"1153\" itemprop=\"image\"  src=\"https:\/\/www.europesays.com\/no\/wp-content\/uploads\/2026\/02\/e7631464-32c9-4af6-927b-1a3b5a911497.jpeg\"  style=\"object-position:0% 0%\" width=\"2048\"\/>Marcus, Herborg Kr\u00e5kevik, Musti, Espen Lind, Synne Vo, Marit Larsen og Martinus synger for Andr\u00e9 Jensen fra \u00abHagle\u00bb i kveld.<\/p>\n<p class=\"_paragraph_o9xde_4 _paragraph_6fko5_10 layout-component text-serif-m layout-normal text-serif-m layout-padded\">\u00d8stfoldingen fra Mysen har vunnet to Spellemannspriser, og har hatt stor suksess p\u00e5 norske festivaler og str\u00f8mmetjenester med country- og bygdeduoen som han startet sammen med barndomskompisen Olav Tokerud. <\/p>\n<p class=\"_paragraph_o9xde_4 _paragraph_6fko5_10 layout-component text-serif-m layout-normal text-serif-m layout-padded\">De er kjent for \u00e5 lage festmusikk med humoristiske og jordn\u00e6re tekster, og en stor dose kj\u00e6rlighet for bygdelivet.<\/p>\n<p class=\"_paragraph_o9xde_4 _paragraph_6fko5_10 layout-component text-serif-m layout-normal text-serif-m layout-padded\">\u2013 F\u00f8r kalte jeg det mysenrap. N\u00e5 kaller vi det countryrap, sier Jensen som har vokst opp p\u00e5 Mysen i Indre \u00d8stfold. <\/p>\n<p><img alt=\"Det er mye bygdenostalgi i musikken til Mysen-gutten Andr\u00e9 Jensen, kjent for l\u00e5ter som \u00abTraktor\u00bb og \u00abB\u00f8gda\u00bb.\" class=\"_image_qp4xg_65 layout-component layout-normal\" data-fullscreen- data-track-element-type=\"Article image fullscreen\" data-track-name=\"ImageFullscreen\" decoding=\"async\" loading=\"lazy\" height=\"853\" itemprop=\"image\"  src=\"https:\/\/www.europesays.com\/no\/wp-content\/uploads\/2026\/02\/a1550e79-13fd-43c1-a8ef-6b5cfdce9b0d.jpeg\"  style=\"object-position:0% 0%\" width=\"1280\"\/>Det er mye bygdenostalgi i musikken til Mysen-gutten Andr\u00e9 Jensen, kjent for l\u00e5ter som \u00abTraktor\u00bb og \u00abB\u00f8gda\u00bb.   <\/p>\n<p class=\"_paragraph_o9xde_4 _paragraph_6fko5_10 layout-component text-serif-m layout-normal text-serif-m layout-padded\">Det har blitt gr\u00e5tt mye p\u00e5 \u00abHver gang vi m\u00f8tes\u00bb i vinter. Sist l\u00f8rdag ble det ogs\u00e5 felt noen t\u00e5rer da Synne Vo, Marcus og Martinus, Andr\u00e9 Jensen fra \u00abHagle\u00bb, <a href=\"https:\/\/www.vg.no\/tag\/herborg-kraakevik?utm_source=vg-article&amp;utm_medium=auto-tagger&amp;utm_campaign=XMqoLx\" class=\"_link_o9xde_39\" rel=\"nofollow noopener\" target=\"_blank\">Herborg Kr\u00e5kevik<\/a>, Marit Larsen, og Espen Lind hedret <a href=\"https:\/\/www.vg.no\/rampelys\/i\/Ar3qpA\/musti-fra-hver-gang-vi-moetes-jeg-mistet-meg-selv-litt\" data-track-element-type=\"Link\" data-track-id=\"link:Ar3qpA\" class=\"_link_o9xde_39\" rel=\"nofollow noopener\" target=\"_blank\">Musti<\/a>.<\/p>\n<p><img alt=\"\u2013\u2060 Jeg mistet meg selv litt, sa Musti (24), som egentlig heter Ugbad Mustafa Yusuf Noor.   Foto: TV 2 \/ TV 2\" class=\"_image_qp4xg_65 layout-component layout-normal\" data-fullscreen- data-track-element-type=\"Article image fullscreen\" data-track-name=\"ImageFullscreen\" decoding=\"async\" loading=\"lazy\" height=\"1080\" itemprop=\"image\"  src=\"https:\/\/www.europesays.com\/no\/wp-content\/uploads\/2026\/02\/27d824ce-47c1-47c3-925d-aa034723ed83.jpeg\"  style=\"object-position:0% 0%\" width=\"1920\"\/>\u2013\u2060 Jeg mistet meg selv litt, sa Musti (24), som egentlig heter Ugbad Mustafa Yusuf Noor.   Foto: TV 2 \/ TV 2     <\/p>\n","protected":false},"excerpt":{"rendered":"\u2013 Ingen vet noe om privatlivet mitt, sier country-rapperen Andr\u00e9 Jensen (38). Han \u00e5pner opp om oppveksten i&hellip;\n","protected":false},"author":2,"featured_media":163641,"comment_status":"","ping_status":"","sticky":false,"template":"","format":"standard","meta":{"footnotes":"","_share_on_mastodon":"0"},"categories":[5],"tags":[20,21,24,25,15,4239,19,3445,22,23,17,18,13,30,28,29,14,2208,16,26,27],"class_list":["post-163640","post","type-post","status-publish","format-standard","has-post-thumbnail","category-overskrifter","tag-breaking-news","tag-breakingnews","tag-featured-news","tag-featurednews","tag-headlines","tag-herborg-krakevik","tag-hovedoppslag","tag-hver-gang-vi-motes","tag-latest-news","tag-latestnews","tag-main-news","tag-mainnews","tag-news","tag-no","tag-norge","tag-norway","tag-nyheter","tag-oppvekst","tag-overskrifter","tag-top-stories","tag-topstories"],"share_on_mastodon":{"url":"https:\/\/pubeurope.com\/@no\/116070804643377365","error":""},"_links":{"self":[{"href":"https:\/\/www.europesays.com\/no\/wp-json\/wp\/v2\/posts\/163640","targetHints":{"allow":["GET"]}}],"collection":[{"href":"https:\/\/www.europesays.com\/no\/wp-json\/wp\/v2\/posts"}],"about":[{"href":"https:\/\/www.europesays.com\/no\/wp-json\/wp\/v2\/types\/post"}],"author":[{"embeddable":true,"href":"https:\/\/www.europesays.com\/no\/wp-json\/wp\/v2\/users\/2"}],"replies":[{"embeddable":true,"href":"https:\/\/www.europesays.com\/no\/wp-json\/wp\/v2\/comments?post=163640"}],"version-history":[{"count":0,"href":"https:\/\/www.europesays.com\/no\/wp-json\/wp\/v2\/posts\/163640\/revisions"}],"wp:featuredmedia":[{"embeddable":true,"href":"https:\/\/www.europesays.com\/no\/wp-json\/wp\/v2\/media\/163641"}],"wp:attachment":[{"href":"https:\/\/www.europesays.com\/no\/wp-json\/wp\/v2\/media?parent=163640"}],"wp:term":[{"taxonomy":"category","embeddable":true,"href":"https:\/\/www.europesays.com\/no\/wp-json\/wp\/v2\/categories?post=163640"},{"taxonomy":"post_tag","embeddable":true,"href":"https:\/\/www.europesays.com\/no\/wp-json\/wp\/v2\/tags?post=163640"}],"curies":[{"name":"wp","href":"https:\/\/api.w.org\/{rel}","templated":true}]}}