{"id":16365,"date":"2025-08-23T21:03:10","date_gmt":"2025-08-23T21:03:10","guid":{"rendered":"https:\/\/www.europesays.com\/no\/16365\/"},"modified":"2025-08-23T21:03:10","modified_gmt":"2025-08-23T21:03:10","slug":"fotball-maria-thorisdottir-fransk-avis-kaos-i-marseille-thorisdottir-skal-ha-dratt-sjokkert-hjem","status":"publish","type":"post","link":"https:\/\/www.europesays.com\/no\/16365\/","title":{"rendered":"Fotball, Maria Thorisdottir | Fransk avis: Kaos i Marseille \u2013 Thorisdottir skal ha dratt sjokkert hjem"},"content":{"rendered":"\n<p>Det rapporterer den franske avisen <a rel=\"noopener nofollow noreferrer\" href=\"https:\/\/www.laprovence.com\/article\/om\/2407220347270914\/om-feminines-choquee-par-la-bagarre-en-match-amical-thorisdottir-deja-sur-le-depart\" target=\"_blank\">La Provence<\/a>. Saken er ogs\u00e5 omtalt av medier som <a rel=\"noopener nofollow noreferrer\" href=\"https:\/\/www.lequipe.fr\/Football\/Actualites\/La-recrue-de-l-om-maria-thorisdottir-choquee-par-la-bagarre-lors-du-match-amical-contre-le-club-esportiu-europa-deja-sur-le-depart\/1586933\" target=\"_blank\">L&#8217;Equipe<\/a> og <a rel=\"noopener nofollow noreferrer\" href=\"https:\/\/rmcsport.bfmtv.com\/football\/feminin\/om-choquee-par-l-altercation-en-match-amical-thorisdottir-pourrait-quitter-marseille-cinq-jours-apres-son-arrivee_AV-202508230103.html\" target=\"_blank\">RMC<\/a> samt <a rel=\"noopener nofollow noreferrer\" href=\"https:\/\/www.aftonbladet.se\/sportbladet\/fotboll\/a\/VzmPpr\/maria-thorisdottir-har-lamnat-traningslagret-efter-brak-i-vanskapsmatch?utm_medium=rss\" target=\"_blank\">Aftonbladet<\/a> i Sverige.<\/p>\n<p>Den norske landslagsspilleren skal v\u00e6re sjokkert etter en serie hendelser i en opphetet treningskamp i Spania onsdag. Det startet allerede etter en halvtime, da to personer i Marseilles trenerstab \u2013 blant dem hovedtrener Frederic Goncalves \u2013 ble utvist.<\/p>\n<p>Det skal ogs\u00e5 ha v\u00e6rt voldsom oppf\u00f8rsel fra b\u00e5de spillere og trenere utover i kampen. En offsidesituasjon i kampens 84. minutt utl\u00f8ste kaos p\u00e5 banen, og kampen ble avbrutt p\u00e5 stillingen 2-1 til Marseille etter sammenst\u00f8t mellom de to lagene.<\/p>\n<p>Motstanderen i treningskampen, Club Esportiu Europa, la i etterkant ut f\u00f8lgende <a rel=\"noopener\">melding p\u00e5 X<\/a> :<\/p>\n<p>\u00abKampen stoppes igjen p\u00e5 grunn av fysisk aggresjon mellom begge lag. Vi avslutter kampdekningen her\u00bb.<\/p>\n<p>Avis: \u2013 Vurderer framtiden<\/p>\n<p>Br\u00e5ket skal v\u00e6re \u00e5rsaken til at Thorisdottir angivelig forlot Marseilles treningsleir i Girona. Hun skal ha hatt flere diskusjoner med laglederne sine f\u00f8r hun bestemte seg for \u00e5 dra hjem for \u00e5 hvile og vurdere framtiden sin, if\u00f8lge La Provence.<\/p>\n<p>Thorisdottir har forel\u00f8pig ikke besvart NTBs henvendelser om saken. Hun er ikke i <a rel=\"noopener nofollow noreferrer\" href=\"https:\/\/x.com\/OMfeminines\/status\/1959276947441324385\">Marseilles lagoppstilling<\/a> til l\u00f8rdagens treningskamp mot CF Badalona.<\/p>\n<p>J\u00e6rbladet har ogs\u00e5 pr\u00f8vd \u00e5 f\u00e5t tak i Maria Thorisdottir uten \u00e5 komme i kontakt med henne.<\/p>\n<p>32-\u00e5ringen skrev nylig under for det franske laget etter flere sesonger i England for Chelsea, Manchester United og Brighton.<\/p>\n<p>Flere tumulter<\/p>\n<p>I Marseille er det fra f\u00f8r kaotisk rundt klubbens herrelag. Spillerne Adrien Rabiot og Jonathan Rowe havnet i slagsm\u00e5l i garderoben, og de er begge plassert p\u00e5 overgangslisten og erkl\u00e6rt u\u00f8nsket i klubben.<\/p>\n<p>Episoden oppsto etter 0-1-tap for Marseille i den franske serie\u00e5pningen, og Marseille-trener Roberto De Zerbi har uttalt at det lignet \u00abet engelsk pubslagsm\u00e5l\u00bb.<\/p>\n<p>\u2013 Det er den eneste gangen jeg har sett noe s\u00e5nt. Jeg kommer fra gatene, s\u00e5 jeg er vant til denne typen ting. Men \u00e5 se at sikkerhetsvakter m\u00e5tte forsvare oss \u2026, sa De Zerbi p\u00e5 en pressekonferanse fredag.<\/p>\n","protected":false},"excerpt":{"rendered":"Det rapporterer den franske avisen La Provence. Saken er ogs\u00e5 omtalt av medier som L&#8217;Equipe og RMC samt&hellip;\n","protected":false},"author":2,"featured_media":16366,"comment_status":"","ping_status":"","sticky":false,"template":"","format":"standard","meta":{"footnotes":""},"categories":[59],"tags":[36,92,3036,1470,3016,3037,30,28,29,83,82,1510],"class_list":{"0":"post-16365","1":"post","2":"type-post","3":"status-publish","4":"format-standard","5":"has-post-thumbnail","7":"category-sport","8":"tag-art","9":"tag-fotball","10":"tag-fotballproff","11":"tag-klepp","12":"tag-maria-thorisdottir","13":"tag-marseille","14":"tag-no","15":"tag-norge","16":"tag-norway","17":"tag-sport","18":"tag-sports","19":"tag-story"},"share_on_mastodon":{"url":"","error":""},"_links":{"self":[{"href":"https:\/\/www.europesays.com\/no\/wp-json\/wp\/v2\/posts\/16365","targetHints":{"allow":["GET"]}}],"collection":[{"href":"https:\/\/www.europesays.com\/no\/wp-json\/wp\/v2\/posts"}],"about":[{"href":"https:\/\/www.europesays.com\/no\/wp-json\/wp\/v2\/types\/post"}],"author":[{"embeddable":true,"href":"https:\/\/www.europesays.com\/no\/wp-json\/wp\/v2\/users\/2"}],"replies":[{"embeddable":true,"href":"https:\/\/www.europesays.com\/no\/wp-json\/wp\/v2\/comments?post=16365"}],"version-history":[{"count":0,"href":"https:\/\/www.europesays.com\/no\/wp-json\/wp\/v2\/posts\/16365\/revisions"}],"wp:featuredmedia":[{"embeddable":true,"href":"https:\/\/www.europesays.com\/no\/wp-json\/wp\/v2\/media\/16366"}],"wp:attachment":[{"href":"https:\/\/www.europesays.com\/no\/wp-json\/wp\/v2\/media?parent=16365"}],"wp:term":[{"taxonomy":"category","embeddable":true,"href":"https:\/\/www.europesays.com\/no\/wp-json\/wp\/v2\/categories?post=16365"},{"taxonomy":"post_tag","embeddable":true,"href":"https:\/\/www.europesays.com\/no\/wp-json\/wp\/v2\/tags?post=16365"}],"curies":[{"name":"wp","href":"https:\/\/api.w.org\/{rel}","templated":true}]}}