{"id":163696,"date":"2026-02-14T21:50:28","date_gmt":"2026-02-14T21:50:28","guid":{"rendered":"https:\/\/www.europesays.com\/no\/163696\/"},"modified":"2026-02-14T21:50:28","modified_gmt":"2026-02-14T21:50:28","slug":"leserbrev-kjaerlighet-storst-av-alt-er-kjaerligheten","status":"publish","type":"post","link":"https:\/\/www.europesays.com\/no\/163696\/","title":{"rendered":"Leserbrev, Kj\u00e6rlighet | St\u00f8rst av alt er kj\u00e6rligheten"},"content":{"rendered":"\n<p>Valentinsdagen minner oss om kj\u00e6rlighetens kraft og betydning. I m\u00f8te med et samfunn i stadig endring er \u00e9n sannhet likevel uforanderlig: Kj\u00e6rligheten er st\u00f8rst av alt. Som kirke \u00f8nsker vi \u00e5 l\u00f8fte frem og heie p\u00e5 kj\u00e6rligheten. Ikke som en privat luksus, men som en livsforvandlende gudgitt gave som binder mennesker sammen og skaper trygghet og tilh\u00f8righet. Kj\u00e6rlighet erfares i vennskap, i familier, ja alle steder der mennesker m\u00f8ter hverandre.<\/p>\n<p>Ekteskapet er \u00e9n av m\u00e5tene vi feirer og forvalter den gaven p\u00e5. For kirken er ekteskapet ikke bare en juridisk ordning, men et kall til \u00e5 leve for hverandre med trofasthet, raushet og ansvar. To mennesker som sier ja, sier ikke bare ja til hverandre der og da, de sier ja til \u00e5 b\u00e6re og st\u00f8tte hverandre, tilgi hverandre og vokse sammen gjennom livets mange faser. Ekteskapet setter parforholdet inn i en trygg og solid ramme. Den juridiske avtalen gir ogs\u00e5 viktig hjelp, om ekteskapet m\u00e5 ta slutt. Kirken st\u00e5r trygt og tydelig i sin st\u00f8tte til alle par som \u00f8nsker \u00e5 bygge et liv i forpliktende kj\u00e6rlighet i ekteskap.<\/p>\n<p>Jeg \u00f8nsker at alle som vil gifte seg i kirken m\u00f8ter en folkekirke som rommer, velsigner og anerkjenner kj\u00e6rligheten. En kirke som m\u00f8ter menneskers livserfaringer med varme, ikke med pekefingre. En kirke som b\u00e6rer frem h\u00e5p n\u00e5r livet blir krevende, som holder tilgivelsens mulighet h\u00f8yt, og som feirer gleden n\u00e5r kj\u00e6rligheten spirer.<\/p>\n<p>Som biskop m\u00f8ter jeg stadig par som \u00f8nsker \u00e5 gifte seg i kirken fordi de opplever at l\u00f8ftet f\u00e5r en dypere betydning n\u00e5r det uttales som en del av kirkens liturgi, foran den treenige Guds alter. De \u00f8nsker \u00e5 sette kj\u00e6rligheten sin inn i en st\u00f8rre sammenheng, inn i fellesskapet, inn i historien, og inn i h\u00e5pet om at Gud g\u00e5r med dem. Det r\u00f8rer meg hver gang.<\/p>\n<p>Samtidig vet vi at kj\u00e6rligheten trenger st\u00f8tte. Den trenger fellesskap rundt seg. Kirken skal v\u00e6re et slikt fellesskap. Et sted hvor kj\u00e6rligheten kan vises frem, styrkes og feires. Derfor heier vi p\u00e5 dere som v\u00e5ger \u00e5 elske, som t\u00f8r \u00e5 binde dere, og som velger hverandre p\u00e5 nytt, dag etter dag.<\/p>\n<p>Kj\u00e6rligheten gj\u00f8r oss ikke bare rikere som par. Kj\u00e6rligheten gj\u00f8r oss sterkere som samfunn. Den bygger broer, skaper trygghet og gir livsmot.<\/p>\n<p>St\u00f8rst av alt er kj\u00e6rligheten. Og den vil vi i folkekirken fortsette \u00e5 b\u00e6re frem med glede, takknemlighet og velsignelse.<\/p>\n<p>Velkommen til \u00e5 gifte dere i en kirke n\u00e6r dere! Og vet dere: Valentines dag er det drop-in-bryllup i mange kirker, jeg bare nevner det!<\/p>\n","protected":false},"excerpt":{"rendered":"Valentinsdagen minner oss om kj\u00e6rlighetens kraft og betydning. I m\u00f8te med et samfunn i stadig endring er \u00e9n&hellip;\n","protected":false},"author":2,"featured_media":163697,"comment_status":"","ping_status":"","sticky":false,"template":"","format":"standard","meta":{"footnotes":"","_share_on_mastodon":"0"},"categories":[12],"tags":[36,20,21,37,24,25,15,10192,10686,22,23,38,156,13,30,28,29,14,1533,16,26,27,42,43,44,45],"class_list":["post-163696","post","type-post","status-publish","format-standard","has-post-thumbnail","category-verden","tag-art","tag-breaking-news","tag-breakingnews","tag-debatt","tag-featured-news","tag-featurednews","tag-headlines","tag-kirken","tag-kjaerlighet","tag-latest-news","tag-latestnews","tag-leserbrev","tag-meninger","tag-news","tag-no","tag-norge","tag-norway","tag-nyheter","tag-opinion","tag-overskrifter","tag-top-stories","tag-topstories","tag-verden","tag-world","tag-world-news","tag-worldnews"],"share_on_mastodon":{"url":"https:\/\/pubeurope.com\/@no\/116071198540429947","error":""},"_links":{"self":[{"href":"https:\/\/www.europesays.com\/no\/wp-json\/wp\/v2\/posts\/163696","targetHints":{"allow":["GET"]}}],"collection":[{"href":"https:\/\/www.europesays.com\/no\/wp-json\/wp\/v2\/posts"}],"about":[{"href":"https:\/\/www.europesays.com\/no\/wp-json\/wp\/v2\/types\/post"}],"author":[{"embeddable":true,"href":"https:\/\/www.europesays.com\/no\/wp-json\/wp\/v2\/users\/2"}],"replies":[{"embeddable":true,"href":"https:\/\/www.europesays.com\/no\/wp-json\/wp\/v2\/comments?post=163696"}],"version-history":[{"count":0,"href":"https:\/\/www.europesays.com\/no\/wp-json\/wp\/v2\/posts\/163696\/revisions"}],"wp:featuredmedia":[{"embeddable":true,"href":"https:\/\/www.europesays.com\/no\/wp-json\/wp\/v2\/media\/163697"}],"wp:attachment":[{"href":"https:\/\/www.europesays.com\/no\/wp-json\/wp\/v2\/media?parent=163696"}],"wp:term":[{"taxonomy":"category","embeddable":true,"href":"https:\/\/www.europesays.com\/no\/wp-json\/wp\/v2\/categories?post=163696"},{"taxonomy":"post_tag","embeddable":true,"href":"https:\/\/www.europesays.com\/no\/wp-json\/wp\/v2\/tags?post=163696"}],"curies":[{"name":"wp","href":"https:\/\/api.w.org\/{rel}","templated":true}]}}