{"id":16382,"date":"2025-08-23T21:28:09","date_gmt":"2025-08-23T21:28:09","guid":{"rendered":"https:\/\/www.europesays.com\/no\/16382\/"},"modified":"2025-08-23T21:28:09","modified_gmt":"2025-08-23T21:28:09","slug":"det-finnes-ingen-epstein-liste","status":"publish","type":"post","link":"https:\/\/www.europesays.com\/no\/16382\/","title":{"rendered":"\u2013 Det finnes ingen Epstein-liste"},"content":{"rendered":"\n<ul class=\"_list_1bvmi_3 _list_1flq1_85 _unordered_1bvmi_99 text-sans-m\">\n<li class=\"_item_1bvmi_30\">Ghislaine Maxwell hevder det aldri fantes en klientliste for Jeffrey Epstein.<\/li>\n<li class=\"_item_1bvmi_30\">Maxwell forsvarer Trump og Clinton og sier hun aldri s\u00e5 dem gj\u00f8re noe galt.<\/li>\n<li class=\"_item_1bvmi_30\">Ofre og advokater kritiserer Maxwells uttalelser og mener de ikke kan stoles p\u00e5.<\/li>\n<\/ul>\n<p>Vis mer <\/p>\n<p class=\"_paragraph_1bvmi_4 _paragraph_xtcu6_10 layout-component text-serif-m layout-normal text-serif-m layout-padded\">Ghislaine Maxwell, som soner 20 \u00e5r i fengsel for \u00e5 ha hjulpet <a href=\"https:\/\/www.vg.no\/tag\/jeffrey-epstein?utm_source=vg-article&amp;utm_medium=auto-tagger&amp;utm_campaign=JbzQ4j\" class=\"_link_1bvmi_39\" rel=\"nofollow noopener\" target=\"_blank\">Jeffrey Epstein<\/a> med \u00e5 misbruke mindre\u00e5rige jenter, hevder det aldri fantes noen klientliste over Epsteins kontakter.<\/p>\n<p class=\"_paragraph_1bvmi_4 _paragraph_xtcu6_10 layout-component text-serif-m layout-normal text-serif-m layout-padded\">Det kommer frem i et intervju hun gjorde med USAs visejustisminister visejustisminister En h\u00f8y rangert tjenestemann i justisdepartementet, nest etter justisministeren, som har ansvar for \u00e5 bist\u00e5 i ledelsen av departementet.Todd Blanche i juli, if\u00f8lge <a href=\"https:\/\/www.justice.gov\/maxwell-interview\" class=\"_link_1bvmi_39\" rel=\"nofollow noopener\" target=\"_blank\">transkripsjoner <\/a><a href=\"https:\/\/www.justice.gov\/maxwell-interview\" class=\"_link_1bvmi_39\" rel=\"nofollow noopener\" target=\"_blank\">transkripsjoner <\/a>Skriftlige kopier av det som har blitt sagt i et intervju eller en samtalesom ble offentliggjort fredag.<\/p>\n<p class=\"_paragraph_1bvmi_4 _paragraph_xtcu6_10 layout-component text-serif-m layout-normal text-serif-m layout-padded\">\u2013 Det finnes ingen liste. Jeg er ikke klar over noen utpressing. Jeg h\u00f8rte aldri det. Jeg s\u00e5 det aldri, og jeg forestilte meg det aldri, sa Maxwell til Blanche if\u00f8lge <a href=\"https:\/\/abcnews.go.com\/US\/ghislaine-maxwell-provided-incriminating-information-meetings-deputy-ag\/story?id=124894271\" class=\"_link_1bvmi_39\" rel=\"nofollow noopener\" target=\"_blank\">ABC News<\/a>.<\/p>\n<p> Forsvarer Trump og Clinton<\/p>\n<p class=\"_paragraph_1bvmi_4 _paragraph_xtcu6_10 layout-component text-serif-m layout-normal text-serif-m layout-padded\">Maxwell hevder hun aldri s\u00e5 president Donald Trump eller tidligere president Bill Clinton gj\u00f8re noe galt i forbindelse med Epstein.<\/p>\n<p class=\"_paragraph_1bvmi_4 _paragraph_xtcu6_10 layout-component text-serif-m layout-normal text-serif-m layout-padded\">\u2013 Jeg s\u00e5 aldri presidenten i noen upassende setting p\u00e5 noen m\u00e5te, sa Maxwell om Trump if\u00f8lge <a href=\"https:\/\/www.bbc.com\/news\/live\/c2kz39wv0v9t\" class=\"_link_1bvmi_39\" rel=\"nofollow noopener\" target=\"_blank\">BBC<\/a>.<\/p>\n<p><img alt=\"Ghislaine Maxwell (til h\u00f8yre) var kj\u00e6resten og medhjelperen til Jeffrey Epstein. Hun soner en dom p\u00e5 20 \u00e5rs fengsel.  Foto: Foto: John Minchillo \/ AP \/ NTB\" class=\"_image_qp4xg_65 layout-component layout-normal\" data-fullscreen- data-track-element-type=\"Article image fullscreen\" data-track-name=\"ImageFullscreen\" decoding=\"async\" loading=\"lazy\" height=\"683\" itemprop=\"image\"  src=\"https:\/\/www.europesays.com\/no\/wp-content\/uploads\/2025\/08\/e6b01fee-92df-4f61-81df-382ce2bc1198\"  style=\"object-position:0% 0%\" width=\"1024\"\/>Ghislaine Maxwell (til h\u00f8yre) var kj\u00e6resten og medhjelperen til Jeffrey Epstein. Hun soner en dom p\u00e5 20 \u00e5rs fengsel.  Foto: Foto: John Minchillo \/ AP \/ NTB<\/p>\n<p class=\"_paragraph_1bvmi_4 _paragraph_xtcu6_10 layout-component text-serif-m layout-normal text-serif-m layout-padded\">Hun skal ha uttalt at Trump var h\u00f8flig og en \u00abgentleman i alle henseender\u00bb i alle hennes m\u00f8ter med ham. I tillegg beskriver hun Clinton som en \u00abvirkelig ekstraordin\u00e6r\u00bb mann og en \u00abfantastisk ekspresident\u00bb.<\/p>\n<p class=\"_paragraph_1bvmi_4 _paragraph_xtcu6_10 layout-component text-serif-m layout-normal text-serif-m layout-padded\">Om Clinton sa hun ogs\u00e5 at han var hennes venn, og ikke Epsteins.<\/p>\n<p class=\"_paragraph_1bvmi_4 _paragraph_xtcu6_10 layout-component text-serif-m layout-normal text-serif-m layout-padded\">\u2013 President Clinton likte meg, og vi kom godt overens. Men jeg s\u00e5 aldri den varmen med herr Epstein, sa Maxwell if\u00f8lge ABC News.<\/p>\n<p class=\"_paragraph_1bvmi_4 _paragraph_xtcu6_10 layout-component text-serif-m layout-normal text-serif-m layout-padded\">Hun hevdet ogs\u00e5 at Clinton aldri bes\u00f8kte Epsteins private \u00f8y i Karibia, til tross for p\u00e5stander om det motsatte.<\/p>\n<p> Benekter egen skyld<\/p>\n<p class=\"_paragraph_1bvmi_4 _paragraph_xtcu6_10 layout-component text-serif-m layout-normal text-serif-m layout-padded\">63 \u00e5r gamle Maxwell, som har sittet fengslet siden arrestasjonen i 2020, hevdet ogs\u00e5 at hun var blitt feilidentifisert av et n\u00f8kkelvitne under rettssaken og insisterte p\u00e5 at hun ikke var involvert i seksuell utnyttelse av mindre\u00e5rige.<\/p>\n<p class=\"_paragraph_1bvmi_4 _paragraph_xtcu6_10 layout-component text-serif-m layout-normal text-serif-m layout-padded\">\u2013 Jeg introduserte ham for kvinner. Det gjorde jeg, men ikke mindre\u00e5rige. Og jeg lette etter mass\u00f8rer, det gjorde jeg. Jeg gikk til spa og hvis jeg m\u00f8tte noen som sa hun var mass\u00f8r, sjekket jeg ikke legitimasjonen deres, sa hun if\u00f8lge ABC News.<\/p>\n<p class=\"_paragraph_1bvmi_4 _paragraph_xtcu6_10 layout-component text-serif-m layout-normal text-serif-m layout-padded\">Maxwell ble i 2021 d\u00f8mt for \u00e5 ha hjulpet Epstein med \u00e5 rekruttere, pleie og til slutt misbruke jenter s\u00e5 unge som 14 \u00e5r.<\/p>\n<p>  Sterk kritikk fra ofre og advokater<\/p>\n<p class=\"_paragraph_1bvmi_4 _paragraph_xtcu6_10 layout-component text-serif-m layout-normal text-serif-m layout-padded\">Intervjuet har m\u00f8tt sterk kritikk fra ofre og deres advokater.<\/p>\n<p class=\"_paragraph_1bvmi_4 _paragraph_xtcu6_10 layout-component text-serif-m layout-normal text-serif-m layout-padded\">Brittany Henderson, en advokat som har representert mange Epstein-ofre, sa Maxwells vitnesbyrd b\u00f8r tillegges liten vekt.<\/p>\n<p class=\"_paragraph_1bvmi_4 _paragraph_xtcu6_10 layout-component text-serif-m layout-normal text-serif-m layout-padded\">\u2013 Ghislaine Maxwell ble tiltalt p\u00e5 f\u00f8deralt niv\u00e5 for to mened-anklager mened-anklager Anklager om at noen har l\u00f8yet under ed i en rettssak eller juridisk prosess.som f\u00f8lge av hennes vitnesbyrd under sin sivile forklaring. Etter \u00e5 ha blitt d\u00f8mt for menneskehandel, sitter hun n\u00e5 i fengsel og h\u00e5per antagelig at hun vil f\u00e5 ben\u00e5dning fra president Trump, sa Henderson i en uttalelse if\u00f8lge ABC News.<\/p>\n<p class=\"_paragraph_1bvmi_4 _paragraph_xtcu6_10 layout-component text-serif-m layout-normal text-serif-m layout-padded\">Familien til Virginia Giuffre, et av Epsteins ofre som tok sitt eget liv tidligere i \u00e5r, kalte Maxwell et \u00abmonster\u00bb hvis vitnesbyrd ikke kan stoles p\u00e5, if\u00f8lge <a href=\"https:\/\/www.bbc.com\/news\/live\/c2kz39wv0v9t\" class=\"_link_1bvmi_39\" rel=\"nofollow noopener\" target=\"_blank\">BBC<\/a>.<\/p>\n<p> Uvanlig m\u00f8te<\/p>\n<p class=\"_paragraph_1bvmi_4 _paragraph_xtcu6_10 layout-component text-serif-m layout-normal text-serif-m layout-padded\">Blanche, som tidligere var Trumps personlige forsvarsadvokat, kunngjorde sin intensjon om \u00e5 snakke med Maxwell i et innlegg p\u00e5 sosiale medier i juli. <\/p>\n<p><img decoding=\"async\" alt=\"Bilde av \" class=\"_image_ygndg_42\" height=\"27\" itemprop=\"image\" loading=\"lazy\"  src=\"https:\/\/www.europesays.com\/no\/wp-content\/uploads\/2025\/08\/2fd5af0b-8c6e-4fa9-bc26-b02f4fca1bcd\"  width=\"40\"\/><strong class=\"_name_ygndg_51 title-serif-xs\"\/><\/p>\n<p class=\"_paragraph_1bvmi_4 text-sans-m _description_ygndg_56\">Todd Blanche<\/p>\n<p class=\"_paragraph_1bvmi_4 _paragraph_xtcu6_10 layout-component text-serif-m layout-normal text-serif-m layout-padded\">Dette skjedde mens Trump-administrasjonen fors\u00f8kte \u00e5 dempe kontroversen rundt beslutningen om ikke \u00e5 offentliggj\u00f8re regjeringens etterforskningsfiler om Epstein.<\/p>\n<p class=\"_paragraph_1bvmi_4 _paragraph_xtcu6_10 layout-component text-serif-m layout-normal text-serif-m layout-padded\">Maxwell ble gitt begrenset immunitet for intervjuet, noe som betyr at ingenting hun sa kunne brukes mot henne, med mindre hun l\u00f8y.<\/p>\n<p class=\"_paragraph_1bvmi_4 _paragraph_xtcu6_10 layout-component text-serif-m layout-normal text-serif-m layout-padded\">Kort tid etter intervjuet ble Maxwell overf\u00f8rt fra et fengsel i Florida til et minimum-sikkerhetsfengsel i Texas, uten at det ble gitt noen offisiell forklaring p\u00e5 flyttingen.<\/p>\n<p class=\"_paragraph_1bvmi_4 _paragraph_xtcu6_10 layout-component text-serif-m layout-normal text-serif-m layout-padded\">Ryktene om en s\u00e5kalt \u00abEpstein-klientliste\u00bb har lenge f\u00f8rt til spekulasjoner om en \u00abdeep state\u00bb\u00abdeep state\u00bbEn konspirasjonsteori som hevder at det finnes en skjult, innflytelsesrik gruppe innenfor regjeringen som opererer uavhengig av folkevalgte ledere.-dekning for \u00e5 beskytte en elite-kabal av p\u00e5st\u00e5tte deltakere i Epsteins forbrytelser.<\/p>\n<p class=\"_paragraph_1bvmi_4 _paragraph_xtcu6_10 layout-component text-serif-m layout-normal text-serif-m layout-padded\">Maxwell sa if\u00f8lge ABC News at det ikke fantes noen slik liste og at hun ikke s\u00e5 noen tegn til at Epstein hadde skaffet seg kompromitterende informasjon som han brukte til \u00e5 utpresse andre.<\/p>\n","protected":false},"excerpt":{"rendered":"Ghislaine Maxwell hevder det aldri fantes en klientliste for Jeffrey Epstein. Maxwell forsvarer Trump og Clinton og sier&hellip;\n","protected":false},"author":2,"featured_media":16383,"comment_status":"","ping_status":"","sticky":false,"template":"","format":"standard","meta":{"footnotes":""},"categories":[12],"tags":[20,21,55,24,25,15,1649,22,23,3040,13,30,28,29,14,16,26,27,42,46,43,44,45],"class_list":{"0":"post-16382","1":"post","2":"type-post","3":"status-publish","4":"format-standard","5":"has-post-thumbnail","7":"category-verden","8":"tag-breaking-news","9":"tag-breakingnews","10":"tag-donald-trump","11":"tag-featured-news","12":"tag-featurednews","13":"tag-headlines","14":"tag-jeffrey-epstein","15":"tag-latest-news","16":"tag-latestnews","17":"tag-maxwell","18":"tag-news","19":"tag-no","20":"tag-norge","21":"tag-norway","22":"tag-nyheter","23":"tag-overskrifter","24":"tag-top-stories","25":"tag-topstories","26":"tag-verden","27":"tag-vgai","28":"tag-world","29":"tag-world-news","30":"tag-worldnews"},"share_on_mastodon":{"url":"","error":""},"_links":{"self":[{"href":"https:\/\/www.europesays.com\/no\/wp-json\/wp\/v2\/posts\/16382","targetHints":{"allow":["GET"]}}],"collection":[{"href":"https:\/\/www.europesays.com\/no\/wp-json\/wp\/v2\/posts"}],"about":[{"href":"https:\/\/www.europesays.com\/no\/wp-json\/wp\/v2\/types\/post"}],"author":[{"embeddable":true,"href":"https:\/\/www.europesays.com\/no\/wp-json\/wp\/v2\/users\/2"}],"replies":[{"embeddable":true,"href":"https:\/\/www.europesays.com\/no\/wp-json\/wp\/v2\/comments?post=16382"}],"version-history":[{"count":0,"href":"https:\/\/www.europesays.com\/no\/wp-json\/wp\/v2\/posts\/16382\/revisions"}],"wp:featuredmedia":[{"embeddable":true,"href":"https:\/\/www.europesays.com\/no\/wp-json\/wp\/v2\/media\/16383"}],"wp:attachment":[{"href":"https:\/\/www.europesays.com\/no\/wp-json\/wp\/v2\/media?parent=16382"}],"wp:term":[{"taxonomy":"category","embeddable":true,"href":"https:\/\/www.europesays.com\/no\/wp-json\/wp\/v2\/categories?post=16382"},{"taxonomy":"post_tag","embeddable":true,"href":"https:\/\/www.europesays.com\/no\/wp-json\/wp\/v2\/tags?post=16382"}],"curies":[{"name":"wp","href":"https:\/\/api.w.org\/{rel}","templated":true}]}}