{"id":163873,"date":"2026-02-15T05:07:09","date_gmt":"2026-02-15T05:07:09","guid":{"rendered":"https:\/\/www.europesays.com\/no\/163873\/"},"modified":"2026-02-15T05:07:09","modified_gmt":"2026-02-15T05:07:09","slug":"ny-sjanse-i-big-air","status":"publish","type":"post","link":"https:\/\/www.europesays.com\/no\/163873\/","title":{"rendered":"Ny sjanse i Big Air"},"content":{"rendered":"\n<p class=\"_lead_o9xde_2 _lead_6fko5_53 layout-component text-serif-m layout-normal text-serif-l layout-component layout-wide layout-padded _wide_17hqh_1 layout-padded\">Freeski-ut\u00f8veren har v\u00e6rt lei seg, fortvilet og forbannet. Alt gikk galt. <\/p>\n<p><img alt=\"KNALL OG FALL: Tormod Frostad.  Foto: VEGARD GR\u00d8TT \/ Bildbyr\u00e5n\" class=\"_image_qp4xg_65 layout-component layout-wide\" data-fullscreen- data-track-element-type=\"Article image fullscreen\" data-track-name=\"ImageFullscreen\" fetchpriority=\"high\" decoding=\"sync\" loading=\"eager\" height=\"3732\" itemprop=\"image\"  src=\"https:\/\/www.europesays.com\/no\/wp-content\/uploads\/2026\/02\/d2dbcca8-75a6-49e0-8e8b-c125ba233b8d.png\"  style=\"object-position:0% 0%\" width=\"5598\"\/>KNALL OG FALL: Tormod Frostad.  Foto: VEGARD GR\u00d8TT \/ Bildbyr\u00e5n<\/p>\n<ul aria-hidden=\"true\" class=\"_images_ntbth_112\">\n<li><a class=\"_link_ntbth_117\" href=\"https:\/\/www.vg.no\/forfatter\/camilla-vesteng\" style=\"z-index:1\" title=\"Camilla Vesteng\" rel=\"nofollow noopener\" target=\"_blank\"><img alt=\"Bilde av Camilla Vesteng\" class=\"_image_ntbth_93\" fetchpriority=\"low\" loading=\"lazy\" decoding=\"async\" itemprop=\"image\"  src=\"https:\/\/www.europesays.com\/no\/wp-content\/uploads\/2026\/02\/1771132027_958_ab49df32-fc16-44e1-a56a-ce5ad5bd90d2.jpeg\"  width=\"480\"\/><\/a><\/li>\n<\/ul>\n<p> Oppdatert s\u00f8ndag 15. februar kl. 05:26    <\/p>\n<ul class=\"_list_o9xde_3 _list_64s2r_85 _unordered_o9xde_106 text-sans-m\">\n<li class=\"_item_o9xde_30\">Tormod Frostad var lei seg i flere dager etter nedturen i slopestylefinalen i OL.<\/li>\n<li class=\"_item_o9xde_30\">Alt gikk galt for 23-\u00e5ringen, som endte sist i finalen.<\/li>\n<li class=\"_item_o9xde_30\">Han f\u00e5r imidlertid en ny sjanse i Big Air-kvalifiseringen s\u00f8ndag kveld.<\/li>\n<li class=\"_item_o9xde_30\">Landslagskollega Ulrik Samn\u00f8y tror Frostad kan sl\u00e5  tilbake.<\/li>\n<\/ul>\n<p>Vis mer <\/p>\n<p class=\"_paragraph_o9xde_4 _paragraph_6fko5_10 layout-component text-serif-m layout-normal text-serif-m layout-padded\">Tormod Frostad (23) har brukt de siste dagene p\u00e5 \u00e5 komme over den gigantiske nedturen i slopestylefinalen tirsdag. S\u00f8ndag f\u00e5r han en ny sjanse.<\/p>\n<p class=\"_paragraph_o9xde_4 _paragraph_6fko5_10 layout-component text-serif-m layout-normal text-serif-m layout-padded\"><strong class=\"_strong_o9xde_25\">23-\u00e5ringen kom til OL for \u00e5 vise seg frem. Det startet str\u00e5lende, han ble nummer to i kvalifiseringen i slopestyle, slopestyle, Konkurranse p\u00e5 twintip-ski, tuppen er hevet b\u00e5de foran og bak. Det er en l\u00f8ype hvor de kj\u00f8rer over rails (rekkverk) og har flere hopp. bak Birk Ruud. <\/strong><\/p>\n<p class=\"_paragraph_o9xde_4 _paragraph_6fko5_10 layout-component text-serif-m layout-normal text-serif-m layout-padded\">I finalen gikk det rett og slett bare galt. I vanlige konkurranser har de to runrunEt run er en omgang, eller et fors\u00f8k. , i OL hadde de tre. <\/p>\n<p class=\"_paragraph_o9xde_4 _paragraph_6fko5_10 layout-component text-serif-m layout-normal text-serif-m layout-padded\">\u2013 Jeg hadde en god f\u00f8lelse og lave skuldre, siden vi hadde tre runs. Men jeg klabbet det til p\u00e5 alle. Det stikker. Det er kjipt, sier Frostad til VG.<\/p>\n<p><img alt=\"LEI SEG: Tormod Frostad ble sist i slopestylefinalen for freeski-kj\u00f8rerne tirsdag.   Foto: VEGARD GR\u00d8TT \/ Bildbyr\u00e5n\" class=\"_image_qp4xg_65 layout-component layout-normal\" data-fullscreen- data-track-element-type=\"Article image fullscreen\" data-track-name=\"ImageFullscreen\" decoding=\"async\" loading=\"lazy\" height=\"3507\" itemprop=\"image\"  src=\"https:\/\/www.europesays.com\/no\/wp-content\/uploads\/2026\/02\/cc5a9c91-0cbc-497b-b22f-b85a19e59cfc.png\"  style=\"object-position:0% 0%\" width=\"4676\"\/>LEI SEG: Tormod Frostad ble sist i slopestylefinalen for freeski-kj\u00f8rerne tirsdag.   Foto: VEGARD GR\u00d8TT \/ Bildbyr\u00e5n<\/p>\n<p class=\"_paragraph_o9xde_4 _paragraph_6fko5_10 layout-component text-serif-m layout-normal text-serif-m layout-padded\"><strong class=\"_strong_o9xde_25\">Han endte helt sist. 23-\u00e5ringen var lei seg, sint p\u00e5 seg selv og forbannet. <\/strong><\/p>\n<p class=\"_paragraph_o9xde_4 _paragraph_6fko5_10 layout-component text-serif-m layout-normal text-serif-m layout-padded\">\u2013 Det blir alt p\u00e5 en gang, sier Frostad. <\/p>\n<p class=\"_paragraph_o9xde_4 _paragraph_6fko5_10 layout-component text-serif-m layout-normal text-serif-m layout-padded\">\u2013 \u00c5 se alt falle fra hverandre er ubehagelig. Da kom det mange f\u00f8lelser. Jeg har fors\u00f8kt \u00e5 heve hodet, sier Frostad.<\/p>\n<p class=\"_paragraph_o9xde_4 _paragraph_6fko5_10 layout-component text-serif-m layout-normal text-serif-m layout-padded\"><strong class=\"_strong_o9xde_25\">OL handler om mer enn medaljer og gull. Det handler om sponsorer, penger, invitasjoner til ulike konkurranser. Det handler om en unik mulighet til \u00e5 skaffe seg et navn i idretten. <\/strong><\/p>\n<p class=\"_paragraph_o9xde_4 _paragraph_6fko5_10 layout-component text-serif-m layout-normal text-serif-m layout-padded\">\u2013 Det betyr veldig mye. En ting er resultatet, men for meg betyr det mye \u00e5 vise meg frem ogs\u00e5. Det jeg ble mest lei meg for, sier Frostad. <\/p>\n<p><img alt=\"SER FREMOVER: Ny mulighet for Tormod Frostad s\u00f8ndag kveld.   Foto: ALEX PLAVEVSKI \/ EPA \/ NTB\" class=\"_image_qp4xg_65 layout-component layout-normal\" data-fullscreen- data-track-element-type=\"Article image fullscreen\" data-track-name=\"ImageFullscreen\" decoding=\"async\" loading=\"lazy\" height=\"2922\" itemprop=\"image\"  src=\"https:\/\/www.europesays.com\/no\/wp-content\/uploads\/2026\/02\/b3cb041c-219a-4fc5-a5c1-7528ce09ea2e.png\"  style=\"object-position:0% 0%\" width=\"3896\"\/>SER FREMOVER: Ny mulighet for Tormod Frostad s\u00f8ndag kveld.   Foto: ALEX PLAVEVSKI \/ EPA \/ NTB<\/p>\n<p class=\"_paragraph_o9xde_4 _paragraph_6fko5_10 layout-component text-serif-m layout-normal text-serif-m layout-padded\">Landslagskollega Sebastian Schjerve forteller at Frostad trakk seg tilbake etter nedturen. <\/p>\n<p class=\"_paragraph_o9xde_4 _paragraph_6fko5_10 layout-component text-serif-m layout-normal text-serif-m layout-padded\">\u2013 Vi er alle forskjellig. Vi m\u00e5 gi hverandre litt plass, og la hverandre v\u00e6re skuffet, sier Schjerve. <\/p>\n<p class=\"_paragraph_o9xde_4 _paragraph_6fko5_10 layout-component text-serif-m layout-normal text-serif-m layout-padded\">Frostad sier det er en tr\u00f8st er at det ble norsk gull, <a href=\"https:\/\/www.vg.no\/sport\/i\/ExaQJP\/birk-ruud-tok-ol-gull-i-freeski-slopestyle\" data-track-element-type=\"Link\" data-track-id=\"link:ExaQJP\" class=\"_link_o9xde_39\" rel=\"nofollow noopener\" target=\"_blank\">Birk Ruud vant<\/a>. En personlig tr\u00f8st er at Frostad f\u00e5r en ny mulighet s\u00f8ndag kveld. Da er det klart for kvalifisering i Big Air.  <\/p>\n<p class=\"_paragraph_o9xde_4 _paragraph_6fko5_10 layout-component text-serif-m layout-normal text-serif-m layout-padded\"><strong class=\"_strong_o9xde_25\">\u2013 Jeg har gjort triks ingen andre gj\u00f8r, som jeg h\u00e5per \u00e5 vise frem. Jeg har troen, s\u00e5 f\u00e5r det g\u00e5 som det g\u00e5r, sier Frostad. <\/strong><\/p>\n<p><img decoding=\"async\" alt=\"Bilde av Birk Ruud \" class=\"_image_148z4_25\" height=\"27\" itemprop=\"image\" loading=\"lazy\"  src=\"https:\/\/www.europesays.com\/no\/wp-content\/uploads\/2026\/02\/92e3db8f-a156-4405-a98c-3580aed8a40c.jpeg\"  width=\"40\"\/><strong class=\"_name_148z4_34 title-serif-xs\">Birk Ruud <\/strong><\/p>\n<p class=\"_paragraph_o9xde_4 text-sans-m _description_148z4_39\">Vant OL-gull i Big Air for fire \u00e5r siden<\/p>\n<p class=\"_paragraph_o9xde_4 _paragraph_6fko5_10 layout-component text-serif-m layout-normal text-serif-m layout-padded\">Det er fire norske freeskiut\u00f8vere i kvalifiseringen s\u00f8ndag, i tillegg til Frostad og Schjerve skal Ulrik Samn\u00f8y og Birk Ruud i bakken. Ruud er<a href=\"https:\/\/www.vg.no\/sport\/i\/PoLq2R\/ruud-hylles-etter-ol-gull-trodde-jeg-var-en-liten-snoerrunge\" data-track-element-type=\"Link\" data-track-id=\"link:PoLq2R\" class=\"_link_o9xde_39\" rel=\"nofollow noopener\" target=\"_blank\"> tittelforsvarer etter gullet i Kina<\/a> for fire \u00e5r siden. <\/p>\n<p class=\"_paragraph_o9xde_4 _paragraph_6fko5_10 layout-component text-serif-m layout-normal text-serif-m layout-padded\">Samn\u00f8y tror Frostad sl\u00e5r knallhardt tilbake, og sp\u00e5r gull til Frostad foran \u00f8sterrikske Matej Svancer, med seg selv p\u00e5 3. plass. <\/p>\n<p><img decoding=\"async\" alt=\"Bilde av Ulrik Samn\u00f8y\" class=\"_image_148z4_25\" height=\"25\" itemprop=\"image\" loading=\"lazy\"  src=\"https:\/\/www.europesays.com\/no\/wp-content\/uploads\/2026\/02\/96b0243c-9ace-445d-ba4b-a30b1e4c1144.png\"  width=\"40\"\/><strong class=\"_name_148z4_34 title-serif-xs\">Ulrik Samn\u00f8y<\/strong><\/p>\n<p class=\"_paragraph_o9xde_4 text-sans-m _description_148z4_39\">Freeski-kj\u00f8rer i Livigno<\/p>\n<p class=\"_paragraph_o9xde_4 _paragraph_6fko5_10 layout-component text-serif-m layout-normal text-serif-m layout-padded\">\u2013 Tormod er bedre enn meg, sier Samn\u00f8y og ler. <\/p>\n<p class=\"_paragraph_o9xde_4 _paragraph_6fko5_10 layout-component text-serif-m layout-normal text-serif-m layout-padded\">\u2013 Det er veldig hyggelig av Ulrik \u00e5 si det, sier Frostad. <\/p>\n<p class=\"_paragraph_o9xde_4 _paragraph_6fko5_10 layout-component text-serif-m layout-normal text-serif-m layout-padded\"><strong class=\"_strong_o9xde_25\">Finalen er tirsdag. <\/strong><\/p>\n<p class=\"_paragraph_o9xde_4 _paragraph_6fko5_10 layout-component text-serif-m layout-normal layout-padded\"><a href=\"https:\/\/www.vg.no\/sport\/i\/rrE8VK\/tonje-frigstad-om-livet-med-ol-vinneren-jeg-elsker-livet-med-birk\" data-track-element-type=\"Link\" data-track-id=\"link:rrE8VK\" class=\"_link_o9xde_39\" rel=\"nofollow noopener\" target=\"_blank\">Tonje Frigstad om gull-kj\u00e6resten: \u2013 Jeg elsker livet med Birk<\/a><\/p>\n","protected":false},"excerpt":{"rendered":"Freeski-ut\u00f8veren har v\u00e6rt lei seg, fortvilet og forbannet. Alt gikk galt. KNALL OG FALL: Tormod Frostad. Foto: VEGARD&hellip;\n","protected":false},"author":2,"featured_media":163874,"comment_status":"","ping_status":"","sticky":false,"template":"","format":"standard","meta":{"footnotes":"","_share_on_mastodon":"0"},"categories":[59],"tags":[9524,16743,30,28,29,10469,83,82,399],"class_list":["post-163873","post","type-post","status-publish","format-standard","has-post-thumbnail","category-sport","tag-birk-ruud","tag-freeski","tag-no","tag-norge","tag-norway","tag-ol-2026","tag-sport","tag-sports","tag-vintersport"],"share_on_mastodon":{"url":"https:\/\/pubeurope.com\/@no\/116072916163891712","error":""},"_links":{"self":[{"href":"https:\/\/www.europesays.com\/no\/wp-json\/wp\/v2\/posts\/163873","targetHints":{"allow":["GET"]}}],"collection":[{"href":"https:\/\/www.europesays.com\/no\/wp-json\/wp\/v2\/posts"}],"about":[{"href":"https:\/\/www.europesays.com\/no\/wp-json\/wp\/v2\/types\/post"}],"author":[{"embeddable":true,"href":"https:\/\/www.europesays.com\/no\/wp-json\/wp\/v2\/users\/2"}],"replies":[{"embeddable":true,"href":"https:\/\/www.europesays.com\/no\/wp-json\/wp\/v2\/comments?post=163873"}],"version-history":[{"count":0,"href":"https:\/\/www.europesays.com\/no\/wp-json\/wp\/v2\/posts\/163873\/revisions"}],"wp:featuredmedia":[{"embeddable":true,"href":"https:\/\/www.europesays.com\/no\/wp-json\/wp\/v2\/media\/163874"}],"wp:attachment":[{"href":"https:\/\/www.europesays.com\/no\/wp-json\/wp\/v2\/media?parent=163873"}],"wp:term":[{"taxonomy":"category","embeddable":true,"href":"https:\/\/www.europesays.com\/no\/wp-json\/wp\/v2\/categories?post=163873"},{"taxonomy":"post_tag","embeddable":true,"href":"https:\/\/www.europesays.com\/no\/wp-json\/wp\/v2\/tags?post=163873"}],"curies":[{"name":"wp","href":"https:\/\/api.w.org\/{rel}","templated":true}]}}