{"id":164414,"date":"2026-02-15T20:45:13","date_gmt":"2026-02-15T20:45:13","guid":{"rendered":"https:\/\/www.europesays.com\/no\/164414\/"},"modified":"2026-02-15T20:45:13","modified_gmt":"2026-02-15T20:45:13","slug":"torpet-kjendis-settes-pa-pause-tv-2-bekrefter-endringer","status":"publish","type":"post","link":"https:\/\/www.europesays.com\/no\/164414\/","title":{"rendered":"\u00abTorpet kjendis\u00bb settes p\u00e5 pause: TV 2 bekrefter endringer"},"content":{"rendered":"<p class=\"kicker \" style=\"\">Kanalen bekrefter:<\/p>\n<p>    TV 2 bekrefter at det folkekj\u00e6re programmet ikke fortsetter til neste \u00e5r.\u00a0<\/p>\n<p>\n    SISTE: Sander Austad Dale, S\u00f8lje Bergman og Martin Slepnesvar de tre kjendisene som fikk starte p\u00e5 Torpet under \u00e5rets sesong. N\u00e5 settes programmet p\u00e5 pause. Foto: H\u00e5vard Solem \/ TV 2\n  <\/p>\n<p>TV-rpogrammet \u00abTorpet kjendis\u00bb har v\u00e6rt \u00e5 se side om side med \u00abFarmen Kjendis\u00bb de siste \u00e5rene.<\/p>\n<p>I \u00e5rets sesong var det Sander Austad Dale, S\u00f8lje Bergman og Martin Sleipnes som flyttet inn som startbeboere. De blir den siste trioen p\u00e5 en stund.<\/p>\n<p>        KONFRONTERES: P\u00e5 den aller siste dagen av \u00e5rets sesong av \u00abFarmen kjendis\u00bb gjenforenes deltakerne, men stemningen snur raskt. Video: Karolina Grace\/R\u00f8d L\u00f8per, \u00abFarmen kjendis\u00bb\/TV 2. <\/p>\n<p>Det bekrefter TV 2 under finalen av \u00abFarmen Kjendis\u00bb s\u00f8ndag kveld, der Se og H\u00f8rs journalist er til stede.\u00a0<\/p>\n<p>    <a itemprop=\"url\" href=\"https:\/\/www.seher.no\/kjendis\/folte-vi-ble-dolket-i-ryggen\/84214945\" rel=\"nofollow noopener\" target=\"_blank\"><\/p>\n<p>        <img loading=\"lazy\" decoding=\"async\" src=\"https:\/\/www.europesays.com\/no\/wp-content\/uploads\/2026\/02\/84214976.webp.webp\" width=\"980\" height=\"441\" title=\"\u2013 Ble dolket i ryggen\" alt=\"\" class=\"lazyload\" style=\"--aspect-ratio-image: 2.22; \"\/><\/p>\n<p>        \u2013 Ble dolket i ryggen<\/p>\n<p>    <\/a><\/p>\n<p>Kommunikasjonsansvarlig i TV 2, Kristoffer Arnesen, bekrefter ogs\u00e5 til Se og H\u00f8r at det blir den siste sesongen forel\u00f8pig.\u00a0<\/p>\n<p class=\"font-weight-bold m-font-weight-bold\" data-lab-font_weight=\"font-weight-bold\">&#8211; Torpet kjendis har v\u00e6rt en kjempesuksess for oss, og det har blitt en viktig del av Farmen universet. Men vi vil alltid utvikle v\u00e5re konsepter, og n\u00e5 setter vi Torpet kjendis p\u00e5 pause inntil videre.\u00a0<\/p>\n<p>        <img loading=\"lazy\" decoding=\"async\" src=\"https:\/\/www.europesays.com\/no\/wp-content\/uploads\/2026\/02\/1771188313_94_84215020.webp.webp\" width=\"667\" height=\"734\" title=\"SAMLET: Gjengen fra Torpet ankommer \u00abFarmen\u00bb-g\u00e5rden seint i sesongen. Foto: TV 2\" alt=\"\" class=\"\" style=\"--aspect-ratio-image: 0.91; \"\/><\/p>\n<p>\n        SAMLET: Gjengen fra Torpet ankommer \u00abFarmen\u00bb-g\u00e5rden seint i sesongen. Foto: TV 2\n    <\/p>\n<p>Samtidig f\u00e5r seerne \u00e9n siste runde f\u00f8rst. Til h\u00f8sten kommer en ny sesong av den ordin\u00e6re \u00abTorpet\u00bb-versjonen uten kjendiser, f\u00f8r ogs\u00e5 den settes p\u00e5 pause.<\/p>\n<p class=\"font-weight-bold m-font-weight-bold\" data-lab-font_weight=\"font-weight-bold\">&#8211; Det blir en ny sesong med Torpet uten kjendiser i h\u00f8st, f\u00f8r ogs\u00e5 det blir satt p\u00e5 pause, bekrefter Arnesen.\u00a0<\/p>\n","protected":false},"excerpt":{"rendered":"Kanalen bekrefter: TV 2 bekrefter at det folkekj\u00e6re programmet ikke fortsetter til neste \u00e5r.\u00a0 SISTE: Sander Austad Dale,&hellip;\n","protected":false},"author":2,"featured_media":164415,"comment_status":"","ping_status":"","sticky":false,"template":"","format":"standard","meta":{"footnotes":"","_share_on_mastodon":"0"},"categories":[5],"tags":[20,21,24,25,15,19,479,2543,22,23,17,18,13,30,28,29,14,16,26,27,15992,208],"class_list":["post-164414","post","type-post","status-publish","format-standard","has-post-thumbnail","category-overskrifter","tag-breaking-news","tag-breakingnews","tag-featured-news","tag-featurednews","tag-headlines","tag-hovedoppslag","tag-kjendis","tag-kjendisdesken","tag-latest-news","tag-latestnews","tag-main-news","tag-mainnews","tag-news","tag-no","tag-norge","tag-norway","tag-nyheter","tag-overskrifter","tag-top-stories","tag-topstories","tag-torpet","tag-tv-2"],"share_on_mastodon":{"url":"https:\/\/pubeurope.com\/@no\/116076604465641143","error":""},"_links":{"self":[{"href":"https:\/\/www.europesays.com\/no\/wp-json\/wp\/v2\/posts\/164414","targetHints":{"allow":["GET"]}}],"collection":[{"href":"https:\/\/www.europesays.com\/no\/wp-json\/wp\/v2\/posts"}],"about":[{"href":"https:\/\/www.europesays.com\/no\/wp-json\/wp\/v2\/types\/post"}],"author":[{"embeddable":true,"href":"https:\/\/www.europesays.com\/no\/wp-json\/wp\/v2\/users\/2"}],"replies":[{"embeddable":true,"href":"https:\/\/www.europesays.com\/no\/wp-json\/wp\/v2\/comments?post=164414"}],"version-history":[{"count":0,"href":"https:\/\/www.europesays.com\/no\/wp-json\/wp\/v2\/posts\/164414\/revisions"}],"wp:featuredmedia":[{"embeddable":true,"href":"https:\/\/www.europesays.com\/no\/wp-json\/wp\/v2\/media\/164415"}],"wp:attachment":[{"href":"https:\/\/www.europesays.com\/no\/wp-json\/wp\/v2\/media?parent=164414"}],"wp:term":[{"taxonomy":"category","embeddable":true,"href":"https:\/\/www.europesays.com\/no\/wp-json\/wp\/v2\/categories?post=164414"},{"taxonomy":"post_tag","embeddable":true,"href":"https:\/\/www.europesays.com\/no\/wp-json\/wp\/v2\/tags?post=164414"}],"curies":[{"name":"wp","href":"https:\/\/api.w.org\/{rel}","templated":true}]}}