{"id":164514,"date":"2026-02-15T23:28:10","date_gmt":"2026-02-15T23:28:10","guid":{"rendered":"https:\/\/www.europesays.com\/no\/164514\/"},"modified":"2026-02-15T23:28:10","modified_gmt":"2026-02-15T23:28:10","slug":"anna-odine-strom-tok-gull-og-eirin-maria-kvandal-solv-i-storbakkerennet","status":"publish","type":"post","link":"https:\/\/www.europesays.com\/no\/164514\/","title":{"rendered":"Anna Odine Str\u00f8m tok gull og Eirin Maria Kvandal s\u00f8lv i storbakkerennet"},"content":{"rendered":"\n<p class=\"_lead_o9xde_2 _lead_6fko5_53 layout-component text-serif-m layout-normal text-serif-l layout-component layout-wide layout-padded _wide_17hqh_1 layout-padded\">To gull og ett s\u00f8lv \u2013 Anna Odine Str\u00f8m (27) leverte et dr\u00f8mme-OL og st\u00e5r igjen som lekenes ubestridte hoppdronning.<\/p>\n<p>Eirin Maria Kvandal og Anna Odine Str\u00f8m. Foto: Bj\u00f8rn S. Delebekk \/ VG<\/p>\n<p>Rapporterer fra Predazzo, Italia Oppdatert s\u00f8ndag 15. februar kl. 22:12    <\/p>\n<ul class=\"_list_o9xde_3 _list_64s2r_85 _unordered_o9xde_106 text-sans-m\">\n<li class=\"_item_o9xde_30\">Anna Odine Str\u00f8m tok sitt andre gull og vant storbakkerennet i OL.<\/li>\n<li class=\"_item_o9xde_30\">For f\u00f8rste gang konkurrerte kvinnehopperne i storbakken.<\/li>\n<li class=\"_item_o9xde_30\">Str\u00f8m sikret Norges tolvte gull foran Eirin Maria Kvandal og slovenske Nika Prevc.<\/li>\n<\/ul>\n<p>Vis mer <\/p>\n<p class=\"_paragraph_o9xde_4 _paragraph_6fko5_10 layout-component text-serif-m layout-normal text-serif-m layout-padded\">\u2013 Dette var en stor dag for norsk hoppsport, sier hoppsjef Jan Erik Aalbu til VG og andre medier. <\/p>\n<p class=\"_paragraph_o9xde_4 _paragraph_6fko5_10 layout-component text-serif-m layout-normal text-serif-m layout-padded\"><strong class=\"_strong_o9xde_25\">I storbakkerennet tok <a href=\"https:\/\/www.vg.no\/tag\/anna-odine-stroem?utm_source=vg-article&amp;utm_medium=auto-tagger&amp;utm_campaign=9pK0ml\" class=\"_link_o9xde_39\" rel=\"nofollow noopener\" target=\"_blank\">Anna Odine Str\u00f8m<\/a> sitt andre og Norges tolvte gull i OL \u2013 foran lagvenninne Eirin Maria Kvandal og slovenske Nika Prevc. Str\u00f8m var ogs\u00e5 med p\u00e5 laget som sikret s\u00f8lv i den miksede lagkonkurransen.<\/strong><\/p>\n<p class=\"_paragraph_o9xde_4 _paragraph_6fko5_10 layout-component text-serif-m layout-normal text-serif-m layout-padded\">\u2013 Det er en utrolig g\u00f8y norsk dag. En utrolig bra laginnsats fra alle sammen. Det var en helt fantastisk f\u00f8rsteomgang for oss, og s\u00e5 ender vi med et nydelig resultat til slutt, sier Str\u00f8m.<\/p>\n<p class=\"_paragraph_o9xde_4 _paragraph_6fko5_10 layout-component text-serif-m layout-normal text-serif-m layout-padded\">\u2013 En helt vill norsk dag, sier Kvandal til NRK.<\/p>\n<p class=\"_paragraph_o9xde_4 _paragraph_6fko5_10 layout-component text-serif-m layout-normal text-serif-m layout-padded\">For aller f\u00f8rste gang fikk kvinnehopperne konkurrere i storbakken i et OL. Hoppkvinnene fikk f\u00f8rst delta i OL i 2014 \u2013 og m\u00e5tte vente ytterligere tolv \u00e5r f\u00f8r storbakken ble en del av OL-programmetOL-programmetHerrene har hatt denne muligheten helt siden det aller f\u00f8rste OL i 1924..<\/p>\n<p class=\"_paragraph_o9xde_4 _paragraph_6fko5_10 layout-component text-serif-m layout-normal text-serif-m layout-padded\">\u2013 Vi klarte jo \u00e5 lage en kjempespennende konkurranse, gjorde vi ikke det? Det er veldig mange flinke folk, utrolig mange gode skihoppere, og s\u00e5 tror jeg kanskje de ser det n\u00e5, sier Str\u00f8m til de som har v\u00e6rt skeptiske til kombinasjonen kvinner og stor bakke i mesterskap.<\/p>\n<p>F.v.: Silje Opseth, Anna Odine Str\u00f8m og Heidi Dyhre Traaserud. Foto: Bj\u00f8rn S. Delebekk \/ VG<\/p>\n<p class=\"_paragraph_o9xde_4 _paragraph_6fko5_10 layout-component text-serif-m layout-normal text-serif-m layout-padded\">\u2013 Det er helt ellevilt det hun presterer. En r\u00e5skap, oppsummerer NRK-ekspert Johan Remen Evensen om Str\u00f8m. <\/p>\n<p class=\"_paragraph_o9xde_4 _paragraph_6fko5_10 layout-component text-serif-m layout-normal text-serif-m layout-padded\">Etter f\u00f8rste omgang var det firedobbelt norsk i toppen. Like bak fulgte attp\u00e5til svenske Frida Westman p\u00e5 sjetteplass \u2013 som bor og trener i Trondheim.<\/p>\n<p class=\"_paragraph_o9xde_4 _paragraph_6fko5_10 layout-component text-serif-m layout-normal text-serif-m layout-padded\">\u2013 Den f\u00f8rste omgangen var litt uvirkelig med fire norske jenter p\u00e5 toppen. Det skal mye til \u00e5 levere godt i andre omgang, men to av dem gj\u00f8r det, sier statsminister Jonas Gahr St\u00f8re til VG. <\/p>\n<ul class=\"_list_o9xde_3 _list_6fko5_9 _unordered_o9xde_106 layout-component text-serif-m layout-normal text-serif-m layout-padded\">\n<li class=\"_item_o9xde_30\">Det gikk litt i surr for statsminister p\u00e5 direkten hos NRK:<\/li>\n<\/ul>\n<p class=\"_paragraph_o9xde_4 _paragraph_6fko5_10 layout-component text-serif-m layout-normal text-serif-m layout-padded\">Til slutt m\u00e5tte Silje Opseth ta til takke med femteplass, mens Heidi Dyhre Traaserud havnet rett bak, p\u00e5 sjette \u2013 begge bak svenske Westman.<\/p>\n<p class=\"_paragraph_o9xde_4 _paragraph_6fko5_10 layout-component text-serif-m layout-normal text-serif-m layout-padded\">\u2013 Jeg kan ikke huske at norsk hoppsport har hatt lignende resultater i noen \u00f8velse noen gang. Det er mulig jeg er historiel\u00f8s, men det kan jeg ikke tenke meg, sier Jan Erik Aalbu. <\/p>\n<p><img decoding=\"async\" alt=\"Bilde av Jan Erik Aalbu\" class=\"_image_148z4_25\" height=\"49\" itemprop=\"image\" loading=\"lazy\"  src=\"https:\/\/www.europesays.com\/no\/wp-content\/uploads\/2026\/02\/1771198090_986_6ad98c21-9716-455c-bcf2-9c39029815b8.jpeg\"  width=\"40\"\/><strong class=\"_name_148z4_34 title-serif-xs\">Jan Erik Aalbu<\/strong><\/p>\n<p class=\"_paragraph_o9xde_4 _paragraph_6fko5_10 layout-component text-serif-m layout-normal text-serif-m layout-padded\">Det var Eirin Maria Kvandal som ledet foran Anna Odine Str\u00f8m etter f\u00f8rste omgang. <\/p>\n<p class=\"_paragraph_o9xde_4 _paragraph_6fko5_10 layout-component text-serif-m layout-normal text-serif-m layout-padded\">\u2013 Det er helt ellevilt, rett og slett. Jeg har aldri v\u00e6rt med p\u00e5 lignende, sa hopplegenden Maren Lundby som NRK-ekspert om den norske dominansen. <\/p>\n<p class=\"_paragraph_o9xde_4 _paragraph_6fko5_10 layout-component text-serif-m layout-normal text-serif-m layout-padded\">\u2013 Den lista her er ikke til \u00e5 tro, sa ekspertkollega Remen Evensen. <\/p>\n<p class=\"font-weight-semi-bold color-accent label-medium _label_16v91_20\">Topp seks<\/p>\n<p class=\"_paragraph_o9xde_4 _paragraph_6fko5_10 _paragraph_16v91_10 layout-component text-serif-m layout-normal text-sans-m layout-padded\"><strong class=\"_strong_o9xde_25\">1. Anna Odine Str\u00f8m (Norge)<\/strong><\/p>\n<ol class=\"_list_o9xde_3 _list_6fko5_9 _list_16v91_9 _ordered_o9xde_79 layout-component text-serif-m layout-normal text-sans-m layout-padded\">\n<li class=\"_item_o9xde_30\">omgang: 130,5 m \u2013 136,7 p<\/li>\n<li class=\"_item_o9xde_30\">omgang: 132,0 m \u2013 148,1 p<\/li>\n<\/ol>\n<p class=\"_paragraph_o9xde_4 _paragraph_6fko5_10 _paragraph_16v91_10 layout-component text-serif-m layout-normal text-sans-m layout-padded\"><strong class=\"_strong_o9xde_25\">2. Eirin Maria Kvaldal (Norge)<\/strong><\/p>\n<ol class=\"_list_o9xde_3 _list_6fko5_9 _list_16v91_9 _ordered_o9xde_79 layout-component text-serif-m layout-normal text-sans-m layout-padded\">\n<li class=\"_item_o9xde_30\">omgang: 129,0 m \u2013 140,6 p<\/li>\n<li class=\"_item_o9xde_30\">omgang: 133,5 m \u2013 142,1 p<\/li>\n<\/ol>\n<p class=\"_paragraph_o9xde_4 _paragraph_6fko5_10 _paragraph_16v91_10 layout-component text-serif-m layout-normal text-sans-m layout-padded\"><strong class=\"_strong_o9xde_25\">3. Nika Prevc (Slovenia)<\/strong><\/p>\n<ol class=\"_list_o9xde_3 _list_6fko5_9 _list_16v91_9 _ordered_o9xde_79 layout-component text-serif-m layout-normal text-sans-m layout-padded\">\n<li class=\"_item_o9xde_30\">omgang: 128,0 m \u2013 128,3 p<\/li>\n<li class=\"_item_o9xde_30\">omgang: 127,5 m \u2013 143,2 p<\/li>\n<\/ol>\n<p class=\"_paragraph_o9xde_4 _paragraph_6fko5_10 _paragraph_16v91_10 layout-component text-serif-m layout-normal text-sans-m layout-padded\"><strong class=\"_strong_o9xde_25\">4. Frida Westman (Sverige)<\/strong><\/p>\n<ol class=\"_list_o9xde_3 _list_6fko5_9 _list_16v91_9 _ordered_o9xde_79 layout-component text-serif-m layout-normal text-sans-m layout-padded\">\n<li class=\"_item_o9xde_30\">omgang: 129,5 m \u2013 126,0 p<\/li>\n<li class=\"_item_o9xde_30\">omgang: 127,5 m \u2013 139,4 p<\/li>\n<\/ol>\n<p class=\"_paragraph_o9xde_4 _paragraph_6fko5_10 _paragraph_16v91_10 layout-component text-serif-m layout-normal text-sans-m layout-padded\"><strong class=\"_strong_o9xde_25\">5. Silje Opseth (Norge)<\/strong><\/p>\n<ol class=\"_list_o9xde_3 _list_6fko5_9 _list_16v91_9 _ordered_o9xde_79 layout-component text-serif-m layout-normal text-sans-m layout-padded\">\n<li class=\"_item_o9xde_30\">omgang: 126,5 m \u2013 131,8 p<\/li>\n<li class=\"_item_o9xde_30\">omgang: 125,5 m \u2013 130,8 p<\/li>\n<\/ol>\n<p class=\"_paragraph_o9xde_4 _paragraph_6fko5_10 _paragraph_16v91_10 layout-component text-serif-m layout-normal text-sans-m layout-padded\"><strong class=\"_strong_o9xde_25\">Heidi Dyhre Traaserud (Norge)<\/strong><\/p>\n<ol class=\"_list_o9xde_3 _list_6fko5_9 _list_16v91_9 _ordered_o9xde_79 layout-component text-serif-m layout-normal text-sans-m layout-padded\">\n<li class=\"_item_o9xde_30\">omgang: 124,5 m \u2013 129,6 p<\/li>\n<li class=\"_item_o9xde_30\">omgang: 119,5 m \u2013 129,5 p<\/li>\n<\/ol>\n<p>Vis mer<\/p>\n<p class=\"_paragraph_o9xde_4 _paragraph_6fko5_10 layout-component text-serif-m layout-normal text-serif-m layout-padded\">NRK-ekspertene var likevel klare p\u00e5 at forholdene ikke var rettferdig i den f\u00f8rste omgangen. <\/p>\n<p class=\"_paragraph_o9xde_4 _paragraph_6fko5_10 layout-component text-serif-m layout-normal text-serif-m layout-padded\"><strong class=\"_strong_o9xde_25\">\u2013 N\u00e5 burde juryen ha is i magen og stoppet rennet og ventet litt. Det er dobbelt s\u00e5 mye bakvind som f\u00f8r konkurransen, sa Remen Evensen da den ene etter den andre misset i sluttfasen.<\/strong><\/p>\n<p class=\"_paragraph_o9xde_4 _paragraph_6fko5_10 layout-component text-serif-m layout-normal text-serif-m layout-padded\">\u2013 Det er sjelden vi opplever s\u00e5 store endringer som vi har n\u00e5, sa Lundby.<\/p>\n<p>Norges 13 OL-gull i hoppStor bakke:<\/p>\n<p class=\"_paragraph_o9xde_4 _paragraph_6fko5_10 _paragraph_16v91_10 layout-component text-serif-m layout-normal text-sans-m layout-padded\" itemprop=\"text\"><strong class=\"_strong_o9xde_25\">1924: <\/strong>Jacob Tullin Thams<\/p>\n<p class=\"_paragraph_o9xde_4 _paragraph_6fko5_10 _paragraph_16v91_10 layout-component text-serif-m layout-normal text-sans-m layout-padded\" itemprop=\"text\"><strong class=\"_strong_o9xde_25\">1928: <\/strong>Alf Andersen<\/p>\n<p class=\"_paragraph_o9xde_4 _paragraph_6fko5_10 _paragraph_16v91_10 layout-component text-serif-m layout-normal text-sans-m layout-padded\" itemprop=\"text\"><strong class=\"_strong_o9xde_25\">1932: <\/strong>Birger Ruud<\/p>\n<p class=\"_paragraph_o9xde_4 _paragraph_6fko5_10 _paragraph_16v91_10 layout-component text-serif-m layout-normal text-sans-m layout-padded\" itemprop=\"text\"><strong class=\"_strong_o9xde_25\">1936:<\/strong> Birger Ruud<\/p>\n<p class=\"_paragraph_o9xde_4 _paragraph_6fko5_10 _paragraph_16v91_10 layout-component text-serif-m layout-normal text-sans-m layout-padded\" itemprop=\"text\"><strong class=\"_strong_o9xde_25\">1948:<\/strong> Petter Hugsted<\/p>\n<p class=\"_paragraph_o9xde_4 _paragraph_6fko5_10 _paragraph_16v91_10 layout-component text-serif-m layout-normal text-sans-m layout-padded\" itemprop=\"text\"><strong class=\"_strong_o9xde_25\">1952:<\/strong> Arnfinn Bergmann<\/p>\n<p class=\"_paragraph_o9xde_4 _paragraph_6fko5_10 _paragraph_16v91_10 layout-component text-serif-m layout-normal text-sans-m layout-padded\" itemprop=\"text\"><strong class=\"_strong_o9xde_25\">1964:<\/strong> Toralf Engan<\/p>\n<p class=\"_paragraph_o9xde_4 _paragraph_6fko5_10 _paragraph_16v91_10 layout-component text-serif-m layout-normal text-sans-m layout-padded\" itemprop=\"text\"><strong class=\"_strong_o9xde_25\">2022:<\/strong> Marius Lindvik<\/p>\n<p class=\"_paragraph_o9xde_4 _paragraph_6fko5_10 _paragraph_16v91_10 layout-component text-serif-m layout-normal text-sans-m layout-padded\" itemprop=\"text\"><strong class=\"_strong_o9xde_25\">2026: <\/strong>Anna Odine Str\u00f8m<\/p>\n<p>Normal bakke:<\/p>\n<p class=\"_paragraph_o9xde_4 _paragraph_6fko5_10 _paragraph_16v91_10 layout-component text-serif-m layout-normal text-sans-m layout-padded\" itemprop=\"text\"><strong class=\"_strong_o9xde_25\">1994:<\/strong> Espen Bredesen<\/p>\n<p class=\"_paragraph_o9xde_4 _paragraph_6fko5_10 _paragraph_16v91_10 layout-component text-serif-m layout-normal text-sans-m layout-padded\" itemprop=\"text\"><strong class=\"_strong_o9xde_25\">2006:<\/strong> Lars Byst\u00f8l<\/p>\n<p class=\"_paragraph_o9xde_4 _paragraph_6fko5_10 _paragraph_16v91_10 layout-component text-serif-m layout-normal text-sans-m layout-padded\" itemprop=\"text\"><strong class=\"_strong_o9xde_25\">2018:<\/strong> Maren Lundby<\/p>\n<p class=\"_paragraph_o9xde_4 _paragraph_6fko5_10 _paragraph_16v91_10 layout-component text-serif-m layout-normal text-sans-m layout-padded\" itemprop=\"text\"><strong class=\"_strong_o9xde_25\">2026:<\/strong> Anna Odine Str\u00f8m<\/p>\n<p>Kilde: NTB<\/p>\n<p class=\"_paragraph_o9xde_4 _paragraph_6fko5_10 layout-component text-serif-m layout-normal text-serif-m layout-padded\">Anna Odine Str\u00f8m var ogs\u00e5 blant dem som var mindre heldig med forholdene.<\/p>\n<p class=\"_paragraph_o9xde_4 _paragraph_6fko5_10 layout-component text-serif-m layout-normal text-serif-m layout-padded\">\u2013 Det var ikke s\u00e5 lett i f\u00f8rsteomgangen der. Det f\u00f8ltes litt d\u00f8dt helt \u00f8verst, men jeg pr\u00f8vde \u00e5 gj\u00f8re et godt skihopp, og s\u00e5 havner jeg jo ikke s\u00e5 langt bak, sier Str\u00f8m til VG. <\/p>\n<p class=\"_paragraph_o9xde_4 _paragraph_6fko5_10 layout-component text-serif-m layout-normal text-serif-m layout-padded\">\u2013 Det hoppet som Anna har i f\u00f8rste omgang, det var helt r\u00e5tt. For da s\u00e5 vi alle de hardeste konkurrentene falt av, og hun gj\u00f8r det hoppet som hun gj\u00f8r og legger seg p\u00e5 annenplass. Men jeg har sett det f\u00f8r p\u00e5 Anna: N\u00e5r hun er i sonen sin, s\u00e5 er hun utrolig t\u00f8ff i huet, hun er s\u00e5 mentalt sterk, sier Jan Erik Aalbu til VG. <\/p>\n<ul class=\"_list_o9xde_3 _list_6fko5_9 _unordered_o9xde_106 layout-component text-serif-m layout-normal text-serif-m layout-padded\">\n<li class=\"_item_o9xde_30\">OL avsluttes for hopperne med superteamsuperteamTo ut\u00f8vere p\u00e5 hvert lag.-konkurranse for herrer mandag kveld. <\/li>\n<\/ul>\n","protected":false},"excerpt":{"rendered":"To gull og ett s\u00f8lv \u2013 Anna Odine Str\u00f8m (27) leverte et dr\u00f8mme-OL og st\u00e5r igjen som lekenes&hellip;\n","protected":false},"author":2,"featured_media":164515,"comment_status":"","ping_status":"","sticky":false,"template":"","format":"standard","meta":{"footnotes":"","_share_on_mastodon":"0"},"categories":[5],"tags":[8673,20,21,12101,24,25,17446,15,770,19,771,12233,201,22,23,17,18,17447,13,30,28,29,14,10469,16,12182,26,27,3428,399],"class_list":["post-164514","post","type-post","status-publish","format-standard","has-post-thumbnail","category-overskrifter","tag-anna-odine-strom","tag-breaking-news","tag-breakingnews","tag-eirin-maria-kvandal","tag-featured-news","tag-featurednews","tag-frida-westman","tag-headlines","tag-hopp","tag-hovedoppslag","tag-jan-erik-aalbu","tag-johan-remen-evensen","tag-jonas-gahr-store","tag-latest-news","tag-latestnews","tag-main-news","tag-mainnews","tag-maren-lundby","tag-news","tag-no","tag-norge","tag-norway","tag-nyheter","tag-ol-2026","tag-overskrifter","tag-silje-opseth","tag-top-stories","tag-topstories","tag-vinter-ol","tag-vintersport"],"share_on_mastodon":{"url":"https:\/\/pubeurope.com\/@no\/116077245535087590","error":""},"_links":{"self":[{"href":"https:\/\/www.europesays.com\/no\/wp-json\/wp\/v2\/posts\/164514","targetHints":{"allow":["GET"]}}],"collection":[{"href":"https:\/\/www.europesays.com\/no\/wp-json\/wp\/v2\/posts"}],"about":[{"href":"https:\/\/www.europesays.com\/no\/wp-json\/wp\/v2\/types\/post"}],"author":[{"embeddable":true,"href":"https:\/\/www.europesays.com\/no\/wp-json\/wp\/v2\/users\/2"}],"replies":[{"embeddable":true,"href":"https:\/\/www.europesays.com\/no\/wp-json\/wp\/v2\/comments?post=164514"}],"version-history":[{"count":0,"href":"https:\/\/www.europesays.com\/no\/wp-json\/wp\/v2\/posts\/164514\/revisions"}],"wp:featuredmedia":[{"embeddable":true,"href":"https:\/\/www.europesays.com\/no\/wp-json\/wp\/v2\/media\/164515"}],"wp:attachment":[{"href":"https:\/\/www.europesays.com\/no\/wp-json\/wp\/v2\/media?parent=164514"}],"wp:term":[{"taxonomy":"category","embeddable":true,"href":"https:\/\/www.europesays.com\/no\/wp-json\/wp\/v2\/categories?post=164514"},{"taxonomy":"post_tag","embeddable":true,"href":"https:\/\/www.europesays.com\/no\/wp-json\/wp\/v2\/tags?post=164514"}],"curies":[{"name":"wp","href":"https:\/\/api.w.org\/{rel}","templated":true}]}}