{"id":164592,"date":"2026-02-16T03:30:10","date_gmt":"2026-02-16T03:30:10","guid":{"rendered":"https:\/\/www.europesays.com\/no\/164592\/"},"modified":"2026-02-16T03:30:10","modified_gmt":"2026-02-16T03:30:10","slug":"moren-nancy-savnet-etter-kidnapping","status":"publish","type":"post","link":"https:\/\/www.europesays.com\/no\/164592\/","title":{"rendered":"Moren Nancy savnet etter kidnapping"},"content":{"rendered":"<p class=\"kicker \" style=\"\">Trump-melding:<\/p>\n<p>    Senator Gavin Newsom brukte sikkerhetskonferansen i M\u00fcnchen til \u00e5 minne Europa om at Trumps tid i Det hvite hus ikke vil vare evig.<\/p>\n<p>\n    TOK TUREN: Californias guvern\u00f8r Gavin Newsom deltok i en panelsamtale under sikkerhetskonferansen i M\u00fcnchen, l\u00f8rdag 14. februar 2026. Foto: REUTERS\/Liesa Johannssen\n  <\/p>\n<p>Mens USAs utenriksminister Marco Rubio\u00a0var en av hovedattraksjonen p\u00e5 sikkerhetskonferansen i M\u00fcnchen i helga, var han langt fra den eneste amerikanske politikeren som dukket opp.<\/p>\n<p>Dusinvis av amerikanske lovgivere og guvern\u00f8rer hadde tatt turen til den tyske storbyen &#8211; mange av dem demokrater som kan komme til \u00e5 kjempe om presidentkandidaturet i 2028.\u00a0<\/p>\n<p class=\"font-weight-bold m-font-weight-bold\" data-lab-font_weight=\"font-weight-bold\">Blant dem var Californias guvern\u00f8r Gavin Newsome, som brukte talerstolen til \u00e5 sende et klart signal:<\/p>\n<p class=\"font-weight-normal m-font-weight-normal\" data-lab-font_weight=\"font-weight-normal\">&#8211; Hvis det er noe jeg kan formidle i dag, s\u00e5 er det at Donald Trump er midlertidig. Han er borte om tre \u00e5r, sa Newsom under en panelsamtale l\u00f8rdag.<\/p>\n<p class=\"font-weight-normal m-font-weight-normal\" data-lab-font_weight=\"font-weight-normal\">Det melder blant andre\u00a0<a href=\"https:\/\/www.bbc.com\/news\/articles\/cjrq2r9y278o\" rel=\"nofollow noopener\" target=\"_blank\">BBC<\/a>, <a href=\"https:\/\/www.bloomberg.com\/news\/articles\/2026-02-14\/newsom-pleads-with-us-allies-in-europe-to-see-trump-as-temporary?embedded-checkout=true\" rel=\"nofollow noopener\" target=\"_blank\">Bloomberg<\/a> og <a href=\"https:\/\/apnews.com\/article\/gavin-newsom-donald-trump-aac5dff6adf8cc845ade1206f0900b45\" rel=\"nofollow noopener\" target=\"_blank\">AP<\/a>.<\/p>\n<p>    <a itemprop=\"url\" href=\"https:\/\/www.dagbladet.no\/meninger\/vesten-mot-vesten\/84237744\" rel=\"nofollow noopener\" target=\"_blank\"><\/p>\n<p>        <img loading=\"lazy\" decoding=\"async\" src=\"https:\/\/www.europesays.com\/no\/wp-content\/uploads\/2026\/02\/1771212609_53_84233879.webp.webp\" width=\"980\" height=\"441\" title=\"Vesten mot vesten\" alt=\"\" class=\"lazyload\" style=\"--aspect-ratio-image: 2.22; \"\/><\/p>\n<p>        Vesten mot vesten<\/p>\n<p>    <\/a><\/p>\n<p>&#8211; En destruktiv president  <\/p>\n<p>Newsom advarte videre mot det han omtalte som \u00abet imperialistisk presidentskap\u00bb og beskrev Trump som en trussel mot b\u00e5de rettsstaten og kloden.<\/p>\n<p class=\"font-weight-bold m-font-weight-bold\" data-lab-font_weight=\"font-weight-bold\">&#8211; Aldri i USAs historie har det v\u00e6rt en mer destruktiv president (for planeten), sa Newsom.<\/p>\n<p>        MUNCHEN: Dette sier statsminister, Jonas Gahr St\u00f8re, og utenriksminister, Espen Barth Eide, om USAs utenriksminister, Marco Rubio, sin tale p\u00e5 Den internasjonale sikkerhetskonferanse i Munchen, Tyskland. Video: Vegard Kr\u00fcger \/ Dagbladet TV.<\/p>\n<p>Demokraten, som mange sp\u00e5r vil stille som presidentkandidat i 2028, antydet ogs\u00e5 at Europa har blitt mer samlet som en reaksjon p\u00e5 Trumps trusler og utspill.<\/p>\n<p>-\u202fKanskje det er det ene gode bidraget fra Donald\u202fTrump,\u00a0sa han.<\/p>\n<p>    <a itemprop=\"url\" href=\"https:\/\/www.dagbladet.no\/nyheter\/en-annen-type\/84233424\" rel=\"nofollow noopener\" target=\"_blank\"><\/p>\n<p>        <img loading=\"lazy\" decoding=\"async\" src=\"https:\/\/www.europesays.com\/no\/wp-content\/uploads\/2026\/02\/1771212610_302_84233436.webp.webp\" width=\"980\" height=\"441\" title=\"- En annen type\" alt=\"\" class=\"lazyload\" style=\"--aspect-ratio-image: 2.22; \"\/><\/p>\n<p>        &#8211; En annen type<\/p>\n<p>    <\/a><\/p>\n<p>&#8211; Vil ikke splitte  <\/p>\n<p>Uttalelsene kom samme dag som Rubio holdt tale til europeiske ledere, p\u00e5 et tidspunkt hvor mange fortsatt stiller sp\u00f8rsm\u00e5l ved hvor n\u00e6rt forholdet til USA egentlig er &#8211; etter m\u00e5neder med Trump\u2011trusler om toll og snakk om \u00e5 \u00abta\u00bb Gr\u00f8nland.<\/p>\n<p>Rubios tale ble tolket som et fors\u00f8k p\u00e5 \u00e5 forsikre allierte om at b\u00e5ndene mellom USA og Europa st\u00e5r seg &#8211; selv om forholdet har v\u00e6rt anspent den siste tida.<\/p>\n<p class=\"font-weight-bold m-font-weight-bold\" data-lab-font_weight=\"font-weight-bold\">&#8211; Europa og USA h\u00f8rer sammen, slo\u00a0Rubio\u00a0fast under konferansen.<\/p>\n<p class=\"font-weight-normal m-font-weight-normal\" data-lab-font_weight=\"font-weight-normal\">&#8211; Vi vil ikke splitte, men gjenopplive gammelt vennskap, sa han videre.<\/p>\n<p>        <img loading=\"lazy\" decoding=\"async\" src=\"https:\/\/www.europesays.com\/no\/wp-content\/uploads\/2026\/02\/1771212610_345_84239771.webp.webp\" width=\"980\" height=\"559\" title=\"HOLDT TALE: USAs utenriksminister Marco Rubio talte under den 62. sikkerhetskonferansen i M\u00fcnchen. Foto: Thomas Kienzle \/ AFP \/ NTB\" alt=\"\" class=\"\" style=\"--aspect-ratio-image: 1.75; \"\/><\/p>\n<p>\n        HOLDT TALE: USAs utenriksminister Marco Rubio talte under den 62. sikkerhetskonferansen i M\u00fcnchen. Foto: Thomas Kienzle \/ AFP \/ NTB\n    <\/p>\n<p>Signal til Europa  <\/p>\n<p>Rubio fikk konkurranse fra en rekke demokratiske og republikanske politikere som ogs\u00e5 ville sende et tydelig signal.<\/p>\n<p>&#8211; Grunnen til at vi er her, er for \u00e5 forsikre om at vi forst\u00e5r hvor viktige v\u00e5re europeiske allierte er, sa senator Jeanne Shaheen fra New Hampshire.<\/p>\n<p>    <a itemprop=\"url\" href=\"https:\/\/www.dagbladet.no\/nyheter\/ville-ha-vunnet-enhver-kamp\/84236641\" rel=\"nofollow noopener\" target=\"_blank\"><\/p>\n<p>        <img loading=\"lazy\" decoding=\"async\" src=\"https:\/\/www.europesays.com\/no\/wp-content\/uploads\/2026\/02\/1771212610_930_84164818.webp.webp\" width=\"980\" height=\"441\" title=\"- Ville ha vunnet enhver kamp\" alt=\"\" class=\"lazyload\" style=\"--aspect-ratio-image: 2.22; \"\/><\/p>\n<p>        &#8211; Ville ha vunnet enhver kamp<\/p>\n<p>    <\/a><\/p>\n<p>Den republikanske senatoren Thom Tillis ba europeiske allierte om ikke \u00e5 la seg skremme av \u00abretorikken i amerikansk politikk\u00bb.<\/p>\n<p class=\"font-weight-bold m-font-weight-bold\" data-lab-font_weight=\"font-weight-bold\">&#8211; Vi er ikke i en borgerkrig, understreket han.<\/p>\n<p>Arizona-senator Ruben Gallego, som er demokrat, oppsummerte stemningen blant de amerikanske delegatene i M\u00fcnchen:<\/p>\n<p>&#8211; Europa vil bare ha et bedre USA. Noen ganger m\u00e5 vi minne dem om at dette ikke bare handler om Trump &#8211; vi er fortsatt her.<\/p>\n","protected":false},"excerpt":{"rendered":"Trump-melding: Senator Gavin Newsom brukte sikkerhetskonferansen i M\u00fcnchen til \u00e5 minne Europa om at Trumps tid i Det&hellip;\n","protected":false},"author":2,"featured_media":164593,"comment_status":"","ping_status":"","sticky":false,"template":"","format":"standard","meta":{"footnotes":"","_share_on_mastodon":"0"},"categories":[5],"tags":[17000,20,21,24,25,15,19,4231,479,22,23,17,18,17215,13,30,28,29,14,16,26,27],"class_list":["post-164592","post","type-post","status-publish","format-standard","has-post-thumbnail","category-overskrifter","tag-bortforing","tag-breaking-news","tag-breakingnews","tag-featured-news","tag-featurednews","tag-headlines","tag-hovedoppslag","tag-kidnapping","tag-kjendis","tag-latest-news","tag-latestnews","tag-main-news","tag-mainnews","tag-nancy-guthrie","tag-news","tag-no","tag-norge","tag-norway","tag-nyheter","tag-overskrifter","tag-top-stories","tag-topstories"],"share_on_mastodon":{"url":"https:\/\/pubeurope.com\/@no\/116078197092982964","error":""},"_links":{"self":[{"href":"https:\/\/www.europesays.com\/no\/wp-json\/wp\/v2\/posts\/164592","targetHints":{"allow":["GET"]}}],"collection":[{"href":"https:\/\/www.europesays.com\/no\/wp-json\/wp\/v2\/posts"}],"about":[{"href":"https:\/\/www.europesays.com\/no\/wp-json\/wp\/v2\/types\/post"}],"author":[{"embeddable":true,"href":"https:\/\/www.europesays.com\/no\/wp-json\/wp\/v2\/users\/2"}],"replies":[{"embeddable":true,"href":"https:\/\/www.europesays.com\/no\/wp-json\/wp\/v2\/comments?post=164592"}],"version-history":[{"count":0,"href":"https:\/\/www.europesays.com\/no\/wp-json\/wp\/v2\/posts\/164592\/revisions"}],"wp:featuredmedia":[{"embeddable":true,"href":"https:\/\/www.europesays.com\/no\/wp-json\/wp\/v2\/media\/164593"}],"wp:attachment":[{"href":"https:\/\/www.europesays.com\/no\/wp-json\/wp\/v2\/media?parent=164592"}],"wp:term":[{"taxonomy":"category","embeddable":true,"href":"https:\/\/www.europesays.com\/no\/wp-json\/wp\/v2\/categories?post=164592"},{"taxonomy":"post_tag","embeddable":true,"href":"https:\/\/www.europesays.com\/no\/wp-json\/wp\/v2\/tags?post=164592"}],"curies":[{"name":"wp","href":"https:\/\/api.w.org\/{rel}","templated":true}]}}