{"id":164914,"date":"2026-02-16T12:26:20","date_gmt":"2026-02-16T12:26:20","guid":{"rendered":"https:\/\/www.europesays.com\/no\/164914\/"},"modified":"2026-02-16T12:26:20","modified_gmt":"2026-02-16T12:26:20","slug":"star-i-sin-storste-krise","status":"publish","type":"post","link":"https:\/\/www.europesays.com\/no\/164914\/","title":{"rendered":"St\u00e5r i sin st\u00f8rste krise"},"content":{"rendered":"<p>Mens <a href=\"https:\/\/www.seher.no\/kongelig\/omdommet-er-uttrykkelig-knust\/84217513\" rel=\"nofollow noopener\" target=\"_blank\">kronprinsesse Mette-Marit (52) <\/a>befinner seg n\u00e5 hjemme i Norge, er resten av kronprinsfamilien &#8211; og kongeparet &#8211; reist utenlands.<\/p>\n<p>        <img loading=\"lazy\" decoding=\"async\" src=\"https:\/\/www.europesays.com\/no\/wp-content\/uploads\/2026\/02\/1771244770_122_84207548.webp.webp\" width=\"667\" height=\"694\" title=\"Dronning Sonja og kong Harald i samtale med kronprinsesse Catharina- Amalia fra Nederland under OL i Italia.\" alt=\"\" class=\"\" style=\"--aspect-ratio-image: 0.96; \"\/><\/p>\n<p>\n        Dronning Sonja og kong Harald i samtale med kronprinsesse Catharina- Amalia fra Nederland under OL i Italia.\n    <\/p>\n<p>Kongeparet representerte Norge i Milano i forbindelse med OL, f\u00f8r de dro videre p\u00e5 vinterferie. Kronprins\u00a0 Haakon (52) er ogs\u00e5 i Italia, og skal mandag f\u00f8lge slal\u00e5m for menn i Bormio, skriver <a href=\"https:\/\/www.kongehuset.no\/program\" rel=\"nofollow noopener\" target=\"_blank\">Kongehuset<\/a> i sin kalender.<\/p>\n<p>        <img loading=\"lazy\" decoding=\"async\" src=\"https:\/\/www.europesays.com\/no\/wp-content\/uploads\/2026\/02\/84241449.webp.webp\" width=\"667\" height=\"721\" title=\"MANDAG MORGEN: Kronprins Haakon sjekket l\u00f8ypeforholdene i forkant av slal\u00e5m for menn i Bormio . Foto: NTB\" alt=\"\" class=\"\" style=\"--aspect-ratio-image: 0.93; \"\/><\/p>\n<p>\n        MANDAG MORGEN: Kronprins Haakon sjekket l\u00f8ypeforholdene i forkant av slal\u00e5m for menn i Bormio . Foto: NTB\n    <\/p>\n<p>Ettersom b\u00e5de Haakon og Harald er utenlands er det derfor regjeringen som styrer landet.<\/p>\n<p>        OSLO TINGRETT: Selv om kronprinsfamilien p\u00e5 forh\u00e5nd varslet at de ikke ville v\u00e6re fysisk tilstede i rettssalen, f\u00e5r Marius st\u00f8tte fra ikke-kongelige hold. Video: H\u00e5vard Bj\u00f8rnerem \/\/ Foto: NTB \/ Se og H\u00f8r<\/p>\n<p>Det skjer mens rettssaken mot s\u00f8nnen Marius Borg H\u00f8iby (29) p\u00e5g\u00e5r i Oslo tingrett.<\/p>\n<p>Familien er n\u00e5 fysisk spredt. Prinsesse Ingrid Alexandra (21) og prins Sverre Magnus (19) har begge dratt utenlands p\u00e5 ferie, og er ikke ventet \u00e5 komme tilbake med det f\u00f8rste.\u00a0<\/p>\n<p>Ingrid skal etter planen ogs\u00e5 fortsette studiene ved universitetet i Sydney.<\/p>\n<p>    <a itemprop=\"url\" href=\"https:\/\/www.seher.no\/kjendis\/eneste-maten-a-drepe-rykter-pa\/84189671\" rel=\"nofollow noopener\" target=\"_blank\"><\/p>\n<p>        <img loading=\"lazy\" decoding=\"async\" src=\"https:\/\/www.europesays.com\/no\/wp-content\/uploads\/2026\/02\/1771244772_179_84189970.webp.webp\" width=\"980\" height=\"441\" title=\"- Eneste m\u00e5ten \u00e5 drepe rykter p\u00e5\" alt=\"\" class=\"lazyload\" style=\"--aspect-ratio-image: 2.22; \"\/><\/p>\n<p>        &#8211; Eneste m\u00e5ten \u00e5 drepe rykter p\u00e5<\/p>\n<p>    <\/a><\/p>\n<p>Hjemme alene\t<\/p>\n<p>Midt i dette st\u00e5r Mette-Marit i en situasjon mange beskriver som den mest krevende i hennes liv.\u00a0<\/p>\n<p>Hjemme p\u00e5 Skaugum sitter kronprinsesse hun alene. Selv om hun trolig har hyppig kontakt med resten av familien p\u00e5 telefon, er det likevel ikke det samme som \u00e5 ha noen i den n\u00e6rmeste familie hjemme.\u00a0<\/p>\n<p>        EKSKLUSIVT: I Se og H\u00f8rs eksklusive bilder kan vi se hva som skjedde i etterkant av den tredje voldtektstiltalen Marius st\u00e5r overfor, som n\u00e5 behandles i Oslo Tingrett. Video: H\u00e5vard Bj\u00f8rnerem \/ NTB \/\/ Foto: NTB \/ Se og H\u00f8r \/\/ Reporter: Caroline Vagle<\/p>\n<p class=\"font-weight-bold m-font-weight-bold\" data-lab-font_weight=\"font-weight-bold\">Noen man kan klemme og holde i h\u00e5nden.<\/p>\n<p>Kronprinsessen har likevel flere familiemedlemmer som mor og s\u00f8sken, som trolig ogs\u00e5 har holdt henne med selskap den siste tiden.<\/p>\n<p>    <a itemprop=\"url\" href=\"https:\/\/www.seher.no\/kongelig\/konge-pa-byn-marius-ville-uteliv\/84225050\" rel=\"nofollow noopener\" target=\"_blank\"><\/p>\n<p>        <img loading=\"lazy\" decoding=\"async\" src=\"https:\/\/www.europesays.com\/no\/wp-content\/uploads\/2026\/02\/84229356.webp.webp\" width=\"980\" height=\"441\" title=\"Private bilder: Marius' ville uteliv\" alt=\"\" class=\"lazyload\" style=\"--aspect-ratio-image: 2.22; \"\/><\/p>\n<p>        Private bilder: Marius&#8217; ville uteliv<\/p>\n<p>    <\/a><\/p>\n<p>Slottet snudd opp ned\t<\/p>\n<p>Da nye dokumenter i Epstein-saken ble offentliggjort, ble kontakten mellom kronprinsessen og Jeffrey Epstein igjen gjenstand for omfattende omtale i inn- og utland.\u00a0<\/p>\n<p>Flere organisasjoner hun er beskytter for har bedt om avklaringer, og Slottet har ogs\u00e5 sendt brev til samarbeidspartnere for \u00e5 orientere om situasjonen.\u00a0<\/p>\n<p>Foreningen \u00abSex og Samfunn\u00bb har ogs\u00e5 tatt avstand fra Mette-Marit, og vraket henne som h\u00f8y beskytter for \u00abSkaml\u00f8sprisen\u00bb.<\/p>\n<p>    <a itemprop=\"url\" href=\"https:\/\/www.seher.no\/kongelig\/reservemamma-stiller-alltid-opp\/84177034\" rel=\"nofollow noopener\" target=\"_blank\"><\/p>\n<p>        <img loading=\"lazy\" decoding=\"async\" src=\"https:\/\/www.europesays.com\/no\/wp-content\/uploads\/2026\/02\/84180192.webp.webp\" width=\"980\" height=\"441\" title=\"Reservemamma stiller alltid opp\" alt=\"\" class=\"lazyload\" style=\"--aspect-ratio-image: 2.22; \"\/><\/p>\n<p>        Reservemamma stiller alltid opp<\/p>\n<p>    <\/a><\/p>\n<p>Det som allerede var en tung periode p\u00e5 grunn av rettssaken mot Marius, ble ytterligere forsterket.<\/p>\n<p>Samtidig lever Mette-Marit med lungefibrose \u2013 en kronisk sykdom hun selv har v\u00e6rt \u00e5pen om at p\u00e5virker arbeidshverdagen hennes.<\/p>\n<p><a href=\"https:\/\/www.seher.no\/kjendis\/eneste-maten-a-drepe-rykter-pa\/84189671\" rel=\"nofollow noopener\" target=\"_blank\">Samme dag<\/a> som Epstein-filene skulle offentliggj\u00f8res f\u00f8r jul, ble det ogs\u00e5 kjent at kronprinsessens helse har forverret seg, og at hun med tiden &#8211; og etter all sannsynlighet &#8211; m\u00e5 f\u00e5 transplantert ny lunge.<\/p>\n<p>        OSLO TINGRETT: Behandlingen av tiltalepunktet som omhandler Lofot-kvinnen er godt i gang, men sterke f\u00f8lelser er atter en gang et tema fra retten. Video: H\u00e5vard Bj\u00f8rnerem \/\/ Kommentatorer: Caroline Vagle og Jonas J\u00f8rstad \/\/ Foto: NTB \/\/ Illustrasjonsvideo: Getty Images<\/p>\n<p>Avbr\u00f8t utenlandstur \u2013 ble hjemme\t<\/p>\n<p>Mette-Marit valgte ogs\u00e5 \u00e5 utsette en privat utenlandstur, som var planlagt under rettssaken mot s\u00f8nnen Marius Borg H\u00f8iby. Valget understreket alvoret i situasjonen.<\/p>\n<p>Marius Borg H\u00f8iby sitter varetektsfengslet i Oslo fengsel i forbindelse med den p\u00e5g\u00e5ende saken mot ham. Varetekt inneb\u00e6rer en strengt regulert og begrenset hverdag, med restriksjoner som kan oppleves isolerende.<\/p>\n<p>    <a itemprop=\"url\" href=\"https:\/\/www.seher.no\/kongelig\/nede-for-telling-umenneskelig\/84206437\" rel=\"nofollow noopener\" target=\"_blank\"><\/p>\n<p>        <img loading=\"lazy\" decoding=\"async\" src=\"https:\/\/www.europesays.com\/no\/wp-content\/uploads\/2026\/02\/1771244774_679_84207420.webp.webp\" width=\"980\" height=\"441\" title=\"Nede for telling: - Umenneskelig\" alt=\"\" class=\"lazyload\" style=\"--aspect-ratio-image: 2.22; \"\/><\/p>\n<p>        Nede for telling: &#8211; Umenneskelig<\/p>\n<p>    <\/a><\/p>\n<p>For en innsatt i en slik situasjon betyr bes\u00f8k sv\u00e6rt mye.<\/p>\n<p>Kronprinsparet har bes\u00f8kt Marius i fengselet flere ganger, og fengselsledelsen har v\u00e6rt tydelige p\u00e5 at det ikke gis noen form for s\u00e6rbehandling.<\/p>\n<p>        <img loading=\"lazy\" decoding=\"async\" src=\"https:\/\/www.europesays.com\/no\/wp-content\/uploads\/2026\/02\/84241479.webp.webp\" width=\"667\" height=\"634\" title=\"FERIERTE MED FAMILIEN: Kronprinsesse Mette-Marit m\u00e5 trolig forklare seg om den private yacht-turen p\u00e5 Epstein-vennens yacht i Middelhavet. Foto: Aller Media\" alt=\"\" class=\"\" style=\"--aspect-ratio-image: 1.05; \"\/><\/p>\n<p>\n        FERIERTE MED FAMILIEN: Kronprinsesse Mette-Marit m\u00e5 trolig forklare seg om den private yacht-turen p\u00e5 Epstein-vennens yacht i Middelhavet. Foto: Aller Media\n    <\/p>\n<p>Mette-Marit bes\u00f8kte Marius alene\t<\/p>\n<p>Kronprinsessen har ogs\u00e5 dratt p\u00e5 et bes\u00f8k til s\u00f8nnen Marius i fengselet helt alene.<\/p>\n<p>Hva som konkret sies under fengselsbes\u00f8kene, er selvsagt privat. Men det er n\u00e6rliggende \u00e5 tro at samtalene ogs\u00e5 handler om den vanskelige situasjonen de begge st\u00e5r i. Han i rettssak og varetekt, hun i Epstein-skandalen. Heldigvis har de hverandre.<\/p>\n<p>        VILLE PR\u00d8VE: I rettssaken mot Marius Borg H\u00f8iby har bytting av kl\u00e6r p\u00e5 nachspiel v\u00e6rt et sentralt tema. I nye bilder Se og H\u00f8r har f\u00e5tt tilgang til fra en annen anledning, ser vi hvordan bytting av kl\u00e6r har v\u00e6rt gjentakende for ham. Video: H\u00e5vard Bj\u00f8rnerem \/\/ Foto: Se og H\u00f8r \/ NTB<\/p>\n<p>Kronprinsesse Mette-Marit har gjennom \u00e5rene v\u00e6rt kjent for \u00e5penhet og medmenneskelighet, og v\u00e6rt en forkjemper for \u00e5 gj\u00f8re skam mindre tabubelagt.<\/p>\n<p>N\u00e5 presses hun p\u00e5 flere fronter samtidig: Rettssak, internasjonal oppmerksomhet, helseutfordringer &#8211; og en familie som er spredt for alle vinder.<\/p>\n<p>        VILLE PR\u00d8VE: I rettssaken mot Marius Borg H\u00f8iby har bytting av kl\u00e6r p\u00e5 nachspiel v\u00e6rt et sentralt tema. I nye bilder Se og H\u00f8r har f\u00e5tt tilgang til fra en annen anledning, ser vi hvordan bytting av kl\u00e6r har v\u00e6rt gjentakende for ham. Video: H\u00e5vard Bj\u00f8rnerem \/\/ Foto: Se og H\u00f8r \/ NTB<\/p>\n<p>Likevel har hun valgt \u00e5 bli hjemme. Hun har valgt \u00e5 bes\u00f8ke s\u00f8nnen, valgt \u00e5 st\u00e5 i krisen.<\/p>\n<p>Se og H\u00f8rs frontredakt\u00f8r og rettskommentator Jonas J\u00f8rstad forteller om lange dager i fengsel:<\/p>\n<p class=\"font-weight-bold m-font-weight-bold\" data-lab-font_weight=\"font-weight-bold\">\u2013 Akkurat n\u00e5 er kronprinsesse Mette-Marit den eneste i den n\u00e6rmeste kongefamilien som er hjemme i Norge midt under rettssaken. Presset er massivt, og det er hun som st\u00e5r i dette og har v\u00e6rt alene i Norge, sier han &#8211; og fortsetter:<\/p>\n<p>        <img loading=\"lazy\" decoding=\"async\" src=\"https:\/\/www.europesays.com\/no\/wp-content\/uploads\/2026\/02\/1771244776_688_84139577.webp.webp\" width=\"980\" height=\"559\" title=\"UBESKRIVELIG: Se og H\u00f8rs Jonas J\u00f8rstad forteller om det som trolig er lange og vonde dager for Marius. Foto: Se og H\u00f8r\" alt=\"\" class=\"\" style=\"--aspect-ratio-image: 1.75; \"\/><\/p>\n<p>\n        UBESKRIVELIG: Se og H\u00f8rs Jonas J\u00f8rstad forteller om det som trolig er lange og vonde dager for Marius. Foto: Se og H\u00f8r\n    <\/p>\n<p>\u2013 Det er god grunn til \u00e5 tro at hun har brukt noen av dagene til \u00e5 bes\u00f8ke s\u00f8nnen i fengsel. Dette er \u00e5penbart ekstremt vanskelig for henne. Men samtidig betyr det garantert mye for en varetektsfengslet s\u00f8nn \u00e5 f\u00e5 bes\u00f8k av mamma.\u00a0<\/p>\n<p>&#8211; Dagene i fengsel er lange for ham. Midt i alt det juridiske og politiske er dette ogs\u00e5 en mor og en s\u00f8nn i en ubeskrivelig situasjon, avslutter Jonas J\u00f8rstad.<\/p>\n<p>        <img loading=\"lazy\" decoding=\"async\" src=\"https:\/\/www.europesays.com\/no\/wp-content\/uploads\/2026\/02\/84241972.webp.webp\" width=\"667\" height=\"754\" title=\"2016: Kronprins Haakon og kronprinsesse Mette-Marit bestilte kaffe fra en innsatt elev i restaurant- og matfag under sitt bes\u00f8k til Oslo fengsel tirsdag. Foto: H\u00e5kon Mosvold Larsen \/ NTB scanpix\" alt=\"\" class=\"\" style=\"--aspect-ratio-image: 0.88; \"\/><\/p>\n<p>\n        2016: Kronprins Haakon og kronprinsesse Mette-Marit bestilte kaffe fra en innsatt elev i restaurant- og matfag under sitt bes\u00f8k til Oslo fengsel tirsdag. Foto: H\u00e5kon Mosvold Larsen \/ NTB scanpix\n    <\/p>\n<p class=\"font-weight-bold m-font-weight-bold\" data-lab-font_weight=\"font-weight-bold\">Se og H\u00f8rs kongehusekspert Caroline Vagle understreker de viktige b\u00e5dene i familien:<\/p>\n<p>&#8211; B\u00e5de mor og s\u00f8nn st\u00e5r i sitt livs st\u00f8rste krise. Det betyr nok mye \u00e5 ha st\u00f8tte fra hverandre. Uansett om man ikke st\u00f8tter handlinger, er det jo viktig \u00e5 v\u00e6re der for hverandre, sier Vagle.<\/p>\n<p>    <a itemprop=\"url\" href=\"https:\/\/www.seher.no\/kongelig\/bryter-inn-det-har-aldri-skjedd\/84230175\" rel=\"nofollow noopener\" target=\"_blank\"><\/p>\n<p>        <img loading=\"lazy\" decoding=\"async\" src=\"https:\/\/www.europesays.com\/no\/wp-content\/uploads\/2026\/02\/1771244779_417_84230503.webp.webp\" width=\"980\" height=\"441\" title=\"Bryter inn: - Det har aldri skjedd\" alt=\"\" class=\"lazyload\" style=\"--aspect-ratio-image: 2.22; \"\/><\/p>\n<p>        Bryter inn: &#8211; Det har aldri skjedd<\/p>\n<p>    <\/a><\/p>\n<p>Tydelig preget Haakon\t<\/p>\n<p>Da Haakon bes\u00f8kte en samsisk barnehage p\u00e5 Samefolkets dag 6. februar, var det en preget Haakon som m\u00f8tte pressen.<\/p>\n<p>&#8211; Jeg skj\u00f8nner godt at dere har mange sp\u00f8rsm\u00e5l, det er ikke rart med alt som foreg\u00e5r. Det er helt legitimt. Jeg kommer ikke til \u00e5 svare p\u00e5 de sp\u00f8rsm\u00e5lene her og n\u00e5, sa kronprinsen til pressen.<\/p>\n<p>        TUNG TID: Det er ikke alltid lett \u00e5 passe p\u00e5 psyken i tyngre tider, men i eksklusive bilder kan vi se hvordan Haakon tar vare p\u00e5 seg selv. Foto: Andreas Fadum &#8211; Se og H\u00f8r \/ NTB \/\/ Video: H\u00e5vard Bj\u00f8rnerem \/\/ Reporter: Caroline Vagle<\/p>\n<p>Haakon ble spurt om <a href=\"https:\/\/www.seher.no\/kongelig\/jeg-trenger-litt-tid\/84197650\" rel=\"nofollow noopener\" target=\"_blank\">Mette-Marit hadde l\u00f8yet for ham<\/a>.<\/p>\n<p>&#8211; Jeg trenger litt tid til \u00e5 bare formulere i hodet mitt, hvis dere gir meg et \u00f8yeblikk, sa han, og tok seg en kort pause.<\/p>\n<p>&#8211; N\u00e5r det er mye som skjer p\u00e5 en gang som det har v\u00e6rt for v\u00e5r familie n\u00e5, s\u00e5 er jeg litt opptatt av at vi m\u00e5 ha prioritetene i riktig rekkef\u00f8lge. For meg s\u00e5 har det de siste dagene v\u00e6rt viktigst \u00e5 ta vare p\u00e5 flokken, sa Haakon.<\/p>\n<p>        <img loading=\"lazy\" decoding=\"async\" src=\"https:\/\/www.europesays.com\/no\/wp-content\/uploads\/2026\/02\/84241400.webp.webp\" width=\"667\" height=\"647\" title=\"TIDLIGERE BES\u00d8K: Kronprinsesse Mette-Marit har flere ganger tidligere v\u00e6rt et lyspunkt for insatte i Oslo fengsel. Her fra en konsert, og Mette-Marit har med blomster. N\u00e5 er det s\u00f8nnen som f\u00e5r moderlig omsorg. Foto: NTB\" alt=\"\" class=\"\" style=\"--aspect-ratio-image: 1.03; \"\/><\/p>\n<p>\n        TIDLIGERE BES\u00d8K: Kronprinsesse Mette-Marit har flere ganger tidligere v\u00e6rt et lyspunkt for insatte i Oslo fengsel. Her fra en konsert, og Mette-Marit har med blomster. N\u00e5 er det s\u00f8nnen som f\u00e5r moderlig omsorg. Foto: NTB\n    <\/p>\n<p class=\"font-weight-bold m-font-weight-bold\" data-lab-font_weight=\"font-weight-bold\">Han la ogs\u00e5 til at han passet p\u00e5 Mette-Marit &#8211; og at Mette-Marit passet p\u00e5 ham.<\/p>\n<p>I l\u00f8pet av uken er det ventet at kronprins Haakon returnerer fra Italia. Torsdag har han flere audienser p\u00e5 Slottet &#8211; og fredag leder han statsr\u00e5d.<\/p>\n<p>Bortsett fra de faste punktene er kongefamiliens kalender tom, noe som gj\u00f8r at Haakon kan fokusere p\u00e5 \u00e5 \u00abta vare p\u00e5 flokken\u00bb.<\/p>\n","protected":false},"excerpt":{"rendered":"Mens kronprinsesse Mette-Marit (52) befinner seg n\u00e5 hjemme i Norge, er resten av kronprinsfamilien &#8211; og kongeparet &#8211;&hellip;\n","protected":false},"author":2,"featured_media":164915,"comment_status":"","ping_status":"","sticky":false,"template":"","format":"standard","meta":{"footnotes":"","_share_on_mastodon":"0"},"categories":[10],"tags":[20,21,2592,4104,24,25,15,76,2293,22,23,400,13,30,28,29,14,17471,16,26,27],"class_list":["post-164914","post","type-post","status-publish","format-standard","has-post-thumbnail","category-norge","tag-breaking-news","tag-breakingnews","tag-den-norske-kongefamilien","tag-eksklusivt","tag-featured-news","tag-featurednews","tag-headlines","tag-kongelig","tag-kronprinsesse-mette-marit","tag-latest-news","tag-latestnews","tag-marius-borg-hoiby","tag-news","tag-no","tag-norge","tag-norway","tag-nyheter","tag-oslo-fengsel","tag-overskrifter","tag-top-stories","tag-topstories"],"share_on_mastodon":{"url":"https:\/\/pubeurope.com\/@no\/116080304836607861","error":""},"_links":{"self":[{"href":"https:\/\/www.europesays.com\/no\/wp-json\/wp\/v2\/posts\/164914","targetHints":{"allow":["GET"]}}],"collection":[{"href":"https:\/\/www.europesays.com\/no\/wp-json\/wp\/v2\/posts"}],"about":[{"href":"https:\/\/www.europesays.com\/no\/wp-json\/wp\/v2\/types\/post"}],"author":[{"embeddable":true,"href":"https:\/\/www.europesays.com\/no\/wp-json\/wp\/v2\/users\/2"}],"replies":[{"embeddable":true,"href":"https:\/\/www.europesays.com\/no\/wp-json\/wp\/v2\/comments?post=164914"}],"version-history":[{"count":0,"href":"https:\/\/www.europesays.com\/no\/wp-json\/wp\/v2\/posts\/164914\/revisions"}],"wp:featuredmedia":[{"embeddable":true,"href":"https:\/\/www.europesays.com\/no\/wp-json\/wp\/v2\/media\/164915"}],"wp:attachment":[{"href":"https:\/\/www.europesays.com\/no\/wp-json\/wp\/v2\/media?parent=164914"}],"wp:term":[{"taxonomy":"category","embeddable":true,"href":"https:\/\/www.europesays.com\/no\/wp-json\/wp\/v2\/categories?post=164914"},{"taxonomy":"post_tag","embeddable":true,"href":"https:\/\/www.europesays.com\/no\/wp-json\/wp\/v2\/tags?post=164914"}],"curies":[{"name":"wp","href":"https:\/\/api.w.org\/{rel}","templated":true}]}}