{"id":16578,"date":"2025-08-24T07:58:47","date_gmt":"2025-08-24T07:58:47","guid":{"rendered":"https:\/\/www.europesays.com\/no\/16578\/"},"modified":"2025-08-24T07:58:47","modified_gmt":"2025-08-24T07:58:47","slug":"kombinert-hopp-westvold-hansen-bytter-idrett-for-a-komme-til-ol-tar-den-eneste-muligheten","status":"publish","type":"post","link":"https:\/\/www.europesays.com\/no\/16578\/","title":{"rendered":"Kombinert, Hopp | Westvold Hansen bytter idrett for \u00e5 komme til OL: \u2013 Tar den eneste muligheten"},"content":{"rendered":"\n<p>Kombinertkvinnene har inntil videre ikke plass p\u00e5 OL-programmet. Dermed m\u00e5 Westvold Hansen tenke nytt for \u00e5 f\u00e5 oppleve det \u00e5 delta i OL i Milano og Cortina kommende vinter.<\/p>\n<p>\u2013 Jeg tar den eneste muligheten jeg har til \u00e5 komme meg til OL i vinter. Det er \u00e5 satse p\u00e5 hopp, sier Westvold Hansen til <a rel=\"noopener nofollow\" href=\"https:\/\/www.nrk.no\/sport\/gyda-westvold-hansen-byter-fra-kombinert-til-hopp-for-ol-1.17538351\" target=\"_blank\">NRK<\/a>.<\/p>\n<p>\u2013 OL betyr mye. Det er det som er det store for alle idrettsut\u00f8vere. Det er noe jeg ikke har v\u00e6rt med p\u00e5 f\u00f8r, men som har v\u00e6rt en stor motivasjon i mange \u00e5r, legger hun til.<\/p>\n<p>23-\u00e5ringen sier at tanken p\u00e5 \u00e5 delta i OL har blitt mer og mer fristende. N\u00e5 skal hun gj\u00f8re et alvorlig fors\u00f8k p\u00e5 \u00e5 bli spesialhopper.<\/p>\n<p>Plast-NM i helgen<\/p>\n<p>Denne helgen pr\u00f8ver hun seg under plastmesterskapet i Gran\u00e5sen.<\/p>\n<p>Westvold Hansen sier hun at hun ikke vet hvor hun st\u00e5r sammenlignet med jentene hun n\u00e5 skal konkurrere med.<\/p>\n<p>Kombinertl\u00f8pernes sportssjef Ivar Stuan har hele veien st\u00e5tt klar til \u00e5 \u00abl\u00e5ne ut\u00bb sin verdensmester.<\/p>\n<p>\u2013 Jeg tenker at b\u00e5de Gyda, Mari Leinan Lund og Ingrid Laate b\u00f8r tenke p\u00e5 om de har lyst til \u00e5 pr\u00f8ve seg i spesialhopp. Jeg synes det er en interessant tanke, for jeg tror bare de blir bedre kombinertl\u00f8pere av det, sa Stuan til NTB allerede i mars.<\/p>\n<p><b>\u2013 Du oppfordrer dem rett og slett til \u00e5 satse mot OL i hopp?<\/b><\/p>\n<p>\u2013 Ja, hvorfor ikke? Hvorfor skal jeg ikke utfordre dem p\u00e5 det? Sa Stuan.<\/p>\n<p>Fredag er han fortsatt positiv.<\/p>\n<p>\u2013 Vi er veldig positive til Gydas valg i OL-sesongen. Dette er en unik mulighet for henne. Gyda har v\u00e6rt en pioner i kombinertsporten. N\u00e5 er det en av v\u00e5re andre grener i skiforbundet som f\u00e5r gleden av henne i en periode. Kombinertfamilien vil alltid holde d\u00f8ren oppe for Gyda, sier Stuan om elevens valg.<\/p>\n<p>Aalbu positiv<\/p>\n<p>Hoppsjef Jan-Erik Aalbu sier han vil ta en prat med Westvold Hansen.<\/p>\n<p>\u2013 Dette er veldig spennende. Jeg vil understreke at dette er 100 prosent Gyda sitt valg. Vi har ikke pr\u00f8vd \u00e5 overtale noen til \u00e5 bli spesialhopper. Vi har tidligere sett hva Gyda har levert i hoppbakken. Det er \u00e5penbart at hun har et hopptalent som kan utvikle seg til \u00e5 bli noe veldig bra ogs\u00e5 i spesielt hopprenn, sier han.<\/p>\n<p>Aalbu og Stuan har den siste tiden hatt dialog om Westvold Hansens grenskifte for OL-sesongen.<\/p>\n","protected":false},"excerpt":{"rendered":"Kombinertkvinnene har inntil videre ikke plass p\u00e5 OL-programmet. Dermed m\u00e5 Westvold Hansen tenke nytt for \u00e5 f\u00e5 oppleve&hellip;\n","protected":false},"author":2,"featured_media":16579,"comment_status":"","ping_status":"","sticky":false,"template":"","format":"standard","meta":{"footnotes":""},"categories":[59],"tags":[36,770,2269,30,1745,28,29,2932,83,82,1510],"class_list":{"0":"post-16578","1":"post","2":"type-post","3":"status-publish","4":"format-standard","5":"has-post-thumbnail","7":"category-sport","8":"tag-art","9":"tag-hopp","10":"tag-kombinert","11":"tag-no","12":"tag-nord-osterdal","13":"tag-norge","14":"tag-norway","15":"tag-os","16":"tag-sport","17":"tag-sports","18":"tag-story"},"share_on_mastodon":{"url":"","error":""},"_links":{"self":[{"href":"https:\/\/www.europesays.com\/no\/wp-json\/wp\/v2\/posts\/16578","targetHints":{"allow":["GET"]}}],"collection":[{"href":"https:\/\/www.europesays.com\/no\/wp-json\/wp\/v2\/posts"}],"about":[{"href":"https:\/\/www.europesays.com\/no\/wp-json\/wp\/v2\/types\/post"}],"author":[{"embeddable":true,"href":"https:\/\/www.europesays.com\/no\/wp-json\/wp\/v2\/users\/2"}],"replies":[{"embeddable":true,"href":"https:\/\/www.europesays.com\/no\/wp-json\/wp\/v2\/comments?post=16578"}],"version-history":[{"count":0,"href":"https:\/\/www.europesays.com\/no\/wp-json\/wp\/v2\/posts\/16578\/revisions"}],"wp:featuredmedia":[{"embeddable":true,"href":"https:\/\/www.europesays.com\/no\/wp-json\/wp\/v2\/media\/16579"}],"wp:attachment":[{"href":"https:\/\/www.europesays.com\/no\/wp-json\/wp\/v2\/media?parent=16578"}],"wp:term":[{"taxonomy":"category","embeddable":true,"href":"https:\/\/www.europesays.com\/no\/wp-json\/wp\/v2\/categories?post=16578"},{"taxonomy":"post_tag","embeddable":true,"href":"https:\/\/www.europesays.com\/no\/wp-json\/wp\/v2\/tags?post=16578"}],"curies":[{"name":"wp","href":"https:\/\/api.w.org\/{rel}","templated":true}]}}