{"id":16584,"date":"2025-08-24T08:03:07","date_gmt":"2025-08-24T08:03:07","guid":{"rendered":"https:\/\/www.europesays.com\/no\/16584\/"},"modified":"2025-08-24T08:03:07","modified_gmt":"2025-08-24T08:03:07","slug":"det-norske-flagget-ble-symbol-for-noe-annet-fvn-no","status":"publish","type":"post","link":"https:\/\/www.europesays.com\/no\/16584\/","title":{"rendered":"(+) Det norske flagget ble symbol for noe annet &#8211; fvn.no"},"content":{"rendered":"<ol>\n<li><a href=\"https:\/\/news.google.com\/rss\/articles\/CBMilgFBVV95cUxPQmlwQkZ5YUdJWDBNbEF3VExwdEd3NkZRUmdLUkZWM0JKNjhpbzJVQnZDNWRNUUJPYnlUQ1h5N1NLWEJrZ2xua1N4M181NFU0QlpoQlhLTVZfdnRDS2ZnbGw2OERmV1hXd0ZmOHMyNkdYUVdvNkRvRldtVGZGUVpNOVhHVERmRWthejJqcGk2N3p3RGFoc0E?oc=5\" target=\"_blank\" rel=\"nofollow noopener\">(+) Det norske flagget ble symbol for noe annet<\/a>&nbsp;&nbsp;fvn.no<\/li>\n<li><a href=\"https:\/\/news.google.com\/rss\/articles\/CBMiqgFBVV95cUxNTUFzUHNqa3k5S0ZOaTBqVG5Dc0FWR0dMRlV2bWNlcGYzMUhmWXgyVG4xdTZ2bnh3MDVPNTBWS2xvS0dDbXVrMERuZmN2VVJLc2xmNXhXREdnYW1Cc01aNVprZjE0M0tXanFmdFY5eHpqU1JjN1lvRWJQbmRYbmtPQ2xfUF9mTHBLdEZ0bTF0OXFnYmFFLU5uNjF6eUpJc2p2Z09rN3BFWnRjUQ?oc=5\" target=\"_blank\" rel=\"nofollow noopener\">(+) Stiller sp\u00f8rsm\u00e5l ved bruk av pride-flagg. Var usikker p\u00e5 om han ville bli intervjuet<\/a>&nbsp;&nbsp;fvn.no<\/li>\n<li><a href=\"https:\/\/news.google.com\/rss\/articles\/CBMipwFBVV95cUxOVTVKNjMwYW9rR1lRMVk0emViaUJRZXRyNmtRTjNXbHJ2Q0M4enlMNjZjNHNvVERiNjUyODRPWDM2Ti1TNWQ1UXdNektoRnZhU1JLbk9Ta0lLNDhuVkw2WFFtTWs0WjBFUVFBRk85X3F2d2g0Tjc5dkZGOFNaZGNHSlU1eHRsNnBVVFBxZU1sZjZObWFVVjJyZUh0c2FSVV83b2p4em5Jbw?oc=5\" target=\"_blank\" rel=\"nofollow noopener\">(+) \u2013 Vi m\u00e5 kjempe for friheten til \u00e5 elske den man vil<\/a>&nbsp;&nbsp;bladet.no<\/li>\n<li><a href=\"https:\/\/news.google.com\/rss\/articles\/CBMijwFBVV95cUxORVpqUVIzZ2R4UmxxN0F1MFZTelo1OG5HZ0dzMEhEaE02R1B5MDhjMjBDbHBDUUdzcW9yZTJkejNfczR3V2RoVnVWRlMweEJCbzdVYzJia09qSmVKNmdiWnA3WmFfcmNnZklONWNUYXJiREMzbTA2M2JDcVZFNTgtQWItZEVuQUczd3RTZElsaw?oc=5\" target=\"_blank\" rel=\"nofollow noopener\">(+) \u2013 Debatten m\u00e5 vi ta, og vi m\u00e5 l\u00f8fte kampene<\/a>&nbsp;&nbsp;altaposten.no<\/li>\n<li><a href=\"https:\/\/news.google.com\/rss\/articles\/CBMiaEFVX3lxTE03ZTNodl8xZ3hGS3RBbUJwR00tNVBVVEdYSzVxT3JwSkRFRHdLU3pFXzJ4dDVqLU9yNHJnOWNuS1NQdl9uN2t5Y0UyUnVLOGNoQU1ZeExYT0lBdzN1ZzVrRDVZTFV4QVpf?oc=5\" target=\"_blank\" rel=\"nofollow noopener\">Ytring, Debatt | Pride &#8211; Hva skjedde?<\/a>&nbsp;&nbsp;Moss Avis<\/li>\n<\/ol>\n","protected":false},"excerpt":{"rendered":"(+) Det norske flagget ble symbol for noe annet&nbsp;&nbsp;fvn.no (+) Stiller sp\u00f8rsm\u00e5l ved bruk av pride-flagg. Var usikker&hellip;\n","protected":false},"author":2,"featured_media":16585,"comment_status":"","ping_status":"","sticky":false,"template":"","format":"standard","meta":{"footnotes":""},"categories":[10],"tags":[20,21,24,25,3074,15,22,23,13,30,28,29,14,16,2065,26,27],"class_list":{"0":"post-16584","1":"post","2":"type-post","3":"status-publish","4":"format-standard","5":"has-post-thumbnail","7":"category-norge","8":"tag-breaking-news","9":"tag-breakingnews","10":"tag-featured-news","11":"tag-featurednews","12":"tag-flagg","13":"tag-headlines","14":"tag-latest-news","15":"tag-latestnews","16":"tag-news","17":"tag-no","18":"tag-norge","19":"tag-norway","20":"tag-nyheter","21":"tag-overskrifter","22":"tag-pride","23":"tag-top-stories","24":"tag-topstories"},"share_on_mastodon":{"url":"","error":""},"_links":{"self":[{"href":"https:\/\/www.europesays.com\/no\/wp-json\/wp\/v2\/posts\/16584","targetHints":{"allow":["GET"]}}],"collection":[{"href":"https:\/\/www.europesays.com\/no\/wp-json\/wp\/v2\/posts"}],"about":[{"href":"https:\/\/www.europesays.com\/no\/wp-json\/wp\/v2\/types\/post"}],"author":[{"embeddable":true,"href":"https:\/\/www.europesays.com\/no\/wp-json\/wp\/v2\/users\/2"}],"replies":[{"embeddable":true,"href":"https:\/\/www.europesays.com\/no\/wp-json\/wp\/v2\/comments?post=16584"}],"version-history":[{"count":0,"href":"https:\/\/www.europesays.com\/no\/wp-json\/wp\/v2\/posts\/16584\/revisions"}],"wp:featuredmedia":[{"embeddable":true,"href":"https:\/\/www.europesays.com\/no\/wp-json\/wp\/v2\/media\/16585"}],"wp:attachment":[{"href":"https:\/\/www.europesays.com\/no\/wp-json\/wp\/v2\/media?parent=16584"}],"wp:term":[{"taxonomy":"category","embeddable":true,"href":"https:\/\/www.europesays.com\/no\/wp-json\/wp\/v2\/categories?post=16584"},{"taxonomy":"post_tag","embeddable":true,"href":"https:\/\/www.europesays.com\/no\/wp-json\/wp\/v2\/tags?post=16584"}],"curies":[{"name":"wp","href":"https:\/\/api.w.org\/{rel}","templated":true}]}}