{"id":165868,"date":"2026-02-17T11:20:12","date_gmt":"2026-02-17T11:20:12","guid":{"rendered":"https:\/\/www.europesays.com\/no\/165868\/"},"modified":"2026-02-17T11:20:12","modified_gmt":"2026-02-17T11:20:12","slug":"radyrene-i-botanisk-hage-flyttet-til-toyenparken-i-oslo","status":"publish","type":"post","link":"https:\/\/www.europesays.com\/no\/165868\/","title":{"rendered":"R\u00e5dyrene i Botanisk hage flyttet til T\u00f8yenparken i Oslo"},"content":{"rendered":"\n<p class=\"_lead_o9xde_2 _lead_6fko5_53 layout-component text-serif-m layout-normal text-serif-l layout-component layout-wide layout-padded _wide_17hqh_1 layout-padded\">Bukken og geita f\u00e5r n\u00e5 et nytt liv i T\u00f8yenparken.<\/p>\n<p><img alt=\"Fri! Her blir r\u00e5dyrene sluppet l\u00f8s.  Foto: Bymilj\u00f8etaten i Oslo\" class=\"_image_qp4xg_65 layout-component layout-wide\" data-fullscreen- data-track-element-type=\"Article image fullscreen\" data-track-name=\"ImageFullscreen\" fetchpriority=\"high\" decoding=\"sync\" loading=\"eager\" height=\"1668\" itemprop=\"image\"  src=\"https:\/\/www.europesays.com\/no\/wp-content\/uploads\/2026\/02\/34996500-5297-4be2-afa2-5e86aa17f253.jpeg\"  style=\"object-position:0% 0%\" width=\"2500\"\/>Fri! Her blir r\u00e5dyrene sluppet l\u00f8s.  Foto: Bymilj\u00f8etaten i Oslo<\/p>\n<ul aria-hidden=\"true\" class=\"_images_ntbth_112\">\n<li><a class=\"_link_ntbth_117\" href=\"https:\/\/www.vg.no\/forfatter\/joern-e-kaalstad\" style=\"z-index:1\" title=\"J\u00f8rn E. Kaalstad\" rel=\"nofollow noopener\" target=\"_blank\"><img alt=\"Bilde av J\u00f8rn E. Kaalstad\" class=\"_image_ntbth_93\" fetchpriority=\"low\" loading=\"lazy\" decoding=\"async\" itemprop=\"image\"  src=\"https:\/\/www.europesays.com\/no\/wp-content\/uploads\/2026\/02\/1771327209_744_669373df-e8fd-4864-880f-5035f6f30b0b.jpeg\"  width=\"480\"\/><\/a><\/li>\n<\/ul>\n<p> Oppdatert tirsdag 17. februar kl. 11:44    <\/p>\n<ul class=\"_list_o9xde_3 _list_64s2r_85 _unordered_o9xde_106 text-sans-m\">\n<li class=\"_item_o9xde_30\">Den unge bukken og geita i Botanisk hage har blitt flyttet til T\u00f8yenparken.<\/li>\n<li class=\"_item_o9xde_30\">Plantene i hagen ble skadet av r\u00e5dyrenes beiting, inkludert sjeldne arter.<\/li>\n<li class=\"_item_o9xde_30\">R\u00e5dyrene ble fanget i b\u00e5ser med gulr\u00f8tter og utstyrt med radiohalsb\u00e5nd.<\/li>\n<li class=\"_item_o9xde_30\">Folk og hunder i T\u00f8yenparken bes om \u00e5 holde avstand til r\u00e5dyrene.<\/li>\n<\/ul>\n<p>Vis mer <\/p>\n<p class=\"_paragraph_o9xde_4 _paragraph_6fko5_10 layout-component text-serif-m layout-normal text-serif-m layout-padded\">Det melder Bymilj\u00f8etaten i Oslo tirsdag.<\/p>\n<p class=\"_paragraph_o9xde_4 _paragraph_6fko5_10 layout-component text-serif-m layout-normal text-serif-m layout-padded\">\u2013 I snart to \u00e5r har to r\u00e5dyr, en ung bukk og ei geit, hatt tilhold i Botanisk hage. Idyllisk som det enn h\u00f8res ut med to r\u00e5dyr som beiter blant et mangfold av tr\u00e6r og blomster, gikk beitingen hardt utover plantene i hagen \u2013 ogs\u00e5 sjeldne planter. Botanisk hage fors\u00f8kte flere ganger \u00e5 f\u00e5 dyrene til \u00e5 forlate hagen, uten hell, skriver de i en oppdatering p\u00e5 <a href=\"https:\/\/www.facebook.com\/bymiljoetaten?locale=nb_NO\" class=\"_link_o9xde_39\" rel=\"nofollow noopener\" target=\"_blank\">Facebook<\/a> i dag. <\/p>\n<ul class=\"_list_o9xde_3 _list_6fko5_9 _unordered_o9xde_106 layout-component text-serif-m layout-normal text-serif-m layout-padded\">\n<li class=\"_item_o9xde_30\">LES MER: VG skrev om disse r\u00e5dyrene som <a href=\"https:\/\/www.vg.no\/nyheter\/i\/3M371v\/raadyr-forsyner-seg-av-sjeldne-planter-i-botanisk-hage-risikerer-avliving\" data-track-element-type=\"Link\" data-track-id=\"link:3M371v\" class=\"_link_o9xde_39\" rel=\"nofollow noopener\" target=\"_blank\">forsynte seg av sjeldne planter<\/a> i Botanisk hage og risikerte avliving i fjor.<\/li>\n<\/ul>\n<p class=\"_paragraph_o9xde_4 _paragraph_6fko5_10 layout-component text-serif-m layout-normal text-serif-m layout-padded\">Men hvordan skulle man f\u00e5 tak i de raske r\u00e5dyrene? Uten \u00e5 bruke bed\u00f8velse (som de fikk avslag for \u00e5 bruke).<\/p>\n<p class=\"_paragraph_o9xde_4 _paragraph_6fko5_10 layout-component text-serif-m layout-normal text-serif-m layout-padded\">Jo, det ble satt opp sm\u00e5 fangstb\u00e5ser inne i Botanisk hage, med gulr\u00f8tter som lokkemat. <\/p>\n<p class=\"_paragraph_o9xde_4 _paragraph_6fko5_10 layout-component text-serif-m layout-normal text-serif-m layout-padded\">\u2013 Allerede natt til torsdag gikk det ene r\u00e5dyret i b\u00e5sen, en stor og tung bukk p\u00e5 32 kg som ble merket og fikk p\u00e5satt radiohalsb\u00e5nd. Fredag ettermiddag gikk ogs\u00e5 r\u00e5geita (hunn-r\u00e5dyret) i b\u00e5sen, skriver Bymilj\u00f8etaten.<\/p>\n<p><img alt=\"Her er en av r\u00e5dyrene i parken.   Foto: Bymilj\u00f8etaten i Oslo\" class=\"_image_qp4xg_65 layout-component layout-normal\" data-fullscreen- data-track-element-type=\"Article image fullscreen\" data-track-name=\"ImageFullscreen\" decoding=\"async\" loading=\"lazy\" height=\"689\" itemprop=\"image\"  src=\"https:\/\/www.europesays.com\/no\/wp-content\/uploads\/2026\/02\/e4046bc6-e8ef-471b-9c77-e3168c99afc1.jpeg\"  style=\"object-position:0% 0%\" width=\"1030\"\/>Her er en av r\u00e5dyrene i parken.   Foto: Bymilj\u00f8etaten i Oslo <\/p>\n<p class=\"_paragraph_o9xde_4 _paragraph_6fko5_10 layout-component text-serif-m layout-normal text-serif-m layout-padded\">Men hvor skulle man flytte r\u00e5dyrene til?<\/p>\n<p class=\"_paragraph_o9xde_4 _paragraph_6fko5_10 layout-component text-serif-m layout-normal text-serif-m layout-padded\">Dyreparken i Kristiansand ble vurdert, men r\u00e5dyrene ble sluppet ut i T\u00f8yenparken, rett over gaten fra Botanisk hage. Dette regnes ikke som flytting og er derfor tillatt. <\/p>\n<p class=\"_paragraph_o9xde_4 _paragraph_6fko5_10 layout-component text-serif-m layout-normal text-serif-m layout-padded\">\u2013 De trenger mest mulig ro, fra b\u00e5de folk og hunder. Vi anmoder derfor brukerne av T\u00f8yenparken og Ola Narr til \u00e5 holde avstand til r\u00e5dyrene om man skulle treffe p\u00e5 dem. Vi ber ogs\u00e5 at alle som g\u00e5r tur med hunden om \u00e5 ha ekstra god kontroll i dette omr\u00e5det. Det har allerede oppst\u00e5tt situasjoner der hunder har jaget r\u00e5dyrbukken.<\/p>\n<p>    <img decoding=\"async\" alt=\"Tips oss illustrasjon\" src=\"https:\/\/www.europesays.com\/no\/wp-content\/uploads\/2025\/10\/pssst-small.webp.webp\"\/>    <\/p>\n<p class=\"title-serif-s\">Har du tips?<\/p>\n<p class=\"text-sans-m\">Send oss informasjon, bilder eller video.<\/p>\n<p>  <a href=\"https:\/\/www.vg.no\/tips-oss\" rel=\"nofollow noopener\" target=\"_blank\"> Tips oss <\/a>      <\/p>\n","protected":false},"excerpt":{"rendered":"Bukken og geita f\u00e5r n\u00e5 et nytt liv i T\u00f8yenparken. Fri! Her blir r\u00e5dyrene sluppet l\u00f8s. Foto: Bymilj\u00f8etaten&hellip;\n","protected":false},"author":2,"featured_media":165869,"comment_status":"","ping_status":"","sticky":false,"template":"","format":"standard","meta":{"footnotes":"","_share_on_mastodon":"0"},"categories":[10],"tags":[31,20,21,24,25,15,22,23,13,30,28,29,14,16,15272,26,27],"class_list":["post-165868","post","type-post","status-publish","format-standard","has-post-thumbnail","category-norge","tag-breaking","tag-breaking-news","tag-breakingnews","tag-featured-news","tag-featurednews","tag-headlines","tag-latest-news","tag-latestnews","tag-news","tag-no","tag-norge","tag-norway","tag-nyheter","tag-overskrifter","tag-radyr","tag-top-stories","tag-topstories"],"share_on_mastodon":{"url":"https:\/\/pubeurope.com\/@no\/116085707693874374","error":""},"_links":{"self":[{"href":"https:\/\/www.europesays.com\/no\/wp-json\/wp\/v2\/posts\/165868","targetHints":{"allow":["GET"]}}],"collection":[{"href":"https:\/\/www.europesays.com\/no\/wp-json\/wp\/v2\/posts"}],"about":[{"href":"https:\/\/www.europesays.com\/no\/wp-json\/wp\/v2\/types\/post"}],"author":[{"embeddable":true,"href":"https:\/\/www.europesays.com\/no\/wp-json\/wp\/v2\/users\/2"}],"replies":[{"embeddable":true,"href":"https:\/\/www.europesays.com\/no\/wp-json\/wp\/v2\/comments?post=165868"}],"version-history":[{"count":0,"href":"https:\/\/www.europesays.com\/no\/wp-json\/wp\/v2\/posts\/165868\/revisions"}],"wp:featuredmedia":[{"embeddable":true,"href":"https:\/\/www.europesays.com\/no\/wp-json\/wp\/v2\/media\/165869"}],"wp:attachment":[{"href":"https:\/\/www.europesays.com\/no\/wp-json\/wp\/v2\/media?parent=165868"}],"wp:term":[{"taxonomy":"category","embeddable":true,"href":"https:\/\/www.europesays.com\/no\/wp-json\/wp\/v2\/categories?post=165868"},{"taxonomy":"post_tag","embeddable":true,"href":"https:\/\/www.europesays.com\/no\/wp-json\/wp\/v2\/tags?post=165868"}],"curies":[{"name":"wp","href":"https:\/\/api.w.org\/{rel}","templated":true}]}}