{"id":16590,"date":"2025-08-24T08:10:23","date_gmt":"2025-08-24T08:10:23","guid":{"rendered":"https:\/\/www.europesays.com\/no\/16590\/"},"modified":"2025-08-24T08:10:23","modified_gmt":"2025-08-24T08:10:23","slug":"meninger-svartmalerne-pa-ytterkantene-vg","status":"publish","type":"post","link":"https:\/\/www.europesays.com\/no\/16590\/","title":{"rendered":"Meninger: Svartmalerne p\u00e5 ytterkantene &#8211; VG"},"content":{"rendered":"<ol>\n<li><a href=\"https:\/\/news.google.com\/rss\/articles\/CBMickFVX3lxTE0zdGZGVG1MMTRpYzNmcWo4T3VjOGhjcGtScnI3QlJmNHFRTWstbV9ZdElzVDVVelVYV2ZYbHpnZExyY204WnI0UGF1b3hOZWVnRzN5WTk4NjRTLWFveXJVSmJVV2J2VkVLOFJoMXJJcW4tZw?oc=5\" target=\"_blank\" rel=\"nofollow noopener\">Meninger: Svartmalerne p\u00e5 ytterkantene<\/a>&nbsp;&nbsp;VG<\/li>\n<li><a href=\"https:\/\/news.google.com\/rss\/articles\/CBMivwFBVV95cUxPXzctQ3k5Qm1iRk9JVGlNdG5uanFTMkdHZENEWmVMWUc3LXFRQThUZFd2VFBLYkhTczFXUk5tV0RfMUxDaVJUY3hRTGJiSGZwbDR1WnVlSDRTOHA1WjQwdHlnMW12dFM3eVV4M0JLWm9lOWgwaHdKWHdfQXZRZHpXanFoeTZLM183b2tTSXh2blBmbXVMdlo2Y0VrajgtSTRKMXBneGY1c2dHTnZHNFRjc0lhNWthQWNRMXU5YmdlQQ?oc=5\" target=\"_blank\" rel=\"nofollow noopener\">Er det fattigdom \u00e5 v\u00e6re p\u00e5 bunnen og blakk i Norge?<\/a>&nbsp;&nbsp;Bergensavisen<\/li>\n<li><a href=\"https:\/\/news.google.com\/rss\/articles\/CBMi0gFBVV95cUxOSTJIUzgxU29ialFOWGZLQ1RHS0o4Nm5zVnduVnBMYjRNNFpoaGU3YklxSmZweklWcUdhNVF0eTNSelFWQkxsQlg0YVUxdlRSdWV5T2JjRUZvYk1NbXhNdU5qUVNrWE5MdWZNY1Y1aWlNRWExTTZDbGtvVE5iUGxRTEhrRGhzWWFBVGZibEVzV0NtOGU5MVZYVWs0aFlnV29qWVYtcmwzM2xqTGRHdzZBeVF0RHlFanl0ODVLdV9DVGFEZGU2LThvbE9EbnFRTm1veWc?oc=5\" target=\"_blank\" rel=\"nofollow noopener\">KOMMENTAR: Politikarane vil aldri kunna l\u00f8fta alle nordmenn over fattigdomsgrensa<\/a>&nbsp;&nbsp;Stavanger Aftenblad<\/li>\n<li><a href=\"https:\/\/news.google.com\/rss\/articles\/CBMigAFBVV95cUxNcnVZN3N3R1FQRDhPRDdUWE5OdlBOTkZVM1Z2U2lqSS1zNEcwQ3NLdGsyTHYtNHM5MEVzMTMyYm1GUnFscmt6c2lzTUVKSC0xT05Sd1VxTkJ2RDdIckRKb2FsTnA5c29DcTcwX3BrUXdrcnJUZFpmV2MxYnBtQ3UtRg?oc=5\" target=\"_blank\" rel=\"nofollow noopener\">N\u00e5r k\u00f8en aldri tar slutt<\/a>&nbsp;&nbsp;fvn.no<\/li>\n<li><a href=\"https:\/\/news.google.com\/rss\/articles\/CBMiggFBVV95cUxOSlMycUxlYUM3cnlmcnNhQ1cxRXkxWmdhdFZaMi0wWDFyWGJiSEdXNVJUemlhWTB1NWZQaTNKZElkWUtTTEhKNXNVU0VmMktKYjJza21ROVNQV3dtcXFBMkdFME9zTHpFdHkwUENzbUpjX2JHYTBlNnJQcEtvVHRUcFRB?oc=5\" target=\"_blank\" rel=\"nofollow noopener\">Fattigdommen \u00f8ker, vi lukker \u00f8ynene<\/a>&nbsp;&nbsp;adressa.no<\/li>\n<\/ol>\n","protected":false},"excerpt":{"rendered":"Meninger: Svartmalerne p\u00e5 ytterkantene&nbsp;&nbsp;VG Er det fattigdom \u00e5 v\u00e6re p\u00e5 bunnen og blakk i Norge?&nbsp;&nbsp;Bergensavisen KOMMENTAR: Politikarane vil&hellip;\n","protected":false},"author":2,"featured_media":16591,"comment_status":"","ping_status":"","sticky":false,"template":"","format":"standard","meta":{"footnotes":""},"categories":[10],"tags":[20,21,24,25,15,22,23,1226,13,30,28,29,14,16,2690,512,26,27,103],"class_list":{"0":"post-16590","1":"post","2":"type-post","3":"status-publish","4":"format-standard","5":"has-post-thumbnail","7":"category-norge","8":"tag-breaking-news","9":"tag-breakingnews","10":"tag-featured-news","11":"tag-featurednews","12":"tag-headlines","13":"tag-latest-news","14":"tag-latestnews","15":"tag-mimir-kristjansson","16":"tag-news","17":"tag-no","18":"tag-norge","19":"tag-norway","20":"tag-nyheter","21":"tag-overskrifter","22":"tag-oystein-stray-spetalen","23":"tag-thomas-seltzer","24":"tag-top-stories","25":"tag-topstories","26":"tag-vgmeninger"},"share_on_mastodon":{"url":"","error":""},"_links":{"self":[{"href":"https:\/\/www.europesays.com\/no\/wp-json\/wp\/v2\/posts\/16590","targetHints":{"allow":["GET"]}}],"collection":[{"href":"https:\/\/www.europesays.com\/no\/wp-json\/wp\/v2\/posts"}],"about":[{"href":"https:\/\/www.europesays.com\/no\/wp-json\/wp\/v2\/types\/post"}],"author":[{"embeddable":true,"href":"https:\/\/www.europesays.com\/no\/wp-json\/wp\/v2\/users\/2"}],"replies":[{"embeddable":true,"href":"https:\/\/www.europesays.com\/no\/wp-json\/wp\/v2\/comments?post=16590"}],"version-history":[{"count":0,"href":"https:\/\/www.europesays.com\/no\/wp-json\/wp\/v2\/posts\/16590\/revisions"}],"wp:featuredmedia":[{"embeddable":true,"href":"https:\/\/www.europesays.com\/no\/wp-json\/wp\/v2\/media\/16591"}],"wp:attachment":[{"href":"https:\/\/www.europesays.com\/no\/wp-json\/wp\/v2\/media?parent=16590"}],"wp:term":[{"taxonomy":"category","embeddable":true,"href":"https:\/\/www.europesays.com\/no\/wp-json\/wp\/v2\/categories?post=16590"},{"taxonomy":"post_tag","embeddable":true,"href":"https:\/\/www.europesays.com\/no\/wp-json\/wp\/v2\/tags?post=16590"}],"curies":[{"name":"wp","href":"https:\/\/api.w.org\/{rel}","templated":true}]}}