{"id":16594,"date":"2025-08-24T08:17:27","date_gmt":"2025-08-24T08:17:27","guid":{"rendered":"https:\/\/www.europesays.com\/no\/16594\/"},"modified":"2025-08-24T08:17:27","modified_gmt":"2025-08-24T08:17:27","slug":"morgenrapport-vaeret-helsehjelp-etter-gruppeslagsmal-i-grong","status":"publish","type":"post","link":"https:\/\/www.europesays.com\/no\/16594\/","title":{"rendered":"Morgenrapport, V\u00e6ret | Helsehjelp etter gruppeslagsm\u00e5l i Grong"},"content":{"rendered":"\n<p><b>NAMDALEN: <\/b>Da var om sider den etterlengta helga p\u00e5 plass, og samlet skjedd har uka v\u00e6rt av det rolige slaget. I v\u00e5r del av verden har ikke denne natta v\u00e6rt stort annerledes.<\/p>\n<p>Bortsett fra et gruppeslagsm\u00e5l i Grong, da \u2013 som f\u00f8rst ble meldt inn til politiet like etter klokka 22.00 fredag kveld.<\/p>\n<p>Ei snau halvtime etter at politiet fikk inn melding om at flere sl\u00e5ss p\u00e5 stedet, var patruljen p\u00e5 stedet:<\/p>\n<p>\u2013 Det er snakk om flere gjerningspersoner. En person f\u00e5r oppf\u00f8lging av helse. Ikke alvorlig skade, lyder oppdateringa fra politiet.<\/p>\n<p>Men om det har v\u00e6rt relativt stille her ute i provinsen, har det v\u00e6rt litt mer uro i \u00abmetropolene\u00bb lenger s\u00f8r:<\/p>\n<p>Sl\u00e5ssing i stor-Steinkjer<\/p>\n<p>Klokka halv tre f\u00e5r politiet melding om en sl\u00e5sskamp mellom to personer i 20-\u00e5ra. Hendelsen skal ha skjedd i sentrum av <b>Steinkjer <\/b>og det var ogs\u00e5 bare de to partene som var involvert.<\/p>\n<p>\u2013 En av partene ble sendt til sjekk p\u00e5 legevakta, mens den andre kom seg uskadd fra sl\u00e5sskampen. Det ble ikke noen alvorlige skader p\u00e5 vedkommende, sier Aarhaug \u2013 og legger til at ingen av partene \u00f8nsket \u00e5 anmelde forholdet og at det heller ikke blir noen sak fra politiets side.<\/p>\n<p>      Festst\u00f8y i bartebyen<\/p>\n<p>Klokka halv to natt til l\u00f8rdag ble politiet festbrems p\u00e5 en russefest p\u00e5 Hansbakkfj\u00e6ra i <b>Trondheim<\/b>.<\/p>\n<p>\u2013 Her kommer vi i kontakt med to unge menn som fikk et p\u00e5legg om \u00e5 holde det stille til klokka 08.00 l\u00f8rdag morgen, sier Aarhaug.<\/p>\n<p>\u2013 P\u00e5legget ble holdt og de aller fleste dro fra stedet da politiet ankom stedet, legger han til.<\/p>\n<p>Noen f\u00e5 timer senere kommer det inn nok ei melding i forbindelse med festing. Her skal en gutt i 20-\u00e5ra blitt bortvist fra <b>Trondheim<\/b> sentrum.<\/p>\n<p>\u2013 Vi f\u00e5r beskjed fra en vekter at vedkommende nekter \u00e5 forlate utestedet. Vi f\u00e5r snakket med denne aktuelle personen og han etterkommer p\u00e5legget, sier Aarhaug.<\/p>\n<p>Klokka 02:15 f\u00e5r politiet inn en telefon fra nok en vekter, denne gangen ogs\u00e5 i <b>Trondheim<\/b>.<\/p>\n<p>\u2013 Her f\u00e5r vi beskjed om at en person hadde v\u00e6rt voldelig p\u00e5 et utested. Da vi omsider ankommer stedet, blir det avklart at det ikke er snakk om vold, men plagsom oppf\u00f8rsel, sier operasjonsleder.<\/p>\n<p>Mannen som er i midten av 20-\u00e5ra skal ha hatt flere liknende forhold tidligere og det er ikke f\u00f8rst gang han er i kontakt med politi.<\/p>\n<p>\u2013 Etter en helhetsvurdering ble det tatt en beslutning om at han ble tatt med inn i arrest, sier Aarhaug.<\/p>\n<p>V\u00e6ret<\/p>\n<p>Det har hittil v\u00e6rt en relativt gr\u00e5 uke med overskyer og for det meste nedb\u00f8r. Men ikke fortvil; det ser ut til at dette kommer til \u00e5 fortsette i dag ogs\u00e5.<\/p>\n<p>Neste uke er det derimot sp\u00e5dd litt finere v\u00e6r, men i dag vil det regne stort sett hele dagen, if\u00f8lge meteorologene.<\/p>\n<p>Dagens melding lyder som f\u00f8lger:<\/p>\n<p>Nordvest bris, frisk bris utsatte steder, periodevis liten og kan hende stiv kuling p\u00e5 kysten i nord, utover ettermiddagen ogs\u00e5 i s\u00f8r. Skyet, regn og regnbyger.<\/p>\n<p>Trafikkmeldinger<\/p>\n<p>Langs Fv. 17 i <b>N\u00e6r\u00f8ysund<\/b> mellom Leirneset og Trolldalen er det vegarbeid med manuell dirigering p\u00e5 stedet.<\/p>\n<p>Ved Fv. 760 mellom Bertnestrappen i <b>Overhalla<\/b> og Bj\u00f8ra er det vegarbeid med ogs\u00e5 manuell dirigering.<\/p>\n<p>Langs E6 mellom Tunnsj\u00f8elvbrua i <b>Namsskogan<\/b> og Tromselvbrua er det i dag vegarbeid og lysregulering p\u00e5 stedet.<\/p>\n<p>Det jobbes fremdeles med vegen etter raset p\u00e5 Utvorda i <b>Flatanger<\/b> langs Fv. 6928, det er ogs\u00e5 fremdeles skiltet omkj\u00f8ring.<\/p>\n<p>P\u00e5 Fv. 7040 mellom Grande i <b>Overhalla<\/b> og Moen i Overhalla er det vegarbeid, grunnet skade p\u00e5 vegnett.<\/p>\n<p>Hos NA i dag:<\/p>\n<p>D\u00e5rlig luft, nedslitte lokaler og ingen universell utforming. Alt dette er n\u00e5 en saga blott etter at de kommuneansatte kunne ta i bruk nytt praktbygg.<\/p>\n<p>  <a href=\"https:\/\/www.namdalsavisa.no\/5-121-1477481\" class=\"related-teaser has-image default-story-teaser article--c-eRUmMG article--c-eRUmMG-jKCPdD-design-default\" rel=\"nofollow noopener\" target=\"_blank\"><\/p>\n<p>    <img decoding=\"async\" loading=\"lazy\"  src=\"https:\/\/www.europesays.com\/no\/wp-content\/uploads\/2025\/08\/hestmarka+%285+of+8%29.jpg\" alt=\"\" class=\"brick-c-cFOWSL\" style=\"\"\/><\/p>\n<p>\n            Les ogs\u00e5<\/p>\n<p>              Ventetida over \u2013 flytter inn i nybygg til 45 millioner: \u2013 N\u00e5 har vi det vi trenger\n        <\/p>\n<p>  <\/a><\/p>\n<p>P\u00e5 ti \u00e5r har nordmenn doblet inntaket av sukkerfri brus. Den klare favoritten er Pepsi Max.<\/p>\n<p>  <a href=\"https:\/\/www.namdalsavisa.no\/5-121-1476661\" class=\"related-teaser has-image default-story-teaser article--c-eRUmMG article--c-eRUmMG-jKCPdD-design-default\" rel=\"nofollow noopener\" target=\"_blank\"><\/p>\n<p>    <img decoding=\"async\" loading=\"lazy\"  src=\"https:\/\/www.europesays.com\/no\/wp-content\/uploads\/2025\/08\/sukkerfri+%281+of+2%29.jpg\" alt=\"\" class=\"brick-c-cFOWSL\" style=\"\"\/><\/p>\n<p>\n            Les ogs\u00e5<\/p>\n<p>              Salget av sukkerfri brus har eksplodert: \u2013 Blir nok et glass til middag\n        <\/p>\n<p>  <\/a><\/p>\n<p>Han har tatt idrettsmerket hvert \u00e5r siden 1963. Likevel er ikke \u00d8istein Hanssen \u00abbest i klassen\u00bb.<\/p>\n<p>  <a href=\"https:\/\/www.namdalsavisa.no\/5-121-1475915\" class=\"related-teaser has-image default-story-teaser article--c-eRUmMG article--c-eRUmMG-jKCPdD-design-default\" rel=\"nofollow noopener\" target=\"_blank\"><\/p>\n<p>    <img decoding=\"async\" loading=\"lazy\"  src=\"https:\/\/www.europesays.com\/no\/wp-content\/uploads\/2025\/08\/5_121_969696+idrettsmerke1.jpg\" alt=\"\" class=\"brick-c-cFOWSL\" style=\"\"\/><\/p>\n<p>\n            Les ogs\u00e5<\/p>\n<p>              Har holdt p\u00e5 i over 60 \u00e5r: \u2013 Gir s\u00e5 mye trivsel\n        <\/p>\n<p>  <\/a><\/p>\n","protected":false},"excerpt":{"rendered":"NAMDALEN: Da var om sider den etterlengta helga p\u00e5 plass, og samlet skjedd har uka v\u00e6rt av det&hellip;\n","protected":false},"author":2,"featured_media":3063,"comment_status":"","ping_status":"","sticky":false,"template":"","format":"standard","meta":{"footnotes":""},"categories":[10],"tags":[36,20,21,24,25,15,22,23,739,13,30,28,29,14,16,254,1510,26,27,387],"class_list":{"0":"post-16594","1":"post","2":"type-post","3":"status-publish","4":"format-standard","5":"has-post-thumbnail","7":"category-norge","8":"tag-art","9":"tag-breaking-news","10":"tag-breakingnews","11":"tag-featured-news","12":"tag-featurednews","13":"tag-headlines","14":"tag-latest-news","15":"tag-latestnews","16":"tag-morgenrapport","17":"tag-news","18":"tag-no","19":"tag-norge","20":"tag-norway","21":"tag-nyheter","22":"tag-overskrifter","23":"tag-politi","24":"tag-story","25":"tag-top-stories","26":"tag-topstories","27":"tag-vaeret"},"share_on_mastodon":{"url":"","error":""},"_links":{"self":[{"href":"https:\/\/www.europesays.com\/no\/wp-json\/wp\/v2\/posts\/16594","targetHints":{"allow":["GET"]}}],"collection":[{"href":"https:\/\/www.europesays.com\/no\/wp-json\/wp\/v2\/posts"}],"about":[{"href":"https:\/\/www.europesays.com\/no\/wp-json\/wp\/v2\/types\/post"}],"author":[{"embeddable":true,"href":"https:\/\/www.europesays.com\/no\/wp-json\/wp\/v2\/users\/2"}],"replies":[{"embeddable":true,"href":"https:\/\/www.europesays.com\/no\/wp-json\/wp\/v2\/comments?post=16594"}],"version-history":[{"count":0,"href":"https:\/\/www.europesays.com\/no\/wp-json\/wp\/v2\/posts\/16594\/revisions"}],"wp:featuredmedia":[{"embeddable":true,"href":"https:\/\/www.europesays.com\/no\/wp-json\/wp\/v2\/media\/3063"}],"wp:attachment":[{"href":"https:\/\/www.europesays.com\/no\/wp-json\/wp\/v2\/media?parent=16594"}],"wp:term":[{"taxonomy":"category","embeddable":true,"href":"https:\/\/www.europesays.com\/no\/wp-json\/wp\/v2\/categories?post=16594"},{"taxonomy":"post_tag","embeddable":true,"href":"https:\/\/www.europesays.com\/no\/wp-json\/wp\/v2\/tags?post=16594"}],"curies":[{"name":"wp","href":"https:\/\/api.w.org\/{rel}","templated":true}]}}