{"id":16597,"date":"2025-08-24T08:23:10","date_gmt":"2025-08-24T08:23:10","guid":{"rendered":"https:\/\/www.europesays.com\/no\/16597\/"},"modified":"2025-08-24T08:23:10","modified_gmt":"2025-08-24T08:23:10","slug":"usa-begrenser-ukrainas-bruk-av-langtrekkende-raketter-mot-russland","status":"publish","type":"post","link":"https:\/\/www.europesays.com\/no\/16597\/","title":{"rendered":"USA begrenser Ukrainas bruk av langtrekkende raketter mot Russland"},"content":{"rendered":"\n<p class=\"_lead_1bvmi_2 _lead_xtcu6_50 layout-component text-serif-m layout-normal text-serif-l layout-component layout-wide layout-padded _wide_17hqh_1 layout-padded\">USA har i stillhet stanset Ukraina fra \u00e5 bruke amerikanskproduserte langtrekkende raketter til \u00e5 angripe m\u00e5l inne i Russland, if\u00f8lge The Wall Street Journal.<\/p>\n<p><img alt=\"Russiske myndigheter publiserte i november i fjor dette bildet av restene av en Atacms-rakett som ble funnet i Kursk-regionen i Russland.  Foto: Russlands forsvarsdepartement \/ AP \/ NTB\" class=\"_image_qp4xg_65 layout-component layout-wide\" data-fullscreen- data-track-element-type=\"Article image fullscreen\" data-track-name=\"ImageFullscreen\" fetchpriority=\"high\" decoding=\"sync\" loading=\"eager\" height=\"1334\" itemprop=\"image\"  src=\"https:\/\/www.europesays.com\/no\/wp-content\/uploads\/2025\/08\/60a5a002-216d-458d-bdda-577e82ef1cd6\"  style=\"object-position:0% 0%\" width=\"2000\"\/>Russiske myndigheter publiserte i november i fjor dette bildet av restene av en Atacms-rakett som ble funnet i Kursk-regionen i Russland.  Foto: Russlands forsvarsdepartement \/ AP \/ NTB<\/p>\n<ul aria-hidden=\"true\" class=\"_images_1y6fe_106\">\n<li><a class=\"_link_1y6fe_111\" href=\"https:\/\/www.vg.no\/forfatter\/ntb\" style=\"z-index:1\" title=\"NTB\" rel=\"nofollow noopener\" target=\"_blank\"><img alt=\"Bilde av NTB\" class=\"_image_1y6fe_88\" fetchpriority=\"low\" loading=\"lazy\" decoding=\"async\" itemprop=\"image\"  src=\"https:\/\/www.europesays.com\/no\/wp-content\/uploads\/2025\/08\/1756023790_384_c33980b0-5d07-4027-84a1-813f90a7c8d6\"  width=\"480\"\/><\/a><\/li>\n<\/ul>\n<p> Oppdatert s\u00f8ndag 24. august kl. 01:29     <\/p>\n<p class=\"_paragraph_1bvmi_4 _paragraph_xtcu6_10 layout-component text-serif-m layout-normal text-serif-m layout-padded\">Ved minst \u00e9n anledning har Ukraina \u00f8nsket \u00e5 bruke Atacms-raketter (Army Tactical Missile Systems) til \u00e5 angripe et m\u00e5l i <a href=\"https:\/\/www.vg.no\/tag\/russland?utm_source=vg-article&amp;utm_medium=auto-tagger&amp;utm_campaign=jQ4QXo\" class=\"_link_1bvmi_39\" rel=\"nofollow noopener\" target=\"_blank\">Russland<\/a>, men er blitt avvist av Pentagon, <a href=\"https:\/\/www.wsj.com\/politics\/national-security\/pentagon-has-quietly-blocked-ukraines-long-range-missile-strikes-on-russia-432a12e1?mod=hp_lead_pos1\" class=\"_link_1bvmi_39\" rel=\"nofollow noopener\" target=\"_blank\">skriver avisen<\/a>, med henvisning til amerikanske tjenestemenn.<\/p>\n<p class=\"_paragraph_1bvmi_4 _paragraph_xtcu6_10 layout-component text-serif-m layout-normal text-serif-m layout-padded\">Beslutningen er tatt p\u00e5 h\u00f8yt niv\u00e5 i Pentagon, men er ikke blitt kunngjort, og hensikten med beslutningen er \u00e5 begrense Ukrainas milit\u00e6re aksjoner mot Russland mens Det hvite hus fors\u00f8ker \u00e5 f\u00e5 Moskva til \u00e5 starte fredssamtaler, skriver avisen.<\/p>\n<p class=\"_paragraph_1bvmi_4 _paragraph_xtcu6_10 layout-component text-serif-m layout-normal text-serif-m layout-padded\">Verken Pentagon eller ukrainske myndigheter har svart p\u00e5 WSJs foresp\u00f8rsel om kommentarer til saken. Reuters har ikke kunnet umiddelbart verifisere opplysningene som avisen bringer.<\/p>\n<p class=\"_paragraph_1bvmi_4 _paragraph_xtcu6_10 layout-component text-serif-m layout-normal text-serif-m layout-padded\">Avisen skriver at Pentagons beslutning er en reversering av tidligere president Joe Bidens beslutning i november 2024 om \u00e5 gi Ukraina gr\u00f8nt lys til \u00e5 angripe m\u00e5l inne i Russland med Atacms.<\/p>\n<p class=\"_paragraph_1bvmi_4 _paragraph_xtcu6_10 layout-component text-serif-m layout-normal text-serif-m layout-padded\">USAs president Donald Trump, etter \u00e5 ha blitt valgt som president i november og f\u00f8r han tiltr\u00e5dte i januar i \u00e5r, sa den gang at Bidens beslutning var \u00abdum\u00bb.<\/p>\n<p class=\"_paragraph_1bvmi_4 _paragraph_xtcu6_10 layout-component text-serif-m layout-normal text-serif-m layout-padded\">\u2013 Vi bare eskalerer denne krigen og gj\u00f8r den verre, sa han i et intervju med Time i desember i fjor.<\/p>\n<p class=\"_paragraph_1bvmi_4 _paragraph_xtcu6_10 layout-component text-serif-m layout-normal text-serif-m layout-padded\">Ukraina har tidligere brukt Atacms mot m\u00e5l i Russland, og i juli i \u00e5r skrev Financial Times at Trump da skal ha oppfordret Ukraina til \u00e5 angripe dypere inn i Russland.<\/p>\n","protected":false},"excerpt":{"rendered":"USA har i stillhet stanset Ukraina fra \u00e5 bruke amerikanskproduserte langtrekkende raketter til \u00e5 angripe m\u00e5l inne i&hellip;\n","protected":false},"author":2,"featured_media":16598,"comment_status":"","ping_status":"","sticky":false,"template":"","format":"standard","meta":{"footnotes":""},"categories":[12],"tags":[20,21,24,25,15,22,23,13,30,28,29,14,16,188,26,27,50,42,43,44,45],"class_list":{"0":"post-16597","1":"post","2":"type-post","3":"status-publish","4":"format-standard","5":"has-post-thumbnail","7":"category-verden","8":"tag-breaking-news","9":"tag-breakingnews","10":"tag-featured-news","11":"tag-featurednews","12":"tag-headlines","13":"tag-latest-news","14":"tag-latestnews","15":"tag-news","16":"tag-no","17":"tag-norge","18":"tag-norway","19":"tag-nyheter","20":"tag-overskrifter","21":"tag-russland","22":"tag-top-stories","23":"tag-topstories","24":"tag-usa","25":"tag-verden","26":"tag-world","27":"tag-world-news","28":"tag-worldnews"},"share_on_mastodon":{"url":"","error":""},"_links":{"self":[{"href":"https:\/\/www.europesays.com\/no\/wp-json\/wp\/v2\/posts\/16597","targetHints":{"allow":["GET"]}}],"collection":[{"href":"https:\/\/www.europesays.com\/no\/wp-json\/wp\/v2\/posts"}],"about":[{"href":"https:\/\/www.europesays.com\/no\/wp-json\/wp\/v2\/types\/post"}],"author":[{"embeddable":true,"href":"https:\/\/www.europesays.com\/no\/wp-json\/wp\/v2\/users\/2"}],"replies":[{"embeddable":true,"href":"https:\/\/www.europesays.com\/no\/wp-json\/wp\/v2\/comments?post=16597"}],"version-history":[{"count":0,"href":"https:\/\/www.europesays.com\/no\/wp-json\/wp\/v2\/posts\/16597\/revisions"}],"wp:featuredmedia":[{"embeddable":true,"href":"https:\/\/www.europesays.com\/no\/wp-json\/wp\/v2\/media\/16598"}],"wp:attachment":[{"href":"https:\/\/www.europesays.com\/no\/wp-json\/wp\/v2\/media?parent=16597"}],"wp:term":[{"taxonomy":"category","embeddable":true,"href":"https:\/\/www.europesays.com\/no\/wp-json\/wp\/v2\/categories?post=16597"},{"taxonomy":"post_tag","embeddable":true,"href":"https:\/\/www.europesays.com\/no\/wp-json\/wp\/v2\/tags?post=16597"}],"curies":[{"name":"wp","href":"https:\/\/api.w.org\/{rel}","templated":true}]}}