{"id":16605,"date":"2025-08-24T08:31:07","date_gmt":"2025-08-24T08:31:07","guid":{"rendered":"https:\/\/www.europesays.com\/no\/16605\/"},"modified":"2025-08-24T08:31:07","modified_gmt":"2025-08-24T08:31:07","slug":"andreas-overland-skrev-bok-om-moren-som-isolerte-seg","status":"publish","type":"post","link":"https:\/\/www.europesays.com\/no\/16605\/","title":{"rendered":"(+) Andreas \u00d8verland skrev bok om moren som isolerte seg"},"content":{"rendered":"\n<p class=\"_paragraph_1bvmi_4 _paragraph_xtcu6_10 layout-component text-serif-m layout-normal text-serif-m layout-padded\"><strong class=\"_strong_1bvmi_25\">N\u00e5 har han skrevet boken \u00abJeg vet ikke, jeg var ikke der\u00bb, som b\u00e5de er en hyllest og kj\u00e6rlighetserkl\u00e6ring til moren.<\/strong> <\/p>\n<p class=\"_paragraph_1bvmi_4 _paragraph_xtcu6_10 layout-component text-serif-m layout-normal text-serif-m layout-padded\">Men ogs\u00e5 en m\u00f8rk historie om \u00e5 kaste 40 poser med s\u00f8ppel n\u00e5r han kom p\u00e5 bes\u00f8k, om lukten som han beskriver \u00abtar fra deg spr\u00e5ket\u00bb, og om \u00e5 \u00f8nske at det snart var over. <\/p>\n<p class=\"_paragraph_1bvmi_4 _paragraph_xtcu6_10 layout-component text-serif-m layout-normal text-serif-m layout-padded\">\u2013 Jeg forst\u00e5r veldig godt at dette er noe folk har lyst til \u00e5 se p\u00e5 n\u00e6rt hold og grave litt i, det er noe veldig tabu med det. Boken er et fors\u00f8k p\u00e5 \u00e5 punktere ballongen litt \u2013 og beskrive skitt som skitt og d\u00f8d som d\u00f8d, sier Andreas \u00d8verland.<\/p>\n","protected":false},"excerpt":{"rendered":"N\u00e5 har han skrevet boken \u00abJeg vet ikke, jeg var ikke der\u00bb, som b\u00e5de er en hyllest og&hellip;\n","protected":false},"author":2,"featured_media":16606,"comment_status":"","ping_status":"","sticky":false,"template":"","format":"standard","meta":{"footnotes":""},"categories":[10],"tags":[150,20,21,24,25,15,22,23,13,30,28,29,14,16,3075,26,27],"class_list":{"0":"post-16605","1":"post","2":"type-post","3":"status-publish","4":"format-standard","5":"has-post-thumbnail","7":"category-norge","8":"tag-bok","9":"tag-breaking-news","10":"tag-breakingnews","11":"tag-featured-news","12":"tag-featurednews","13":"tag-headlines","14":"tag-latest-news","15":"tag-latestnews","16":"tag-news","17":"tag-no","18":"tag-norge","19":"tag-norway","20":"tag-nyheter","21":"tag-overskrifter","22":"tag-skjonnlitteratur","23":"tag-top-stories","24":"tag-topstories"},"share_on_mastodon":{"url":"","error":""},"_links":{"self":[{"href":"https:\/\/www.europesays.com\/no\/wp-json\/wp\/v2\/posts\/16605","targetHints":{"allow":["GET"]}}],"collection":[{"href":"https:\/\/www.europesays.com\/no\/wp-json\/wp\/v2\/posts"}],"about":[{"href":"https:\/\/www.europesays.com\/no\/wp-json\/wp\/v2\/types\/post"}],"author":[{"embeddable":true,"href":"https:\/\/www.europesays.com\/no\/wp-json\/wp\/v2\/users\/2"}],"replies":[{"embeddable":true,"href":"https:\/\/www.europesays.com\/no\/wp-json\/wp\/v2\/comments?post=16605"}],"version-history":[{"count":0,"href":"https:\/\/www.europesays.com\/no\/wp-json\/wp\/v2\/posts\/16605\/revisions"}],"wp:featuredmedia":[{"embeddable":true,"href":"https:\/\/www.europesays.com\/no\/wp-json\/wp\/v2\/media\/16606"}],"wp:attachment":[{"href":"https:\/\/www.europesays.com\/no\/wp-json\/wp\/v2\/media?parent=16605"}],"wp:term":[{"taxonomy":"category","embeddable":true,"href":"https:\/\/www.europesays.com\/no\/wp-json\/wp\/v2\/categories?post=16605"},{"taxonomy":"post_tag","embeddable":true,"href":"https:\/\/www.europesays.com\/no\/wp-json\/wp\/v2\/tags?post=16605"}],"curies":[{"name":"wp","href":"https:\/\/api.w.org\/{rel}","templated":true}]}}