{"id":166409,"date":"2026-02-17T23:39:10","date_gmt":"2026-02-17T23:39:10","guid":{"rendered":"https:\/\/www.europesays.com\/no\/166409\/"},"modified":"2026-02-17T23:39:10","modified_gmt":"2026-02-17T23:39:10","slug":"mourinho-utvist-da-vinicius-avgjorde-kaoskamp","status":"publish","type":"post","link":"https:\/\/www.europesays.com\/no\/166409\/","title":{"rendered":"Mourinho utvist da Vinicius avgjorde kaoskamp"},"content":{"rendered":"\n<p class=\"_lead_o9xde_2 _lead_6fko5_53 layout-component text-serif-m layout-normal text-serif-l layout-component layout-wide layout-padded _wide_17hqh_1 layout-padded\">Kampen ble stoppet i flere minutter da dommeren sjekket om Real Madrid-stjernen ble utsatt for rasisme p\u00e5 banen.<\/p>\n<p><img alt=\" Foto: Pedro Rocha \/ AP \/ NTB\" class=\"_image_qp4xg_65 layout-component layout-wide\" data-fullscreen- data-track-element-type=\"Article image fullscreen\" data-track-name=\"ImageFullscreen\" fetchpriority=\"high\" decoding=\"sync\" loading=\"eager\" height=\"1484\" itemprop=\"image\"  src=\"https:\/\/www.europesays.com\/no\/wp-content\/uploads\/2026\/02\/7e8c3c3e-76c1-4176-a1c0-1e04e2568095.jpeg\"  style=\"object-position:0% 0%\" width=\"2225\"\/> Foto: Pedro Rocha \/ AP \/ NTB<\/p>\n<ul aria-hidden=\"true\" class=\"_images_ntbth_112\">\n<li><a class=\"_link_ntbth_117\" href=\"https:\/\/www.vg.no\/forfatter\/benjamin-kvaale\" style=\"z-index:1\" title=\"Benjamin Kvaale\" rel=\"nofollow noopener\" target=\"_blank\"><img alt=\"Bilde av Benjamin Kvaale\" class=\"_image_ntbth_93\" fetchpriority=\"low\" loading=\"lazy\" decoding=\"async\" itemprop=\"image\"  src=\"https:\/\/www.europesays.com\/no\/wp-content\/uploads\/2026\/02\/1771371548_223_21fe9a1c-5915-4269-bbd5-7feeec1fa8ae.png\"  width=\"480\"\/><\/a><\/li>\n<\/ul>\n<p> Oppdatert onsdag 18. februar kl. 00:02     <\/p>\n<p class=\"_paragraph_o9xde_4 _paragraph_6fko5_10 layout-component text-serif-m layout-normal text-serif-m layout-padded\">I Champions League-playoffenplayoffenSpiller om \u00e5 g\u00e5 videre til 8-delsfinalen mot Benfica \u2013 med <a href=\"https:\/\/www.vg.no\/tag\/fredrik-aursnes?utm_source=vg-article&amp;utm_medium=auto-tagger&amp;utm_campaign=zO71vv\" class=\"_link_o9xde_39\" rel=\"nofollow noopener\" target=\"_blank\">Fredrik Aursnes<\/a> og Andreas Schjelderup p\u00e5 banen \u2013 vartet Vinicius opp med en fantastisk scoring fra kanten av 16-meteren. <\/p>\n<p class=\"_paragraph_o9xde_4 _paragraph_6fko5_10 layout-component text-serif-m layout-normal text-serif-m layout-padded\">Men det var det som skjedde etterp\u00e5 som skulle bli fokuset. <\/p>\n<p class=\"_paragraph_o9xde_4 _paragraph_6fko5_10 layout-component text-serif-m layout-normal text-serif-m layout-padded\">Feiringen til vingen provoserte hjemmefansen og Benfica-spillerne, og rett f\u00f8r avspark l\u00f8p Vinicius bort til dommeren. <\/p>\n<p class=\"_paragraph_o9xde_4 _paragraph_6fko5_10 layout-component text-serif-m layout-normal text-serif-m layout-padded\"><strong class=\"_strong_o9xde_25\">Real Madrid-spilleren siktet til at den argentinske Benfica-spilleren Gianluca Prestianni skal ha kommet med en upassende kommentar. Dommeren markerte s\u00e5 et krysstegn, noe som betyr at det var mistanke om rasisme p\u00e5 banen.  <\/strong><\/p>\n<p class=\"_paragraph_o9xde_4 _paragraph_6fko5_10 layout-component text-serif-m layout-normal text-serif-m layout-padded\">\u2013 Det er motbydelig. Hva som skjedde i kveld er en skam for fotballen. Det \u00f8dela kvelden for laget, sier Trent Alexander-Arnold til Amazon Prime. <\/p>\n<p><img alt=\"Foto: JOSE SENA GOULAO \/ EPA \/ NTB\" class=\"_image_qp4xg_65 layout-component layout-normal\" data-fullscreen- data-track-element-type=\"Article image fullscreen\" data-track-name=\"ImageFullscreen\" decoding=\"async\" loading=\"lazy\" height=\"3392\" itemprop=\"image\"  src=\"https:\/\/www.europesays.com\/no\/wp-content\/uploads\/2026\/02\/098b8685-8d0d-409c-a042-ec733a21b957.png\"  style=\"object-position:0% 0%\" width=\"5088\"\/>Foto: JOSE SENA GOULAO \/ EPA \/ NTB<\/p>\n<p class=\"_paragraph_o9xde_4 _paragraph_6fko5_10 layout-component text-serif-m layout-normal text-serif-m layout-padded\">Like etter br\u00f8t det ut fullt kaos ved benkene hos begge lag. <\/p>\n<p class=\"_paragraph_o9xde_4 _paragraph_6fko5_10 layout-component text-serif-m layout-normal text-serif-m layout-padded\"><strong class=\"_strong_o9xde_25\">M\u00e5lscoreren havnet s\u00e5 borte hos Jose Mourinho. <\/strong><\/p>\n<p class=\"_paragraph_o9xde_4 _paragraph_6fko5_10 layout-component text-serif-m layout-normal text-serif-m layout-padded\">\u2013 N\u00e5r han snakket om rasisme, s\u00e5 sa jeg at den st\u00f8rste spilleren i historien til denne klubben (Eusebio) var m\u00f8rkhudet, sier Mourinho til kanalen. <\/p>\n<p class=\"_paragraph_o9xde_4 _paragraph_6fko5_10 layout-component text-serif-m layout-normal text-serif-m layout-padded\">\u2013 Det siste denne klubben er, er rasistisk. De (Vinicius og Prestianni) fortalte meg ulike ting. Jeg tror ikke p\u00e5 noen av dem, jeg vil v\u00e6re uavhengig, fortsetter Mourinho. <\/p>\n<p class=\"_paragraph_o9xde_4 _paragraph_6fko5_10 layout-component text-serif-m layout-normal text-serif-m layout-padded\">Vinicius sto ved benken og s\u00e5 ikke ut til \u00e5 ville spille noe med det f\u00f8rste, men kampen ble bl\u00e5st i gang etter mange minutter med tumulter ute p\u00e5 gressmatta. <\/p>\n<p class=\"_paragraph_o9xde_4 _paragraph_6fko5_10 layout-component text-serif-m layout-normal text-serif-m layout-padded\">\u2013 Det har v\u00e6rt en stygg andre omgang. Hva vi burde ha snakket om er det glimrende m\u00e5let, men jeg antar at overskriftene vil bli veldig, veldig annerledes, sier Alan Shearer til BBC. <\/p>\n<p><img alt=\"Foto: Rodrigo Antunes \/ Reuters \/ NTB\" class=\"_image_qp4xg_65 layout-component layout-normal\" data-fullscreen- data-track-element-type=\"Article image fullscreen\" data-track-name=\"ImageFullscreen\" decoding=\"async\" loading=\"lazy\" height=\"2400\" itemprop=\"image\"  src=\"https:\/\/www.europesays.com\/no\/wp-content\/uploads\/2026\/02\/1e7fbf4e-7303-427b-9432-fffdf153d852.png\"  style=\"object-position:0% 0%\" width=\"3531\"\/>Foto: Rodrigo Antunes \/ Reuters \/ NTB<\/p>\n<p class=\"_paragraph_o9xde_4 _paragraph_6fko5_10 layout-component text-serif-m layout-normal text-serif-m layout-padded\">Det ble delt ut et r\u00f8dt kort til Benfica-benken f\u00f8r kampen kom i gang igjen, og like f\u00f8r slutt kom det nok et r\u00f8dt, denne gang i retning Jose Mourinho. <\/p>\n<p class=\"_paragraph_o9xde_4 _paragraph_6fko5_10 layout-component text-serif-m layout-normal text-serif-m layout-padded\">Benfica-treneren mente Vinicius Junior skulle hatt det andre gule da han lagde frispark i farlig posisjon, men det ble alts\u00e5 portugiseren som fikk tildelt det. <\/p>\n<p class=\"_paragraph_o9xde_4 _paragraph_6fko5_10 layout-component text-serif-m layout-normal text-serif-m layout-padded\">\u2013 Det har v\u00e6rt en veldig vanskelig kamp for dommeren. Jeg synes han h\u00e5ndterte det godt, tross omstendighetene, sier Shearer.<\/p>\n<p><img alt=\"R\u00d8DT: Fran\u00e7ois Letexier hadde nok \u00e5 gj\u00f8re tirsdag kveld.   Foto: Rodrigo Antunes \/ Reuters \/ NTB\" class=\"_image_qp4xg_65 layout-component layout-normal\" data-fullscreen- data-track-element-type=\"Article image fullscreen\" data-track-name=\"ImageFullscreen\" decoding=\"async\" loading=\"lazy\" height=\"2820\" itemprop=\"image\"  src=\"https:\/\/www.europesays.com\/no\/wp-content\/uploads\/2026\/02\/97689a53-ec92-431a-a37c-01d9781b4e28.png\"  style=\"object-position:0% 0%\" width=\"3845\"\/>R\u00d8DT: Fran\u00e7ois Letexier hadde nok \u00e5 gj\u00f8re tirsdag kveld.   Foto: Rodrigo Antunes \/ Reuters \/ NTB<\/p>\n<p class=\"_paragraph_o9xde_4 _paragraph_6fko5_10 layout-component text-serif-m layout-normal text-serif-m layout-padded\">Det var en jevn start p\u00e5 kampen, og halvveis inn i f\u00f8rste omgang klinket Fredrik Aursnes til. <br \/>Thibaut Courtois var nede og avverget med en lang hanske. <\/p>\n<p class=\"_paragraph_o9xde_4 _paragraph_6fko5_10 layout-component text-serif-m layout-normal text-serif-m layout-padded\">Like f\u00f8r hvilen ble det et ordentlig kj\u00f8r fra Real Madrid, og de var n\u00e6re p\u00e5 \u00e5 g\u00e5 i ledelsen flere ganger, men Jose Mourinhos menn kunne g\u00e5 inn i garderoben uten \u00e5 ha sluppet inn. <\/p>\n<p class=\"_paragraph_o9xde_4 _paragraph_6fko5_10 layout-component text-serif-m layout-normal text-serif-m layout-padded\">I andre omgang ble det den ene scoringen som ble avgj\u00f8rende, og gjestene sikret seg et godt utgangspunkt til returoppgj\u00f8ret neste uke. <\/p>\n","protected":false},"excerpt":{"rendered":"Kampen ble stoppet i flere minutter da dommeren sjekket om Real Madrid-stjernen ble utsatt for rasisme p\u00e5 banen.&hellip;\n","protected":false},"author":2,"featured_media":166410,"comment_status":"","ping_status":"","sticky":false,"template":"","format":"standard","meta":{"footnotes":"","_share_on_mastodon":"0"},"categories":[59],"tags":[706,4762,30,28,29,2499,6096,83,82],"class_list":["post-166409","post","type-post","status-publish","format-standard","has-post-thumbnail","category-sport","tag-champions-league","tag-fredrik-aursnes","tag-no","tag-norge","tag-norway","tag-real-madrid-cf","tag-sl-benfica","tag-sport","tag-sports"],"share_on_mastodon":{"url":"https:\/\/pubeurope.com\/@no\/116088613426468852","error":""},"_links":{"self":[{"href":"https:\/\/www.europesays.com\/no\/wp-json\/wp\/v2\/posts\/166409","targetHints":{"allow":["GET"]}}],"collection":[{"href":"https:\/\/www.europesays.com\/no\/wp-json\/wp\/v2\/posts"}],"about":[{"href":"https:\/\/www.europesays.com\/no\/wp-json\/wp\/v2\/types\/post"}],"author":[{"embeddable":true,"href":"https:\/\/www.europesays.com\/no\/wp-json\/wp\/v2\/users\/2"}],"replies":[{"embeddable":true,"href":"https:\/\/www.europesays.com\/no\/wp-json\/wp\/v2\/comments?post=166409"}],"version-history":[{"count":0,"href":"https:\/\/www.europesays.com\/no\/wp-json\/wp\/v2\/posts\/166409\/revisions"}],"wp:featuredmedia":[{"embeddable":true,"href":"https:\/\/www.europesays.com\/no\/wp-json\/wp\/v2\/media\/166410"}],"wp:attachment":[{"href":"https:\/\/www.europesays.com\/no\/wp-json\/wp\/v2\/media?parent=166409"}],"wp:term":[{"taxonomy":"category","embeddable":true,"href":"https:\/\/www.europesays.com\/no\/wp-json\/wp\/v2\/categories?post=166409"},{"taxonomy":"post_tag","embeddable":true,"href":"https:\/\/www.europesays.com\/no\/wp-json\/wp\/v2\/tags?post=166409"}],"curies":[{"name":"wp","href":"https:\/\/api.w.org\/{rel}","templated":true}]}}