{"id":167239,"date":"2026-02-18T20:35:16","date_gmt":"2026-02-18T20:35:16","guid":{"rendered":"https:\/\/www.europesays.com\/no\/167239\/"},"modified":"2026-02-18T20:35:16","modified_gmt":"2026-02-18T20:35:16","slug":"kosthold-fedme-feite-nordlendinger-trenger-hjelp-fra-smartinger-i-oslo","status":"publish","type":"post","link":"https:\/\/www.europesays.com\/no\/167239\/","title":{"rendered":"Kosthold, Fedme | Feite nordlendinger trenger hjelp fra smartinger i Oslo"},"content":{"rendered":"\n<p><a href=\"https:\/\/www.aftenposten.no\/meninger\/kommentar\/i\/wr80on\/droey-paa-landet\" rel=\"Follow nofollow noopener\" target=\"_blank\">N\u00e5 m\u00e5 politikere agere, mener Joacim Lund. De lavt utdannede feitingene nordp\u00e5 kan ikke holdes individuelt ansvarlig for sin fedme.<\/a><\/p>\n<p>De har d\u00e5rlige butikker, m\u00e5 spise junk food p\u00e5 underm\u00e5ls kroer, og har ikke tilgang p\u00e5 treningssentre. De har ikke engang fortauer de kan g\u00e5 p\u00e5, eller sykkelstier i sine avsidesliggende avkroker.<\/p>\n<p><b>Derfor sitter bygdefolket mer p\u00e5 r\u00e6va i bil, og s\u00e5nt. Ikke skyld p\u00e5 nordlendingen for at han er feit! Han har ikke engang den spinkle fiffen p\u00e5 Oslo Vest \u00e5 se p\u00e5 og sammenligne seg med, if\u00f8lge Lund.<\/b><\/p>\n<p><b>Han har bare Trygve Slagsvold Vedum med p\u00f8lse i gapet \u00e5 se opp til.<\/b><\/p>\n<p>Tjukkasene nordp\u00e5, har for alt Joacim vet, ikke engang h\u00f8rt om utflytta influensere fra Nord-Norge, som har gjort Frogner-fruer av seg. Og som deler sitt kosthold og <a href=\"https:\/\/www.snapchat.com\/@sophizzleyo\/spotlight\/W7_EDlXWTBiXAEEniNoMPwAAYanp4eWVuaHN6AZa_7Lb4AZa_7IxkAAAAAQ?sc_referrer=web\" rel=\"Follow nofollow noopener\" target=\"_blank\">trening <\/a>med hundretusenvis av f\u00f8lgere p\u00e5 Snapchat.<\/p>\n<p>For har man tr\u00e5dl\u00f8s internett p\u00e5 bygda egentlig? Eller holder man fortsatt p\u00e5 med oppringt internett via fasttelefonen? Kanskje det er derfor Lund mener at folk i nordnorske bygder ikke underlegges samme slankepress som resten av verden . De sammenligne seg bare med de andre feitingene p\u00e5 bygda.<\/p>\n<p><b>Lunds analyse av by vs. bygd, og Oslo vs. Nord-Norge, er et perfekt eksempel p\u00e5 at helt adekvat statistikk ofte er grunnlag for ganske d\u00e5rlig journalistikk. <\/b><\/p>\n<p><b>Lund stiller aldri det viktigste sp\u00f8rsm\u00e5let en journalist skal stille seg. Og det er: Hvorfor? <\/b><\/p>\n<p><b>For eksempel: Hvorfor har folk i Nord-Norge lavere utdanning enn de i Oslo?<\/b><\/p>\n<p>Lund har sannsynligvis ikke v\u00e6rt i en nordnorsk bygd for \u00e5 snakke med folk, f\u00f8r han reiv av seg faderlige r\u00e5d og krav til politikere p\u00e5 vegne av de lavt utdannede i nord.<\/p>\n<p>Hadde Lund v\u00e6rt i en nordnorsk bygd, hadde han sett at mange av de menneskene som inng\u00e5r i statistikken som han utleder sine \u00e5rsakssammenhenger fra, har en ting til felles.<\/p>\n<p>De er gamle og blir eldre.<\/p>\n<p><b>Problemet deres er ikke at de ikke vet forskjell p\u00e5 hjemmelaget surdeigsbr\u00f8d og ultraprosessert kneip. Eller at de ikke har tilgang p\u00e5 chiafr\u00f8.<\/b><\/p>\n<p>De er mennesker som i veldig mange tilfeller er, og har v\u00e6rt i stand til \u00e5 fange eller dyrke sin egen mat, gjennom et langt og godt liv. Det er ganske h\u00f8y kompetanse, det.<\/p>\n<p><b>Den sunneste maten i hele verden, skreien, er bare \u00e5 h\u00e5ve opp fra en b\u00e5t rett utenfor d\u00f8ra deres for tida. <\/b><\/p>\n<p>Disse menneskene har blitt eldre, mens deres barn, som utgj\u00f8r en stor del av beholdninga av smartinga i Oslo, har forlatt bygdene. Det p\u00e5virker statistikken. For jo eldre vi blir, desto sykere blir vi. Og det p\u00e5virker mulighet for bevegelse.<\/p>\n<p>Statistikk kan sjeldent gi direkte \u00e5rsakssammenhenger for kompliserte utfordringer som fedme p\u00e5 populasjonsniv\u00e5. Men \u00e5 se bort fra eldreb\u00f8lgen er helt meningsl\u00f8st.<\/p>\n<p><b>Greia er Joacim, at vi har eksportert de unge, smarte tynnflisene v\u00e5re til Vestre Aker, Frogner og St.Hanshaugen i flere ti\u00e5r. Slik at dere kan se p\u00e5 dem, og de kan se p\u00e5 dere som har g\u00e5tt p\u00e5 Katta og hatt et helt yrkesliv i Akersgata. <\/b><\/p>\n<p>S\u00e5 kan dere holde dere slanke sammen, ved \u00e5 sammenligne statussymboler.<\/p>\n<p>For i f\u00f8lge Lunds logikk er statussymboler sterkere drivere for statistiske trender, enn store nasjonale demografiske omveltninger. Det holder jo ikke vann, men vil hisse p\u00e5 seg folk som ellers ikke abonnerer p\u00e5 Aftenposten.<\/p>\n<p><b>La meg ta deg og Aftenposten til min favorittbygd i verden, Joacim. Bleik p\u00e5 And\u00f8ya i Nordland er for ordens skyld en landsby.<\/b><\/p>\n<p>Bleik har en kombinert butikk og kaf\u00e9. Du kan kj\u00f8pe avokado og broccolini p\u00e5 butikken p\u00e5 Bleik. Du kan kj\u00f8pe pinjekjerner, olivenolje og basilikum. I kafeen kan du velge mellom vafler og gr\u00f8ntf\u00f4r.<\/p>\n<p>Du kan f\u00e5 tak i skreim\u00f8lja, sei, hyse, bl\u00e5kveite og breiflabb p\u00e5 Bleik. Du kan skyte rype i fjellet og elg i skogen. Du kan f\u00e5 tak i verdens sunneste b\u00e6r, multer, fra et av de st\u00f8rste myrarealene i landet. And\u00f8ya er kjent for sine r\u00e5gode multer, og meget strengt regulerte multelag.<\/p>\n<p><b>Du kan f\u00e5 tak i egg fra glade h\u00f8ner, \u00f8kologiske poteter, og lokalprodusert kj\u00f8tt. Vester\u00e5len har en egen REKO-ring og unge b\u00f8nder organiserer seg s\u00e5 godt de kan, for \u00e5 selge det de kan s\u00e5 n\u00e6rt de kan.<\/b><\/p>\n<p>Kj\u00f8tt er for \u00f8vrig det som b\u00f8ndene kan produsere s\u00e5 det monner i nord. Lund kritiserer Trygve Slagsvold Vedum, fordi Vedum liker kj\u00f8tt og tr\u00f8kker i seg p\u00f8lser.<\/p>\n<p>Men skal vi ha selvforsyning med sunn, kortreist mat i nord m\u00e5 vi fange fisk, drive oppdrett, holde sau, geit og kyr, og dyrke rotgr\u00f8nnsaker. Skal man bli matprodusent i Nord-Norge, er kj\u00f8tt et smart valg.<\/p>\n<p><b> Jeg kan informere om at kikerter og b\u00f8nner vokser d\u00e5rlig her. Vi m\u00e5 produsere det vi kan.<\/b><\/p>\n<p>Totalberedskap heter det. Lund f\u00e5r sl\u00e5 det opp, for all maten han spiser produseres ikke der han bor.<\/p>\n<p>Vedum p\u00e5 sin side, kan sende et takkebrev til Aftenpostens kommentaravdeling.<\/p>\n<p>Lund f\u00e5r Senterpartiet til \u00e5 fremst\u00e5 som et s\u00e6rs fornuftig parti for alle som ikke kj\u00f8per importerte chiafr\u00f8 p\u00e5 Frogner, men kj\u00f8per dem fra n\u00e6rbutikker som den p\u00e5 Bleik.<\/p>\n<p><b>For hvem er det som har st\u00e5tt p\u00e5 barrikadene for at n\u00e6rbutikkene skal overleve i grisgrendte str\u00f8k for \u00e5 kunne selge lokale egg, men ogs\u00e5 kikerter og asparges til bygdefolk uten mastergrad? <\/b><\/p>\n<p>Hvem har programfestet <a href=\"https:\/\/www.senterpartiet.no\/politikk\/stortingsvalgprogram-2025-29\/13.naering-og-industri-verdiskaping-i-hele-norge\" rel=\"Follow nofollow noopener\" target=\"_blank\">styrkingen <\/a>av Merkur-programmet som gir investeringsst\u00f8tte til n\u00e6rbutikker i norske distrikter?<\/p>\n<p>Det er ikke Aftenposten, det skal v\u00e6re sikkert og vist.<\/p>\n<p><b>Det stemmer for \u00f8vrig at feite nordlendinger trenger hjelp fra de spinkle smartinger i Oslo. <\/b><\/p>\n<p>Det som trolig vil f\u00e5 fedmen ned i nord, er om de unge og spreke flytter ut av Oslo Vest, og heim. Til bygder der de, deres foreldrene , eller besteforeldre ble f\u00f8dt. Det vil \u00f8ke andelen frisk og sprek befolkning nordp\u00e5. Og fikse statistikken.<\/p>\n<p>De gamle, de syke og de uf\u00f8re, vil fortsatt v\u00e6re gamle, uf\u00f8re og overvektige i st\u00f8rre grad.<\/p>\n<p>Men selve statistikken vil bli fikset. Vi vil f\u00e5 en utjevning av helseutfordringer basert p\u00e5 klasse og utdanningsniv\u00e5 i Norge. Alt kan fikses med m\u00e5lrettet distriktspolitikk og utflytting av statlige kompetansearbeidsplasser fra Oslo.<\/p>\n<p><b>Som er, igjen, ren Sp-politikk. <\/b><\/p>\n<p>Det stemmer ogs\u00e5 at det er f\u00e6rre treningssentre p\u00e5 bygda, slik Lund skriver. Det er ingen p\u00e5 Bleik. Det er lite fortau ogs\u00e5. Men det finnes en golfbane, kunstgressbane, skil\u00f8ype og verdens vakreste og mest varierte tur-, l\u00f8pe- og sykkelterreng. Det meste fikset p\u00e5 dugnad, det meste tilgjengelig for alle.<\/p>\n<p>Hvis Lund gj\u00f8r opptelling p\u00e5 norske OL-medaljer, vil han oppdage at mange av v\u00e5re ypperste toppidrettsut\u00f8vere kommer fra bygder uten fortau.<\/p>\n<p><b>Statistikk er grei pekepinn p\u00e5 store trender i samfunnet. Men journalistikk skal g\u00e5 bakom trendene og s\u00f8ke \u00e5 belyse \u00e5rsaker for statistiske trender, ved \u00e5 bruke flere kilder og observere verden.<\/b><\/p>\n<p><b>Det gj\u00f8r man fortsatt best ved at man kommer seg ut og snakker med de folkene man skriver om. <\/b><\/p>\n<p><b>Lund kan starte med \u00e5 ta seg en tur til Bleik. <\/b><\/p>\n","protected":false},"excerpt":{"rendered":"N\u00e5 m\u00e5 politikere agere, mener Joacim Lund. De lavt utdannede feitingene nordp\u00e5 kan ikke holdes individuelt ansvarlig for&hellip;\n","protected":false},"author":2,"featured_media":167240,"comment_status":"","ping_status":"","sticky":false,"template":"","format":"standard","meta":{"footnotes":"","_share_on_mastodon":"0"},"categories":[10],"tags":[36,20,21,1343,24,25,6589,15,266,2294,22,23,13,30,28,29,14,1533,16,41,26,27,280],"class_list":["post-167239","post","type-post","status-publish","format-standard","has-post-thumbnail","category-norge","tag-art","tag-breaking-news","tag-breakingnews","tag-distriktspolitikk","tag-featured-news","tag-featurednews","tag-fedme","tag-headlines","tag-kommentar","tag-kosthold","tag-latest-news","tag-latestnews","tag-news","tag-no","tag-norge","tag-norway","tag-nyheter","tag-opinion","tag-overskrifter","tag-politikk","tag-top-stories","tag-topstories","tag-trygve-slagsvold-vedum"],"share_on_mastodon":{"url":"https:\/\/pubeurope.com\/@no\/116093552117280476","error":""},"_links":{"self":[{"href":"https:\/\/www.europesays.com\/no\/wp-json\/wp\/v2\/posts\/167239","targetHints":{"allow":["GET"]}}],"collection":[{"href":"https:\/\/www.europesays.com\/no\/wp-json\/wp\/v2\/posts"}],"about":[{"href":"https:\/\/www.europesays.com\/no\/wp-json\/wp\/v2\/types\/post"}],"author":[{"embeddable":true,"href":"https:\/\/www.europesays.com\/no\/wp-json\/wp\/v2\/users\/2"}],"replies":[{"embeddable":true,"href":"https:\/\/www.europesays.com\/no\/wp-json\/wp\/v2\/comments?post=167239"}],"version-history":[{"count":0,"href":"https:\/\/www.europesays.com\/no\/wp-json\/wp\/v2\/posts\/167239\/revisions"}],"wp:featuredmedia":[{"embeddable":true,"href":"https:\/\/www.europesays.com\/no\/wp-json\/wp\/v2\/media\/167240"}],"wp:attachment":[{"href":"https:\/\/www.europesays.com\/no\/wp-json\/wp\/v2\/media?parent=167239"}],"wp:term":[{"taxonomy":"category","embeddable":true,"href":"https:\/\/www.europesays.com\/no\/wp-json\/wp\/v2\/categories?post=167239"},{"taxonomy":"post_tag","embeddable":true,"href":"https:\/\/www.europesays.com\/no\/wp-json\/wp\/v2\/tags?post=167239"}],"curies":[{"name":"wp","href":"https:\/\/api.w.org\/{rel}","templated":true}]}}