{"id":167874,"date":"2026-02-19T13:30:06","date_gmt":"2026-02-19T13:30:06","guid":{"rendered":"https:\/\/www.europesays.com\/no\/167874\/"},"modified":"2026-02-19T13:30:06","modified_gmt":"2026-02-19T13:30:06","slug":"farevarsel-om-is-%e2%81%a0-ga-og-kjor-forsiktig-vg","status":"publish","type":"post","link":"https:\/\/www.europesays.com\/no\/167874\/","title":{"rendered":"Farevarsel om is: \u2013\u2060 G\u00e5 og kj\u00f8r forsiktig! &#8211; VG"},"content":{"rendered":"<ol>\n<li><a href=\"https:\/\/news.google.com\/rss\/articles\/CBMiYEFVX3lxTFBIWGxOWXVmeF9RMVRBeG9JNXZ1VzNpWjdMTnlldUFhVzYzVDlWMlJnczNObWxWOVlqbEVpSTQ5Qzg2V3B0bXJLbmRPRmpfTFI1d1hoa0RlaDRrN0NvV2Zweg?oc=5\" target=\"_blank\" rel=\"nofollow noopener\">Farevarsel om is: \u2013\u2060 G\u00e5 og kj\u00f8r forsiktig!<\/a>&nbsp;&nbsp;VG<\/li>\n<li><a href=\"https:\/\/news.google.com\/rss\/articles\/CBMigwFBVV95cUxQLTJJWWZwMEtfU2lrQVBLTWpUcW8wSklFVHowMktKTS1xamVEYXZpM25qeVJmMWFheEtFSjAtZ2ZQWWdBTGlkS1c0TndCaUJOVVFacjY2TFZCMXhPNVVoVTN4a1NELXBwLS1ZQkwwY0RwcXVkaWRvVFJNZFY0OWliNGw0NA?oc=5\" target=\"_blank\" rel=\"nofollow noopener\">Har sendt ut farevarsel<\/a>&nbsp;&nbsp;fvn.no<\/li>\n<li><a href=\"https:\/\/news.google.com\/rss\/articles\/CBMiiAFBVV95cUxNUGtQSkItcUc3ekxtX25YNmFGYkhhWU9qU0VIaDM5XzJ6YVpqSmtRbGlXcFhaLXU0UGwwY2hRblo1bjJzY1BiY2ljWElXQjQycDVjR0JMTTRYcFVrQU9qd1BLQzJrbk1lSDh1RlE1MGMzSkpTM3lsX3Z2VlJGNUk3Uko2ekVOd2VJ?oc=5\" target=\"_blank\" rel=\"nofollow noopener\">V\u00e6r, Klima | V\u00e6rskifte f\u00f8rer til farlig h\u00e5lke og glatte veier<\/a>&nbsp;&nbsp;Telemarksavisa<\/li>\n<li><a href=\"https:\/\/news.google.com\/rss\/articles\/CBMikwFBVV95cUxPZzNNOTJqS3NJeDdTeUZiS1A4SS03c205NHNKRGhRZ2FYdWJDcE9FQ0hEalJ6ZjVFMDBITGxvcEJKeTVzbk54WXJrVGlJRnpFanRQS08tODBZM25xSHV0dWNOTVdvOFMwM19tc0FrMS1wb3dJMTdWX0NFaXBnNFVfYzVPV2IzV2UtWkpESnEzTWctUGM?oc=5\" target=\"_blank\" rel=\"nofollow noopener\">Sendt ut farevarsel: \u2013 Kan v\u00e6re vanskelig \u00e5 se<\/a>&nbsp;&nbsp;agderposten.no<\/li>\n<li><a href=\"https:\/\/news.google.com\/rss\/articles\/CBMilAFBVV95cUxPdFBxN2NOSlhHRm4zci1QbW12bU9CSDYxUlo4d3JJTV9tTnBIcll2TVFPVW1tVzhqWXZyazduUHJzN2wwNF9EV3l5WFJCSENSVUhvQ190akRkRkFiLXBXV2tfNzVjeUlzd2t5TG1icUxCWW1FaF85ZzBIb2JNNlNFczRNNGNfN2w5REFyd1QycVZwYVNt?oc=5\" target=\"_blank\" rel=\"nofollow noopener\">Farevarsel for T\u00f8nsberg og F\u00e6rder: \u2013 Kan v\u00e6re vanskelig \u00e5 se<\/a>&nbsp;&nbsp;T\u00f8nsbergs Blad<\/li>\n<\/ol>\n","protected":false},"excerpt":{"rendered":"Farevarsel om is: \u2013\u2060 G\u00e5 og kj\u00f8r forsiktig!&nbsp;&nbsp;VG Har sendt ut farevarsel&nbsp;&nbsp;fvn.no V\u00e6r, Klima | V\u00e6rskifte f\u00f8rer til&hellip;\n","protected":false},"author":2,"featured_media":167875,"comment_status":"","ping_status":"","sticky":false,"template":"","format":"standard","meta":{"footnotes":"","_share_on_mastodon":"0"},"categories":[10],"tags":[20,21,102,24,25,15,7725,22,23,3153,13,30,28,29,14,16,26,27],"class_list":["post-167874","post","type-post","status-publish","format-standard","has-post-thumbnail","category-norge","tag-breaking-news","tag-breakingnews","tag-farevarsel","tag-featured-news","tag-featurednews","tag-headlines","tag-is","tag-latest-news","tag-latestnews","tag-nedbor","tag-news","tag-no","tag-norge","tag-norway","tag-nyheter","tag-overskrifter","tag-top-stories","tag-topstories"],"share_on_mastodon":{"url":"https:\/\/pubeurope.com\/@no\/116097543199806108","error":""},"_links":{"self":[{"href":"https:\/\/www.europesays.com\/no\/wp-json\/wp\/v2\/posts\/167874","targetHints":{"allow":["GET"]}}],"collection":[{"href":"https:\/\/www.europesays.com\/no\/wp-json\/wp\/v2\/posts"}],"about":[{"href":"https:\/\/www.europesays.com\/no\/wp-json\/wp\/v2\/types\/post"}],"author":[{"embeddable":true,"href":"https:\/\/www.europesays.com\/no\/wp-json\/wp\/v2\/users\/2"}],"replies":[{"embeddable":true,"href":"https:\/\/www.europesays.com\/no\/wp-json\/wp\/v2\/comments?post=167874"}],"version-history":[{"count":0,"href":"https:\/\/www.europesays.com\/no\/wp-json\/wp\/v2\/posts\/167874\/revisions"}],"wp:featuredmedia":[{"embeddable":true,"href":"https:\/\/www.europesays.com\/no\/wp-json\/wp\/v2\/media\/167875"}],"wp:attachment":[{"href":"https:\/\/www.europesays.com\/no\/wp-json\/wp\/v2\/media?parent=167874"}],"wp:term":[{"taxonomy":"category","embeddable":true,"href":"https:\/\/www.europesays.com\/no\/wp-json\/wp\/v2\/categories?post=167874"},{"taxonomy":"post_tag","embeddable":true,"href":"https:\/\/www.europesays.com\/no\/wp-json\/wp\/v2\/tags?post=167874"}],"curies":[{"name":"wp","href":"https:\/\/api.w.org\/{rel}","templated":true}]}}