{"id":16821,"date":"2025-08-24T14:46:08","date_gmt":"2025-08-24T14:46:08","guid":{"rendered":"https:\/\/www.europesays.com\/no\/16821\/"},"modified":"2025-08-24T14:46:08","modified_gmt":"2025-08-24T14:46:08","slug":"hva-har-morens-manglende-kjaerlighet-gjort-med-datteren-adressa-no","status":"publish","type":"post","link":"https:\/\/www.europesays.com\/no\/16821\/","title":{"rendered":"Hva har morens manglende kj\u00e6rlighet gjort med datteren? &#8211; adressa.no"},"content":{"rendered":"<ol>\n<li><a href=\"https:\/\/news.google.com\/rss\/articles\/CBMimgFBVV95cUxOTjM5N3V3d3pQOUo3ZDEzY2lsaWNGZUZ0QTJMYThqVFlHRWxzU2l3OUpqQkZHZXRFV3NndElSZVB2MGZZRnE4QktDR1I1ZEp2YjF5ZEY4Z3BGLWRPQWthWW1FS0xiTkRiLWhGUU12cjVIR19qRVR0U2M3S1VFMTIxNEc3WWtYUjZiREVrV0IyNlNFM2pGYjlSX2RB?oc=5\" target=\"_blank\" rel=\"nofollow noopener\">Hva har morens manglende kj\u00e6rlighet gjort med datteren?<\/a>&nbsp;&nbsp;adressa.no<\/li>\n<li><a href=\"https:\/\/news.google.com\/rss\/articles\/CBMicEFVX3lxTE1MNzFwcXZrZXVBZmFTeU42M1piRWdKSjdKeERfd2VuMTlXMWo3bVpyeExMb0V3TUQyS3pQVmFycENrN0h6Z1Z1UjNGM25LOWhHbE5HcG1YUy1ObmQxWDdHMWFoMnJpcmhOY0psb3FiWHo?oc=5\" target=\"_blank\" rel=\"nofollow noopener\">\u2013 Selvpisking p\u00e5 h\u00f8yt niv\u00e5<\/a>&nbsp;&nbsp;NRK<\/li>\n<li><a href=\"https:\/\/news.google.com\/rss\/articles\/CBMif0FVX3lxTE03YmpLRzR6ZFpzTzQ1dmhxSDBuLXotSTBiYV9rV1JIbzBrWVRFU09GZzVtR21sT2JYM29BVnZvSjlKMWNzNVl5R3owMkFtVzZ0dk13M1VqMXFhRlJoMjl1UzlZRVFXdlVXYWRjcHZRS19ydG9EOGM4bUtFYXBiYVE?oc=5\" target=\"_blank\" rel=\"nofollow noopener\">(+) \u2013 Jeg er ikke redd for smerten<\/a>&nbsp;&nbsp;V\u00e5rt Land<\/li>\n<li><a href=\"https:\/\/news.google.com\/rss\/articles\/CBMibkFVX3lxTE92WXh0SGdUc1YyQkE2S09HVTVXRWY0QUNaUG4yeGRldVM0cm1OYXZTQVEwUWhIQW1HSnE1MmJZcURxUkI3TG91S2g4WWV3eUFiNlY2Y2gwX3lvMGF4UkZSN19CY2t3bGV2QWxqek1R?oc=5\" target=\"_blank\" rel=\"nofollow noopener\">Hanne \u00d8rstavik er i sin nye roman sk\u00e5nselsl\u00f8s selv til henne \u00e5 v\u00e6re. Men hun er ogs\u00e5 mild som aldri f\u00f8r.<\/a>&nbsp;&nbsp;Morgenbladet<\/li>\n<li><a href=\"https:\/\/news.google.com\/rss\/articles\/CBMiZEFVX3lxTE15MVYyVVhhMW9aQ055Z18teWE5T1pOcXl0TXJVMWdNeFlKQnNPcEtRTVdkelV2Y2ZETmlhNTRpQWt6MVVudUxJWk54U2VoajU0WnZYdUUxU2YwMHRWZkJKVlVlSG8?oc=5\" target=\"_blank\" rel=\"nofollow noopener\">(+) Hanne \u00d8rstaviks nye roman har et problem<\/a>&nbsp;&nbsp;V\u00e5rt Land<\/li>\n<\/ol>\n","protected":false},"excerpt":{"rendered":"Hva har morens manglende kj\u00e6rlighet gjort med datteren?&nbsp;&nbsp;adressa.no \u2013 Selvpisking p\u00e5 h\u00f8yt niv\u00e5&nbsp;&nbsp;NRK (+) \u2013 Jeg er ikke&hellip;\n","protected":false},"author":2,"featured_media":16822,"comment_status":"","ping_status":"","sticky":false,"template":"","format":"standard","meta":{"footnotes":""},"categories":[58],"tags":[3100,118,3099,124,123,71,3098,30,28,29,72,119],"class_list":{"0":"post-16821","1":"post","2":"type-post","3":"status-publish","4":"format-standard","5":"has-post-thumbnail","7":"category-underholdning","8":"tag-anbefalte-boker","9":"tag-anmeldelse","10":"tag-annie-ernaux","11":"tag-bokanmeldelse","12":"tag-bokhost-2025","13":"tag-entertainment","14":"tag-hanne-orstavik","15":"tag-no","16":"tag-norge","17":"tag-norway","18":"tag-underholdning","19":"tag-vigdis-moe-skarstein"},"share_on_mastodon":{"url":"","error":""},"_links":{"self":[{"href":"https:\/\/www.europesays.com\/no\/wp-json\/wp\/v2\/posts\/16821","targetHints":{"allow":["GET"]}}],"collection":[{"href":"https:\/\/www.europesays.com\/no\/wp-json\/wp\/v2\/posts"}],"about":[{"href":"https:\/\/www.europesays.com\/no\/wp-json\/wp\/v2\/types\/post"}],"author":[{"embeddable":true,"href":"https:\/\/www.europesays.com\/no\/wp-json\/wp\/v2\/users\/2"}],"replies":[{"embeddable":true,"href":"https:\/\/www.europesays.com\/no\/wp-json\/wp\/v2\/comments?post=16821"}],"version-history":[{"count":0,"href":"https:\/\/www.europesays.com\/no\/wp-json\/wp\/v2\/posts\/16821\/revisions"}],"wp:featuredmedia":[{"embeddable":true,"href":"https:\/\/www.europesays.com\/no\/wp-json\/wp\/v2\/media\/16822"}],"wp:attachment":[{"href":"https:\/\/www.europesays.com\/no\/wp-json\/wp\/v2\/media?parent=16821"}],"wp:term":[{"taxonomy":"category","embeddable":true,"href":"https:\/\/www.europesays.com\/no\/wp-json\/wp\/v2\/categories?post=16821"},{"taxonomy":"post_tag","embeddable":true,"href":"https:\/\/www.europesays.com\/no\/wp-json\/wp\/v2\/tags?post=16821"}],"curies":[{"name":"wp","href":"https:\/\/api.w.org\/{rel}","templated":true}]}}