{"id":16829,"date":"2025-08-24T15:00:41","date_gmt":"2025-08-24T15:00:41","guid":{"rendered":"https:\/\/www.europesays.com\/no\/16829\/"},"modified":"2025-08-24T15:00:41","modified_gmt":"2025-08-24T15:00:41","slug":"utopia-stavanger-spektakulaer-avslutning-annonserte-nyhet-for-neste-ars-festival","status":"publish","type":"post","link":"https:\/\/www.europesays.com\/no\/16829\/","title":{"rendered":"Utopia, Stavanger | Spektakul\u00e6r avslutning \u2013 annonserte nyhet for neste \u00e5rs festival"},"content":{"rendered":"\n<p>Spektakul\u00e6r avslutning med fyrverkeri p\u00e5 Utopia endte med nyhet om neste \u00e5rs festival:<\/p>\n<p>Tobias Sten spiller neste \u00e5r p\u00e5 Utopia! Det ble annonsert fra scenen, p\u00e5 en skjerm, etter showet.<\/p>\n<p>28. og 29. august blir det Utopia i 2026. Det melder arrang\u00f8rene l\u00f8rdag kveld.<\/p>\n<p>Undergrunn annonserte like f\u00f8r at de skal spille i Stavanger i h\u00f8st. Billettene slippes s\u00f8ndag 24. august.<\/p>\n<p>Undergrunn spiller p\u00e5 Folken fredag 10. september. Konserten er alkoholfri og d\u00f8rene \u00e5pner klokken 17. konsertstart er klokken 18 for de under 18 \u00e5r. Men klokken 21 er det konsertstart for konserten for de over 18 \u00e5r.<\/p>\n<p>Det opplyser Folken l\u00f8rdag kveld.<\/p>\n<p>Under 18 \u00e5r &#8211; Undergrunn p\u00e5 Folken<\/p>\n<ul>\n<li>Storsalen<\/li>\n<li>D\u00f8rer 17:00<\/li>\n<li>Konsertstart 18:00<\/li>\n<li>Fri alder. Ingen alkoholservering. Barn under 13 \u00e5r kun if\u00f8lge med voksen. Den voksne m\u00e5 kj\u00f8pe egen billett.<\/li>\n<\/ul>\n<p>Om arrangementet klokken 21<\/p>\n<ul>\n<li>Aldersgrense 18 \u00e5r.<\/li>\n<li>Storsalen<\/li>\n<li>D\u00f8rer 20:00<\/li>\n<li>Konsertstart 21:00<\/li>\n<\/ul>\n<p>   <img decoding=\"async\" width=\"2048\" height=\"1536\" fetchpriority=\"low\"  loading=\"lazy\"  src=\"https:\/\/www.europesays.com\/no\/wp-content\/uploads\/2025\/08\/520390200_1273070744190401_5671915701110886455_n.jpg\" alt=\"\" class=\"brick-c-cFOWSL\" style=\"--brick-image-ratio: 2048 \/ 1536;\"\/><\/p>\n<p>    Tobias Sten fylte nylig V\u00e5gen under Fj\u00e5ge festival. N\u00e5 er det kjent at artisten kommer til Utopia neste \u00e5r.<\/p>\n<p>Saken oppdateres<\/p>\n<p>Se flere bilder fra fyrverkeriet:<\/p>\n<p>   <img decoding=\"async\" width=\"6000\" height=\"3368\" fetchpriority=\"low\"  loading=\"lazy\"  src=\"https:\/\/www.europesays.com\/no\/wp-content\/uploads\/2025\/08\/8Q1A0602.jpg\" alt=\"\" class=\"brick-c-cFOWSL\" style=\"--brick-image-ratio: 6000 \/ 3368;\"\/><\/p>\n<p>    Undergrunn avsluttet Utopia 2025. I slutten av konserten ble det fyrverkeri.<br \/>\n    Foto: Ingeborg Thu Hansen\n  <\/p>\n<p>   <img decoding=\"async\" width=\"6000\" height=\"3368\" fetchpriority=\"low\"  loading=\"lazy\"  src=\"https:\/\/www.europesays.com\/no\/wp-content\/uploads\/2025\/08\/8Q1A0599.jpg\" alt=\"\" class=\"brick-c-cFOWSL\" style=\"--brick-image-ratio: 6000 \/ 3368;\"\/><\/p>\n<p>    Undergrunn avsluttet Utopia 2025. I slutten av konserten ble det fyrverkeri.<br \/>\n    Foto: Ingeborg Thu Hansen\n  <\/p>\n<p>   <img decoding=\"async\" width=\"6000\" height=\"3368\" fetchpriority=\"low\"  loading=\"lazy\"  src=\"https:\/\/www.europesays.com\/no\/wp-content\/uploads\/2025\/08\/8Q1A0600.jpg\" alt=\"\" class=\"brick-c-cFOWSL\" style=\"--brick-image-ratio: 6000 \/ 3368;\"\/><\/p>\n<p>    Undergrunn avsluttet Utopia 2025. I slutten av konserten ble det fyrverkeri.<br \/>\n    Foto: Ingeborg Thu Hansen\n  <\/p>\n<p>   <img decoding=\"async\" width=\"6000\" height=\"3368\" fetchpriority=\"low\"  loading=\"lazy\"  src=\"https:\/\/www.europesays.com\/no\/wp-content\/uploads\/2025\/08\/8Q1A0594.jpg\" alt=\"\" class=\"brick-c-cFOWSL\" style=\"--brick-image-ratio: 6000 \/ 3368;\"\/><\/p>\n<p>    Undergrunn avsluttet Utopia 2025. I slutten av konserten ble det fyrverkeri.<br \/>\n    Foto: Ingeborg Thu Hansen\n  <\/p>\n<p>   <img decoding=\"async\" width=\"6000\" height=\"3368\" fetchpriority=\"low\"  loading=\"lazy\"  src=\"https:\/\/www.europesays.com\/no\/wp-content\/uploads\/2025\/08\/8Q1A0589.jpg\" alt=\"\" class=\"brick-c-cFOWSL\" style=\"--brick-image-ratio: 6000 \/ 3368;\"\/><\/p>\n<p>    Undergrunn avsluttet Utopia 2025. I slutten av konserten ble det fyrverkeri.<br \/>\n    Foto: Ingeborg Thu Hansen\n  <\/p>\n<p>   <img decoding=\"async\" width=\"6000\" height=\"3368\" fetchpriority=\"low\"  loading=\"lazy\"  src=\"https:\/\/www.europesays.com\/no\/wp-content\/uploads\/2025\/08\/8Q1A0587.jpg\" alt=\"\" class=\"brick-c-cFOWSL\" style=\"--brick-image-ratio: 6000 \/ 3368;\"\/><\/p>\n<p>    Undergrunn avsluttet Utopia 2025. I slutten av konserten ble det fyrverkeri.<br \/>\n    Foto: Ingeborg Thu Hansen\n  <\/p>\n<p>   <img decoding=\"async\" width=\"6000\" height=\"3368\" fetchpriority=\"low\"  loading=\"lazy\"  src=\"https:\/\/www.europesays.com\/no\/wp-content\/uploads\/2025\/08\/8Q1A0596.jpg\" alt=\"\" class=\"brick-c-cFOWSL\" style=\"--brick-image-ratio: 6000 \/ 3368;\"\/><\/p>\n<p>    Undergrunn avsluttet Utopia 2025. I slutten av konserten ble det fyrverkeri.<br \/>\n    Foto: Ingeborg Thu Hansen\n  <\/p>\n<p>   <img decoding=\"async\" width=\"6000\" height=\"3368\" fetchpriority=\"low\"  loading=\"lazy\"  src=\"https:\/\/www.europesays.com\/no\/wp-content\/uploads\/2025\/08\/8Q1A0601.jpg\" alt=\"\" class=\"brick-c-cFOWSL\" style=\"--brick-image-ratio: 6000 \/ 3368;\"\/><\/p>\n<p>    Undergrunn avsluttet Utopia 2025. I slutten av konserten ble det fyrverkeri.<br \/>\n    Foto: Ingeborg Thu Hansen\n  <\/p>\n<p>   <img decoding=\"async\" width=\"6000\" height=\"3368\" fetchpriority=\"low\"  loading=\"lazy\"  src=\"https:\/\/www.europesays.com\/no\/wp-content\/uploads\/2025\/08\/8Q1A0598.jpg\" alt=\"\" class=\"brick-c-cFOWSL\" style=\"--brick-image-ratio: 6000 \/ 3368;\"\/><\/p>\n<p>    Undergrunn avsluttet Utopia 2025. I slutten av konserten ble det fyrverkeri.<br \/>\n    Foto: Ingeborg Thu Hansen\n  <\/p>\n<p>   <img decoding=\"async\" width=\"6000\" height=\"3368\" fetchpriority=\"low\"  loading=\"lazy\"  src=\"https:\/\/www.europesays.com\/no\/wp-content\/uploads\/2025\/08\/8Q1A0588.jpg\" alt=\"\" class=\"brick-c-cFOWSL\" style=\"--brick-image-ratio: 6000 \/ 3368;\"\/><\/p>\n<p>    Undergrunn avsluttet Utopia 2025. I slutten av konserten ble det fyrverkeri.<br \/>\n    Foto: Ingeborg Thu Hansen\n  <\/p>\n<p>  <a href=\"https:\/\/www.rastavanger.no\/5-165-144712\" class=\"related-teaser has-image default-story-teaser article--c-eRUmMG article--c-eRUmMG-jKCPdD-design-default\" rel=\"nofollow noopener\" target=\"_blank\"><\/p>\n<p>    <img decoding=\"async\" loading=\"lazy\"  src=\"https:\/\/www.europesays.com\/no\/wp-content\/uploads\/2025\/08\/8Q3A1008.JPG\" alt=\"\" class=\"brick-c-cFOWSL\" style=\"\"\/><\/p>\n<p>\n            Les ogs\u00e5<\/p>\n<p>              Spente fans samlet seg tidlig til Utopias siste konsert\n        <\/p>\n<p>  <\/a><\/p>\n<p>  <a href=\"https:\/\/www.rastavanger.no\/5-165-144630\" class=\"related-teaser has-image default-story-teaser article--c-eRUmMG article--c-eRUmMG-jKCPdD-design-default\" rel=\"nofollow noopener\" target=\"_blank\"><\/p>\n<p>    <img decoding=\"async\" loading=\"lazy\"  src=\"https:\/\/www.europesays.com\/no\/wp-content\/uploads\/2025\/08\/8Q3A0973.JPG\" alt=\"\" class=\"brick-c-cFOWSL\" style=\"\"\/><\/p>\n<p>\n            Les ogs\u00e5<\/p>\n<p>              Isah fra scenen: \u2013 Dere vet jeg mistet bestevennen min for en stund siden?\n        <\/p>\n<p>  <\/a><\/p>\n<p>  <a href=\"https:\/\/www.rastavanger.no\/5-165-144372\" class=\"related-teaser has-image default-story-teaser article--c-eRUmMG article--c-eRUmMG-jKCPdD-design-default\" rel=\"nofollow noopener\" target=\"_blank\"><\/p>\n<p>    <img decoding=\"async\" loading=\"lazy\"  src=\"https:\/\/www.europesays.com\/no\/wp-content\/uploads\/2025\/08\/8Q3A0594.JPG\" alt=\"\" class=\"brick-c-cFOWSL\" style=\"\"\/><\/p>\n<p>\n            Les ogs\u00e5<\/p>\n<p>              Fullstendig stappa under konserten p\u00e5 den minste scenen\n        <\/p>\n<p>  <\/a><\/p>\n<p>  <a href=\"https:\/\/www.rastavanger.no\/5-165-144301\" class=\"related-teaser has-image default-story-teaser article--c-eRUmMG article--c-eRUmMG-jKCPdD-design-default\" rel=\"nofollow noopener\" target=\"_blank\"><\/p>\n<p>    <img decoding=\"async\" loading=\"lazy\"  src=\"https:\/\/www.europesays.com\/no\/wp-content\/uploads\/2025\/08\/8Q3A0539.JPG\" alt=\"\" class=\"brick-c-cFOWSL\" style=\"\"\/><\/p>\n<p>\n            Les ogs\u00e5<\/p>\n<p>              Fra s\u00f8ppelrydding til stjernevakter: Juni og Harald gj\u00f8r festivalsommeren bedre\n        <\/p>\n<p>  <\/a><\/p>\n<p>  <a href=\"https:\/\/www.rastavanger.no\/5-165-144192\" class=\"related-teaser has-image default-story-teaser article--c-eRUmMG article--c-eRUmMG-jKCPdD-design-default\" rel=\"nofollow noopener\" target=\"_blank\"><\/p>\n<p>    <img decoding=\"async\" loading=\"lazy\"  src=\"https:\/\/www.europesays.com\/no\/wp-content\/uploads\/2025\/08\/Statsminister+Jonas+Gahr+St%C3%B8re+og+Espen+Knoph%2C+festivalsjef.jpg\" alt=\"\" class=\"brick-c-cFOWSL\" style=\"\"\/><\/p>\n<p>\n            Les ogs\u00e5<\/p>\n<p>              Jonas Gahr St\u00f8re p\u00e5 Utopia\n        <\/p>\n<p>  <\/a><\/p>\n<p>  <a href=\"https:\/\/www.rastavanger.no\/5-165-144024\" class=\"related-teaser has-image default-story-teaser article--c-eRUmMG article--c-eRUmMG-jKCPdD-design-default\" rel=\"nofollow noopener\" target=\"_blank\"><\/p>\n<p>    <img decoding=\"async\" loading=\"lazy\"  src=\"https:\/\/www.europesays.com\/no\/wp-content\/uploads\/2025\/08\/8Q3A0335.JPG\" alt=\"\" class=\"brick-c-cFOWSL\" style=\"\"\/><\/p>\n<p>\n            Les ogs\u00e5<\/p>\n<p>              Ford Rekord: \u2013 Vi er kanskje blitt falleferdige fuckboys\n        <\/p>\n<p>  <\/a><\/p>\n<p>Les mer om: artikkelemnene<\/p>\n","protected":false},"excerpt":{"rendered":"Spektakul\u00e6r avslutning med fyrverkeri p\u00e5 Utopia endte med nyhet om neste \u00e5rs festival: Tobias Sten spiller neste \u00e5r&hellip;\n","protected":false},"author":2,"featured_media":16830,"comment_status":"","ping_status":"","sticky":false,"template":"","format":"standard","meta":{"footnotes":""},"categories":[58],"tags":[36,3102,71,30,28,29,1306,1510,72,3101],"class_list":{"0":"post-16829","1":"post","2":"type-post","3":"status-publish","4":"format-standard","5":"has-post-thumbnail","7":"category-underholdning","8":"tag-art","9":"tag-bjergstedparken","10":"tag-entertainment","11":"tag-no","12":"tag-norge","13":"tag-norway","14":"tag-stavanger","15":"tag-story","16":"tag-underholdning","17":"tag-utopia"},"share_on_mastodon":{"url":"","error":""},"_links":{"self":[{"href":"https:\/\/www.europesays.com\/no\/wp-json\/wp\/v2\/posts\/16829","targetHints":{"allow":["GET"]}}],"collection":[{"href":"https:\/\/www.europesays.com\/no\/wp-json\/wp\/v2\/posts"}],"about":[{"href":"https:\/\/www.europesays.com\/no\/wp-json\/wp\/v2\/types\/post"}],"author":[{"embeddable":true,"href":"https:\/\/www.europesays.com\/no\/wp-json\/wp\/v2\/users\/2"}],"replies":[{"embeddable":true,"href":"https:\/\/www.europesays.com\/no\/wp-json\/wp\/v2\/comments?post=16829"}],"version-history":[{"count":0,"href":"https:\/\/www.europesays.com\/no\/wp-json\/wp\/v2\/posts\/16829\/revisions"}],"wp:featuredmedia":[{"embeddable":true,"href":"https:\/\/www.europesays.com\/no\/wp-json\/wp\/v2\/media\/16830"}],"wp:attachment":[{"href":"https:\/\/www.europesays.com\/no\/wp-json\/wp\/v2\/media?parent=16829"}],"wp:term":[{"taxonomy":"category","embeddable":true,"href":"https:\/\/www.europesays.com\/no\/wp-json\/wp\/v2\/categories?post=16829"},{"taxonomy":"post_tag","embeddable":true,"href":"https:\/\/www.europesays.com\/no\/wp-json\/wp\/v2\/tags?post=16829"}],"curies":[{"name":"wp","href":"https:\/\/api.w.org\/{rel}","templated":true}]}}