{"id":16843,"date":"2025-08-24T15:18:12","date_gmt":"2025-08-24T15:18:12","guid":{"rendered":"https:\/\/www.europesays.com\/no\/16843\/"},"modified":"2025-08-24T15:18:12","modified_gmt":"2025-08-24T15:18:12","slug":"trygler-trump-om-tollunntak-finansavisen","status":"publish","type":"post","link":"https:\/\/www.europesays.com\/no\/16843\/","title":{"rendered":"Trygler Trump om tollunntak | Finansavisen"},"content":{"rendered":"<p>Amerikanske matvareorganisasjoner ber om unntak fra Donald Trumps nye tollsatser, melder <a href=\"https:\/\/www.ft.com\/content\/e4ed107a-f4d4-42b8-abf4-3070fe58f69f\" rel=\"nofollow noopener\" target=\"_blank\">Financial Times<\/a>.<\/p>\n<p>Bransjen frykter betydelige pris\u00f8kninger p\u00e5 varer som i stor grad er importavhengige. If\u00f8lge Gavin Gibbons i National Fisheries Institute dekkes 85 prosent av amerikanernes konsum av sj\u00f8mat gjennom import, mens\u00a0innenlands fiske drives p\u00e5 maksimalt b\u00e6rekraftig niv\u00e5 og oppdrett hemmes av reguleringer.<\/p>\n<p>\u2013 Vi \u00f8nsker unntak for all sj\u00f8mat, sier Gibbons.\u00a0<\/p>\n<p>USA hadde i 2022 et handelsunderskudd p\u00e5 sj\u00f8mat p\u00e5 24 milliarder dollar, if\u00f8lge FT.<\/p>\n<p><b>Importandelen er spesielt h\u00f8y for reker, der 90 prosent kommer fra utlandet. Her st\u00e5r India for en tredel, men Trump vil heve tollen p\u00e5 indiske varer til 50 prosent som straff for landets oljekj\u00f8p fra Russland.<\/b><\/p>\n<p class=\"subhead\" data-element-type=\"subhead\" data-element-label=\"Mellomtittel\">Finnes unntak<\/p>\n<p>Ogs\u00e5 frukt- og gr\u00f8ntsektoren er bekymret. USA importerer ferske frukter og gr\u00f8nnsaker for 36 milliarder dollar \u00e5rlig, hovedsakelig fra Mexico, Peru og Canada.\u00a0<\/p>\n<p>\u2013 Vi ber om at frukt og gr\u00f8nnsaker holdes helt utenfor tollen, sier Rebeckah Adcock i International Fresh Produce Association.<\/p>\n<p>Restaurantn\u00e6ringen advarer om h\u00f8yere priser hvis sesongbaserte r\u00e5varer ilegges toll. En analyse fra dagligvareorganisasjonen Food Industry Association (FMI) bruker agurker som eksempel, hvor andelen import har \u00f8kt fra 35 prosent i 1990 til nesten 90 prosent i dag. Innenlands produksjon ville kreve hel\u00e5rsdyrking i drivhus \u2013 og h\u00f8yere priser, skriver FT.<\/p>\n<p><b>Enkelte varer kan f\u00e5 fritak. Handelsavtaler med EU og Indonesia \u00e5pner for unntak for naturressurser som ikke finnes i USA. Blant annet er brasiliansk appelsinjuice og paran\u00f8tter unntatt toll, men kaffe er rammet.<\/b><\/p>\n<p>\u2013 Det er fortsatt et \u00f8nske om \u00e5 be om unntak, og fors\u00f8ke \u00e5 gj\u00f8re tollen mer m\u00e5lrettet, for b\u00e5de \u00e5 styrke produksjon i USA og st\u00f8tte amerikanske arbeidsplasser, sier FMI-visepresident Andy Harig.\u00a0<\/p>\n","protected":false},"excerpt":{"rendered":"Amerikanske matvareorganisasjoner ber om unntak fra Donald Trumps nye tollsatser, melder Financial Times. Bransjen frykter betydelige pris\u00f8kninger p\u00e5&hellip;\n","protected":false},"author":2,"featured_media":16844,"comment_status":"","ping_status":"","sticky":false,"template":"","format":"standard","meta":{"footnotes":""},"categories":[12],"tags":[20,21,55,24,25,15,22,23,13,30,28,29,14,16,365,26,27,50,42,43,44,45],"class_list":{"0":"post-16843","1":"post","2":"type-post","3":"status-publish","4":"format-standard","5":"has-post-thumbnail","7":"category-verden","8":"tag-breaking-news","9":"tag-breakingnews","10":"tag-donald-trump","11":"tag-featured-news","12":"tag-featurednews","13":"tag-headlines","14":"tag-latest-news","15":"tag-latestnews","16":"tag-news","17":"tag-no","18":"tag-norge","19":"tag-norway","20":"tag-nyheter","21":"tag-overskrifter","22":"tag-toll","23":"tag-top-stories","24":"tag-topstories","25":"tag-usa","26":"tag-verden","27":"tag-world","28":"tag-world-news","29":"tag-worldnews"},"share_on_mastodon":{"url":"","error":""},"_links":{"self":[{"href":"https:\/\/www.europesays.com\/no\/wp-json\/wp\/v2\/posts\/16843","targetHints":{"allow":["GET"]}}],"collection":[{"href":"https:\/\/www.europesays.com\/no\/wp-json\/wp\/v2\/posts"}],"about":[{"href":"https:\/\/www.europesays.com\/no\/wp-json\/wp\/v2\/types\/post"}],"author":[{"embeddable":true,"href":"https:\/\/www.europesays.com\/no\/wp-json\/wp\/v2\/users\/2"}],"replies":[{"embeddable":true,"href":"https:\/\/www.europesays.com\/no\/wp-json\/wp\/v2\/comments?post=16843"}],"version-history":[{"count":0,"href":"https:\/\/www.europesays.com\/no\/wp-json\/wp\/v2\/posts\/16843\/revisions"}],"wp:featuredmedia":[{"embeddable":true,"href":"https:\/\/www.europesays.com\/no\/wp-json\/wp\/v2\/media\/16844"}],"wp:attachment":[{"href":"https:\/\/www.europesays.com\/no\/wp-json\/wp\/v2\/media?parent=16843"}],"wp:term":[{"taxonomy":"category","embeddable":true,"href":"https:\/\/www.europesays.com\/no\/wp-json\/wp\/v2\/categories?post=16843"},{"taxonomy":"post_tag","embeddable":true,"href":"https:\/\/www.europesays.com\/no\/wp-json\/wp\/v2\/tags?post=16843"}],"curies":[{"name":"wp","href":"https:\/\/api.w.org\/{rel}","templated":true}]}}