{"id":16856,"date":"2025-08-24T15:42:54","date_gmt":"2025-08-24T15:42:54","guid":{"rendered":"https:\/\/www.europesays.com\/no\/16856\/"},"modified":"2025-08-24T15:42:54","modified_gmt":"2025-08-24T15:42:54","slug":"mener-blindern-okonomene-bommer-spetalen-ber-store-stille-til-debatt","status":"publish","type":"post","link":"https:\/\/www.europesays.com\/no\/16856\/","title":{"rendered":"Mener Blindern-\u00f8konomene bommer: Spetalen ber St\u00f8re stille til debatt"},"content":{"rendered":"<p>\u2013 Jeg ser at statsminister Jonas Gahr St\u00f8re \u00f8ko-shamer meg offentlig, sier investor \u00d8ystein Stray Spetalen til <a href=\"https:\/\/www.nettavisen.no\/nyheter\/oystein-stray-spetalen-utfordrer-store-til-debatt\/s\/5-95-2580102\" target=\"_blank\" rel=\"nofollow noopener\">Nettavisen.<\/a><\/p>\n<p>Han inviterer n\u00e5 St\u00f8re til en direkte debatt om norsk \u00f8konomi.<\/p>\n<p>\u2013 Jeg utfordrer St\u00f8re til en debatt om \u00f8konomi og fremtiden for norsk \u00f8konomi live i Nettavisen, n\u00e5r som helst.<\/p>\n<p>Bakgrunnen er at St\u00f8re torsdag avviste Spetalens gjentatte p\u00e5stander om at en gjennomsnittsfamilie har blitt kraftig fattigere under hans regjering.<\/p>\n<p>\u2013 H\u00f8yresiden og Spetalen-flokkens side har fremmet p\u00e5stander om norsk \u00f8konomi som ikke holder vann. Det er tilbakevist, delvis av SSB og delvis av \u00f8konomer som piller regnskapene fra hverandre, sa statsministeren.<\/p>\n<p class=\"subhead\" data-element-type=\"subhead\" data-element-label=\"Mellomtittel\">Uenige om kj\u00f8pekraften<\/p>\n<p>Spetalen har flere ganger hevdet at norske husholdninger har f\u00e5tt betydelig d\u00e5rligere r\u00e5d, i sommer sa han 30 prosent, i sin podcast \u00abGutta\u00bb snakket han om 25 prosent. Han peker p\u00e5 \u00f8kt prisvekst og svak krone som forklaring.<\/p>\n<p>Tall fra SSB viser derimot at nordmenn i gjennomsnitt har omtrent samme kj\u00f8pekraft n\u00e5 som da St\u00f8re tiltr\u00e5dte.<\/p>\n<p>Spetalen avviser konklusjonene fra \u00f8konomene.<\/p>\n<p>\u2013 For makro\u00f8konomer utdannet p\u00e5 Blindern stemmer sjelden kartet og terrenget. Derfor blir konklusjonene nesten alltid feil, sier Spetalen.<\/p>\n","protected":false},"excerpt":{"rendered":"\u2013 Jeg ser at statsminister Jonas Gahr St\u00f8re \u00f8ko-shamer meg offentlig, sier investor \u00d8ystein Stray Spetalen til Nettavisen.&hellip;\n","protected":false},"author":2,"featured_media":16857,"comment_status":"","ping_status":"","sticky":false,"template":"","format":"standard","meta":{"footnotes":""},"categories":[5],"tags":[20,21,24,25,15,19,201,22,23,17,18,13,30,28,29,14,16,26,27],"class_list":{"0":"post-16856","1":"post","2":"type-post","3":"status-publish","4":"format-standard","5":"has-post-thumbnail","7":"category-overskrifter","8":"tag-breaking-news","9":"tag-breakingnews","10":"tag-featured-news","11":"tag-featurednews","12":"tag-headlines","13":"tag-hovedoppslag","14":"tag-jonas-gahr-store","15":"tag-latest-news","16":"tag-latestnews","17":"tag-main-news","18":"tag-mainnews","19":"tag-news","20":"tag-no","21":"tag-norge","22":"tag-norway","23":"tag-nyheter","24":"tag-overskrifter","25":"tag-top-stories","26":"tag-topstories"},"share_on_mastodon":{"url":"","error":""},"_links":{"self":[{"href":"https:\/\/www.europesays.com\/no\/wp-json\/wp\/v2\/posts\/16856","targetHints":{"allow":["GET"]}}],"collection":[{"href":"https:\/\/www.europesays.com\/no\/wp-json\/wp\/v2\/posts"}],"about":[{"href":"https:\/\/www.europesays.com\/no\/wp-json\/wp\/v2\/types\/post"}],"author":[{"embeddable":true,"href":"https:\/\/www.europesays.com\/no\/wp-json\/wp\/v2\/users\/2"}],"replies":[{"embeddable":true,"href":"https:\/\/www.europesays.com\/no\/wp-json\/wp\/v2\/comments?post=16856"}],"version-history":[{"count":0,"href":"https:\/\/www.europesays.com\/no\/wp-json\/wp\/v2\/posts\/16856\/revisions"}],"wp:featuredmedia":[{"embeddable":true,"href":"https:\/\/www.europesays.com\/no\/wp-json\/wp\/v2\/media\/16857"}],"wp:attachment":[{"href":"https:\/\/www.europesays.com\/no\/wp-json\/wp\/v2\/media?parent=16856"}],"wp:term":[{"taxonomy":"category","embeddable":true,"href":"https:\/\/www.europesays.com\/no\/wp-json\/wp\/v2\/categories?post=16856"},{"taxonomy":"post_tag","embeddable":true,"href":"https:\/\/www.europesays.com\/no\/wp-json\/wp\/v2\/tags?post=16856"}],"curies":[{"name":"wp","href":"https:\/\/api.w.org\/{rel}","templated":true}]}}