{"id":16860,"date":"2025-08-24T15:49:09","date_gmt":"2025-08-24T15:49:09","guid":{"rendered":"https:\/\/www.europesays.com\/no\/16860\/"},"modified":"2025-08-24T15:49:09","modified_gmt":"2025-08-24T15:49:09","slug":"lavrov-avviser-planer-om-mote-mellom-putin-og-zelenskyj","status":"publish","type":"post","link":"https:\/\/www.europesays.com\/no\/16860\/","title":{"rendered":"Lavrov avviser planer om m\u00f8te mellom Putin og Zelenskyj"},"content":{"rendered":"\n<p class=\"_lead_1bvmi_2 _lead_xtcu6_50 layout-component text-serif-m layout-normal text-serif-l layout-component layout-wide layout-padded _wide_17hqh_1 layout-padded\">Stiller krav om Nato-nei for Ukraina.<\/p>\n<p><img alt=\"Russlands utenriksminister Sergej Lavrov. Foto: Alexander Zemlianichenko \/ Reuters \/ NTB\" class=\"_image_qp4xg_65 layout-component layout-wide\" data-fullscreen- data-track-element-type=\"Article image fullscreen\" data-track-name=\"ImageFullscreen\" fetchpriority=\"high\" decoding=\"sync\" loading=\"eager\" height=\"5260\" itemprop=\"image\"  src=\"https:\/\/www.europesays.com\/no\/wp-content\/uploads\/2025\/08\/c9148a61-79bd-4bb5-a786-b0a63db1a605\"  style=\"object-position:0% 0%\" width=\"7889\"\/>Russlands utenriksminister Sergej Lavrov. Foto: Alexander Zemlianichenko \/ Reuters \/ NTB<\/p>\n<ul aria-hidden=\"true\" class=\"_images_1y6fe_106\">\n<li><a class=\"_link_1y6fe_111\" href=\"https:\/\/www.vg.no\/forfatter\/einar-torkelsen\" style=\"z-index:1\" title=\"Einar Torkelsen\" rel=\"nofollow noopener\" target=\"_blank\"><img alt=\"Bilde av Einar Torkelsen\" class=\"_image_1y6fe_88\" fetchpriority=\"low\" loading=\"lazy\" decoding=\"async\" itemprop=\"image\"  src=\"https:\/\/www.europesays.com\/no\/wp-content\/uploads\/2025\/08\/1756050549_342_f6016772-ddbc-43d2-b733-41afc7cc9046\"  width=\"480\"\/><\/a><\/li>\n<\/ul>\n<p> Oppdatert s\u00f8ndag 24. august kl. 17:28     <\/p>\n<p class=\"_paragraph_1bvmi_4 _paragraph_xtcu6_10 layout-component text-serif-m layout-normal text-serif-m layout-padded\"><a href=\"https:\/\/www.vg.no\/tag\/russland?utm_source=vg-article&amp;utm_medium=auto-tagger&amp;utm_campaign=vgMrzp\" class=\"_link_1bvmi_39\" rel=\"nofollow noopener\" target=\"_blank\">Russlands<\/a> utenriksminister Sergej Lavrov ble fredag intervjuet av NBC News. Intervjuet ble publisert p\u00e5 s\u00f8ndag. <\/p>\n<p class=\"_paragraph_1bvmi_4 _paragraph_xtcu6_10 layout-component text-serif-m layout-normal text-serif-m layout-padded\">I intervjuet avviser Lavrov at det planlegges et m\u00f8te mellom president Vladimir Putin og Ukrainas president Volodymyr Zelenskyj. <\/p>\n<p class=\"_paragraph_1bvmi_4 _paragraph_xtcu6_10 layout-component text-serif-m layout-normal text-serif-m layout-padded\">Det til tross for at USAs president Donald Trump tidligere har kunngjort at de <a href=\"https:\/\/www.vg.no\/nyheter\/i\/B08gJG\/russland-ukraina-moete-mellom-putin-og-zelenskyj\" data-track-element-type=\"Link\" data-track-id=\"link:B08gJG\" class=\"_link_1bvmi_39\" rel=\"nofollow noopener\" target=\"_blank\">jobber med \u00e5 f\u00e5 til et slikt m\u00f8te. <\/a><\/p>\n<p class=\"_paragraph_1bvmi_4 _paragraph_xtcu6_10 layout-component text-serif-m layout-normal layout-padded\"><strong class=\"_strong_1bvmi_25\">Les ogs\u00e5:<\/strong> <a href=\"https:\/\/www.vg.no\/i\/Gydv0V\" data-track-element-type=\"Link\" data-track-id=\"link:Gydv0V\" class=\"_link_1bvmi_39\" rel=\"nofollow noopener\" target=\"_blank\">Vance: Europa m\u00e5 st\u00e5 for mesteparten av sikkerhetsgarantiene<\/a><\/p>\n<p>Utelukker ikke<\/p>\n<p class=\"_paragraph_1bvmi_4 _paragraph_xtcu6_10 layout-component text-serif-m layout-normal text-serif-m layout-padded\">Han utelukker likevel ikke at et slikt m\u00f8te kan finne sted, og sier at Putin er \u00abklar for \u00e5 m\u00f8te Zelenskyj\u00bb, gitt at et slikt m\u00f8te \u00abfaktisk kommer til \u00e5 avgj\u00f8re noe\u00bb. <\/p>\n<p><img alt=\"Brannmenn p\u00e5 jobb etter et russisk angrep i Ukraina 21. august.  Foto: Roman Baluk \/ Reuters \/ NTB\" class=\"_image_qp4xg_65 layout-component layout-normal\" data-fullscreen- data-track-element-type=\"Article image fullscreen\" data-track-name=\"ImageFullscreen\" decoding=\"async\" loading=\"lazy\" height=\"3558\" itemprop=\"image\"  src=\"https:\/\/www.europesays.com\/no\/wp-content\/uploads\/2025\/08\/4944e204-bdc7-46c8-8f9c-8c1e0c094bd7\"  style=\"object-position:0% 0%\" width=\"5052\"\/>Brannmenn p\u00e5 jobb etter et russisk angrep i Ukraina 21. august.  Foto: Roman Baluk \/ Reuters \/ NTB<\/p>\n<p class=\"_paragraph_1bvmi_4 _paragraph_xtcu6_10 layout-component text-serif-m layout-normal text-serif-m layout-padded\">Utenriksministeren sier at Putin og Trump har diskutert sikkerhetsgarantier for Ukraina. <\/p>\n<p class=\"_paragraph_1bvmi_4 _paragraph_xtcu6_10 layout-component text-serif-m layout-normal layout-padded\"><strong class=\"_strong_1bvmi_25\">Les ogs\u00e5:<\/strong> <a href=\"https:\/\/www.vg.no\/i\/B08gJG\" data-track-element-type=\"Link\" data-track-id=\"link:B08gJG\" class=\"_link_1bvmi_39\" rel=\"nofollow noopener\" target=\"_blank\">Her kan Zelenskyj og Putin m\u00f8tes<\/a><\/p>\n<p>Krever Nato-nei<\/p>\n<p class=\"_paragraph_1bvmi_4 _paragraph_xtcu6_10 layout-component text-serif-m layout-normal text-serif-m layout-padded\">Lavrov sier at de er \u00e5pne for at en gruppe med land kan stille opp med sikkerhetsgarantier for Ukraina. <\/p>\n<p class=\"_paragraph_1bvmi_4 _paragraph_xtcu6_10 layout-component text-serif-m layout-normal text-serif-m layout-padded\">For eksempel land fra FNs sikkerhetsr\u00e5d, slik som USA, Frankrike og Storbritannia, i tillegg til land som Tyskland og Tyrkia. <\/p>\n<p class=\"_paragraph_1bvmi_4 _paragraph_xtcu6_10 layout-component text-serif-m layout-normal text-serif-m layout-padded\">Men if\u00f8lge Lavrov krever Russland ogs\u00e5 at Ukraina m\u00e5 v\u00e6re n\u00f8ytralt, og at landet ikke kan bli Nato-medlem.<\/p>\n<p class=\"_paragraph_1bvmi_4 _paragraph_xtcu6_10 layout-component text-serif-m layout-normal layout-padded\"><strong class=\"_strong_1bvmi_25\">Les ogs\u00e5:<\/strong> <a href=\"https:\/\/www.vg.no\/i\/2526MB\" data-track-element-type=\"Link\" data-track-id=\"link:2526MB\" class=\"_link_1bvmi_39\" rel=\"nofollow noopener\" target=\"_blank\">Ukraina tilbyr \u00e5 kj\u00f8pe amerikanske v\u00e5pen til nesten 1000 milliarder<\/a><\/p>\n","protected":false},"excerpt":{"rendered":"Stiller krav om Nato-nei for Ukraina. Russlands utenriksminister Sergej Lavrov. Foto: Alexander Zemlianichenko \/ Reuters \/ NTB Oppdatert&hellip;\n","protected":false},"author":2,"featured_media":16861,"comment_status":"","ping_status":"","sticky":false,"template":"","format":"standard","meta":{"footnotes":""},"categories":[5],"tags":[20,21,55,24,25,15,19,179,22,23,17,18,13,30,28,29,14,16,188,2670,26,27,489,186,488],"class_list":{"0":"post-16860","1":"post","2":"type-post","3":"status-publish","4":"format-standard","5":"has-post-thumbnail","7":"category-overskrifter","8":"tag-breaking-news","9":"tag-breakingnews","10":"tag-donald-trump","11":"tag-featured-news","12":"tag-featurednews","13":"tag-headlines","14":"tag-hovedoppslag","15":"tag-krigen-i-ukraina","16":"tag-latest-news","17":"tag-latestnews","18":"tag-main-news","19":"tag-mainnews","20":"tag-news","21":"tag-no","22":"tag-norge","23":"tag-norway","24":"tag-nyheter","25":"tag-overskrifter","26":"tag-russland","27":"tag-sergej-lavrov","28":"tag-top-stories","29":"tag-topstories","30":"tag-ukraina","31":"tag-vladimir-putin","32":"tag-volodymyr-zelenskyj"},"share_on_mastodon":{"url":"","error":""},"_links":{"self":[{"href":"https:\/\/www.europesays.com\/no\/wp-json\/wp\/v2\/posts\/16860","targetHints":{"allow":["GET"]}}],"collection":[{"href":"https:\/\/www.europesays.com\/no\/wp-json\/wp\/v2\/posts"}],"about":[{"href":"https:\/\/www.europesays.com\/no\/wp-json\/wp\/v2\/types\/post"}],"author":[{"embeddable":true,"href":"https:\/\/www.europesays.com\/no\/wp-json\/wp\/v2\/users\/2"}],"replies":[{"embeddable":true,"href":"https:\/\/www.europesays.com\/no\/wp-json\/wp\/v2\/comments?post=16860"}],"version-history":[{"count":0,"href":"https:\/\/www.europesays.com\/no\/wp-json\/wp\/v2\/posts\/16860\/revisions"}],"wp:featuredmedia":[{"embeddable":true,"href":"https:\/\/www.europesays.com\/no\/wp-json\/wp\/v2\/media\/16861"}],"wp:attachment":[{"href":"https:\/\/www.europesays.com\/no\/wp-json\/wp\/v2\/media?parent=16860"}],"wp:term":[{"taxonomy":"category","embeddable":true,"href":"https:\/\/www.europesays.com\/no\/wp-json\/wp\/v2\/categories?post=16860"},{"taxonomy":"post_tag","embeddable":true,"href":"https:\/\/www.europesays.com\/no\/wp-json\/wp\/v2\/tags?post=16860"}],"curies":[{"name":"wp","href":"https:\/\/api.w.org\/{rel}","templated":true}]}}