{"id":16866,"date":"2025-08-24T15:56:09","date_gmt":"2025-08-24T15:56:09","guid":{"rendered":"https:\/\/www.europesays.com\/no\/16866\/"},"modified":"2025-08-24T15:56:09","modified_gmt":"2025-08-24T15:56:09","slug":"frp-leder-sylvi-listhaug-advarer-om-sosialistisk-kaos-dersom-store-vinner-valget","status":"publish","type":"post","link":"https:\/\/www.europesays.com\/no\/16866\/","title":{"rendered":"Frp-leder Sylvi Listhaug advarer om \u00absosialistisk kaos\u00bb dersom St\u00f8re vinner valget"},"content":{"rendered":"\n<p class=\"_lead_1bvmi_2 _lead_xtcu6_50 layout-component text-serif-m layout-normal text-serif-l layout-component layout-wide layout-padded _wide_17hqh_1 layout-padded\">Arbeiderpartiet + Senterpartiet + SV + R\u00f8dt + MDG = kaos. Slik ser Frp-lederens regnestykke ut. <\/p>\n<p><img alt=\"Listhaug mener partileder-kollegaen har p\u00e5dratt seg en umulig oppgave, dersom han vinner valget.  Foto: G\u00f8ran Bohlin \/ VG\" class=\"_image_qp4xg_65 layout-component layout-wide\" data-fullscreen- data-track-element-type=\"Article image fullscreen\" data-track-name=\"ImageFullscreen\" fetchpriority=\"high\" decoding=\"sync\" loading=\"eager\" height=\"5504\" itemprop=\"image\"  src=\"https:\/\/www.europesays.com\/no\/wp-content\/uploads\/2025\/08\/59d9176c-be55-4c12-b7c6-dbf3036af9a5\"  style=\"object-position:0% 0%\" width=\"8256\"\/>Listhaug mener partileder-kollegaen har p\u00e5dratt seg en umulig oppgave, dersom han vinner valget.  Foto: G\u00f8ran Bohlin \/ VG<\/p>\n<ul aria-hidden=\"true\" class=\"_images_1y6fe_106\">\n<li><a class=\"_link_1y6fe_111\" href=\"https:\/\/www.vg.no\/forfatter\/live-tronstad\" style=\"z-index:1\" title=\"Live Tronstad\" rel=\"nofollow noopener\" target=\"_blank\"><img alt=\"Bilde av Live Tronstad\" class=\"_image_1y6fe_88\" fetchpriority=\"low\" loading=\"lazy\" decoding=\"async\" itemprop=\"image\"  src=\"https:\/\/www.europesays.com\/no\/wp-content\/uploads\/2025\/08\/1756050968_724_730bca66-e713-4274-9d1c-1222feeb3c7d\"  width=\"480\"\/><\/a><\/li>\n<\/ul>\n<p> Oppdatert s\u00f8ndag 24. august kl. 16:47    <\/p>\n<ul class=\"_list_1bvmi_3 _list_1flq1_85 _unordered_1bvmi_99 text-sans-m\">\n<li class=\"_item_1bvmi_30\">Frp-leder Sylvi Listhaug advarer om mulig \u00absosialistisk kaos\u00bb etter valget.<\/li>\n<li class=\"_item_1bvmi_30\">Hun kritiserer St\u00f8re for muligens \u00e5 m\u00e5tte samarbeide med partier som ikke vil snakke sammen.<\/li>\n<li class=\"_item_1bvmi_30\">St\u00f8re forsikrer at Ap ikke vil sette Nato-medlemsskapet, E\u00d8S-avtalen eller trygg \u00f8konomisk styring p\u00e5 spill.<\/li>\n<\/ul>\n<p>Vis mer <\/p>\n<p class=\"_paragraph_1bvmi_4 _paragraph_xtcu6_10 layout-component text-serif-m layout-normal text-serif-m layout-padded\">Dersom det blir r\u00f8dgr\u00f8nt flertall i stortingsvalget, vil Jonas Gahr St\u00f8re (Ap), etter alle solemerker, fortsette som statsminister. <\/p>\n<p class=\"_paragraph_1bvmi_4 _paragraph_xtcu6_10 layout-component text-serif-m layout-normal text-serif-m layout-padded\">Men om det g\u00e5r omtrent slik som det ser ut p\u00e5 m\u00e5lingene i dag, vil han v\u00e6re avhengig av alle partiene p\u00e5 venstresiden for \u00e5 sikre et flertall, inkludert R\u00f8dt og MDG. <\/p>\n<p class=\"_paragraph_1bvmi_4 _paragraph_xtcu6_10 layout-component text-serif-m layout-normal text-serif-m layout-padded\">Slik ser nemlig mandatfordelingenmandatfordelingenrefererer til hvordan setene i Stortinget fordeles mellom partiene basert p\u00e5 valgresultatene.<\/p>\n<p> ut p\u00e5 <a href=\"https:\/\/www.vg.no\/nyheter\/i\/4B22wR\/vgs-partimaaling-mdg-jubler-ap-faller\" data-track-element-type=\"Link\" data-track-id=\"link:4B22wR\" class=\"_link_1bvmi_39\" rel=\"nofollow noopener\" target=\"_blank\">VGs siste m\u00e5ling<\/a>: <\/p>\n<p class=\"_paragraph_1bvmi_4 _paragraph_xtcu6_10 layout-component text-serif-m layout-normal text-serif-m layout-padded\">Men \u00e5 klare \u00e5 samle de fem partiene om felles politikk, kan bli en h\u00e5rete oppgave for St\u00f8re. Partiene har nemlig stilt ulike og kostbare krav de siste ukene: <\/p>\n<ul class=\"_list_1bvmi_3 _list_xtcu6_9 _unordered_1bvmi_99 layout-component text-serif-m layout-normal text-serif-m layout-padded\">\n<li class=\"_item_1bvmi_30\"><strong class=\"_strong_1bvmi_25\">MDG<\/strong> har varslet at de <a href=\"https:\/\/www.aftenposten.no\/norge\/politikk\/i\/73216W\/mdg-vil-stenge-aatte-oljefelt\" class=\"_link_1bvmi_39\" rel=\"nofollow noopener\" target=\"_blank\">vil stenge \u00e5tte av de st\u00f8rste oljefeltene<\/a> i Nordsj\u00f8en innen 2030.<\/li>\n<li class=\"_item_1bvmi_30\"><strong class=\"_strong_1bvmi_25\">SV<\/strong>-leder Kirsti Bergst\u00f8 har stilt et\u00a0<a href=\"https:\/\/www.vg.no\/nyheter\/i\/632OL8\/sv-leder-kirsti-bergstoe-stiller-ultimatum-til-ap-om-oljefondet\" data-track-element-type=\"Link\" data-track-id=\"link:632OL8\" class=\"_link_1bvmi_39\" rel=\"nofollow noopener\" target=\"_blank\">ultimatum<\/a>\u00a0til St\u00f8re om at oljefondet m\u00e5 selge aksjer til en verdi av 143 milliarder kroner.<\/li>\n<li class=\"_item_1bvmi_30\"><strong class=\"_strong_1bvmi_25\">R\u00f8dt<\/strong> krever en styrking av velferden og vil sette av 20 milliarder kroner for \u00e5 <a href=\"https:\/\/www.vg.no\/nyheter\/i\/VzVWbd\/roedt-krever-samarbeid-vil-bruke-20-milliarder-paa-bemanning-i-velferden\" data-track-element-type=\"Link\" data-track-id=\"link:VzVWbd\" class=\"_link_1bvmi_39\" rel=\"nofollow noopener\" target=\"_blank\">styrke bemanningen i velferden<\/a>. De vil ha en forpliktende samarbeidsavtale p\u00e5 venstresiden. <\/li>\n<li class=\"_item_1bvmi_30\"><strong class=\"_strong_1bvmi_25\">Senterpartiet<\/strong> krever at <a href=\"https:\/\/www.vg.no\/nyheter\/i\/qP5E5z\/sp-krav-til-regjering-og-ap-samarbeid-maa-strupe-eksportkablene\" data-track-element-type=\"Link\" data-track-id=\"link:qP5E5z\" class=\"_link_1bvmi_39\" rel=\"nofollow noopener\" target=\"_blank\">krafteksporten til Europa stanses<\/a> n\u00e5r str\u00f8mprisen overskrider 50 \u00f8re. <\/li>\n<\/ul>\n<p class=\"_paragraph_1bvmi_4 _paragraph_xtcu6_10 layout-component text-serif-m layout-normal text-serif-m layout-padded\">P\u00e5 toppen av det hele <a href=\"https:\/\/www.nettavisen.no\/nekter-a-sitte-i-samme-rom\/s\/5-95-2569012\" class=\"_link_1bvmi_39\" rel=\"nofollow noopener\" target=\"_blank\">nekter <strong class=\"_strong_1bvmi_25\">Senterpartiet<\/strong> \u00e5 sitte i samme rom<\/a> som R\u00f8dt, SV og MDG for \u00e5 forhandle om statsbudsjett.<\/p>\n<p class=\"_paragraph_1bvmi_4 _paragraph_xtcu6_10 layout-component text-serif-m layout-normal text-serif-m layout-padded\"><strong class=\"_strong_1bvmi_25\">N\u00e5 advarer Sylvi Listhaug (Frp) om et \u00absosialistisk kaos\u00bb dersom det blir r\u00f8dgr\u00f8nt flertall etter valget.<\/strong><\/p>\n<p class=\"_paragraph_1bvmi_4 _paragraph_xtcu6_10 layout-component text-serif-m layout-normal text-serif-m layout-padded\">\u2013 Dette er oppskriften p\u00e5 utrygghet og et kaos vi aldri har sett maken til i Norge, sier Listhaug.<\/p>\n<p><img alt=\"Frp-leder og det-er-naturlig-at-det-st\u00f8rste-partiet-f\u00e5r-statsministeren-kandidat Sylvi Listhaug.   Foto: Lars Martin Hunstad \/ VG\" class=\"_image_qp4xg_65 layout-component layout-normal\" data-fullscreen- data-track-element-type=\"Article image fullscreen\" data-track-name=\"ImageFullscreen\" decoding=\"async\" loading=\"lazy\" height=\"5504\" itemprop=\"image\"  src=\"https:\/\/www.europesays.com\/no\/wp-content\/uploads\/2025\/08\/d69dff63-fd38-4d7a-811d-b28b9c8bc44b\"  style=\"object-position:0% 0%\" width=\"8256\"\/>Frp-leder og det-er-naturlig-at-det-st\u00f8rste-partiet-f\u00e5r-statsministeren-kandidat Sylvi Listhaug.   Foto: Lars Martin Hunstad \/ VG\u00abSosialistisk eksperiment\u00bb<\/p>\n<p class=\"_paragraph_1bvmi_4 _paragraph_xtcu6_10 layout-component text-serif-m layout-normal text-serif-m layout-padded\">\u2013 Vi h\u00f8rer St\u00f8re snakke mye om trygghet om dagen, men realiteten er at han kan bli avhengig av partier som ikke vil snakke sammen, politisere oljefondet og gamble bort v\u00e5re barns felles sparepenger, legge ned oljen\u00e6ringen og p\u00e5 toppen svekke v\u00e5r alles trygghet ved \u00e5 <a href=\"https:\/\/roedt.no\/hvorfor-ut-av-nato\" class=\"_link_1bvmi_39\" rel=\"nofollow noopener\" target=\"_blank\">melde Norge ut av NATO<\/a>, sier Listhaug. <\/p>\n<p class=\"_paragraph_1bvmi_4 _paragraph_xtcu6_10 layout-component text-serif-m layout-normal text-serif-m layout-padded\">Hun mener et stort samarbeid p\u00e5 venstresiden vil f\u00f8re til en omfattende venstredreining av norsk politikk.<\/p>\n<p class=\"_paragraph_1bvmi_4 _paragraph_xtcu6_10 layout-component text-serif-m layout-normal text-serif-m layout-padded\">Derfor kaller hun 8. september8. septemberValgdagen 2025 for et retningsvalg. <\/p>\n<p class=\"_paragraph_1bvmi_4 _paragraph_xtcu6_10 layout-component text-serif-m layout-normal text-serif-m layout-padded\">\u2013 Det er et valg mellom et sterkt Frp som gir folk mer frihet og \u00f8kt trygghet, og et sosialistisk eksperiment med Arbeiderpartiet som lever p\u00e5 SV, R\u00f8dt og MDGs n\u00e5de med all usikkerheten det inneb\u00e6rer for vanlige folks trygghet og fremtiden til AS Norge.<\/p>\n<p class=\"_paragraph_1bvmi_4 _paragraph_xtcu6_10 layout-component text-serif-m layout-normal text-serif-m layout-padded\">Det svarer statsminister Jonas Gahr St\u00f8re slik p\u00e5: <\/p>\n<p class=\"_paragraph_1bvmi_4 _paragraph_xtcu6_10 layout-component text-serif-m layout-normal text-serif-m layout-padded\">\u2013 Dette er et valg mellom en Arbeiderparti-regjering og en Frp-ledet borgerlig regjering. <\/p>\n<p> St\u00f8re: Tre ting er off the table<\/p>\n<p class=\"_paragraph_1bvmi_4 _paragraph_xtcu6_10 layout-component text-serif-m layout-normal text-serif-m layout-padded\">Statsministeren sier det tre ting som Arbeiderpartiet ikke kommer til \u00e5 sette p\u00e5 spill uansett hvem de samarbeider med: <\/p>\n<ol class=\"_list_1bvmi_3 _list_xtcu6_9 _ordered_1bvmi_79 layout-component text-serif-m layout-normal text-serif-m layout-padded\">\n<li class=\"_item_1bvmi_30\">Nato-medlemsskapet<\/li>\n<li class=\"_item_1bvmi_30\">E\u00d8S-avtalenE\u00d8S-avtalenen avtale som gir Norge tilgang til EUs indre marked, samtidig som Norge forplikter seg til \u00e5 f\u00f8lge mange av EUs regler og direktiver<\/li>\n<li class=\"_item_1bvmi_30\">Trygg \u00f8konomisk styring<\/li>\n<\/ol>\n<p class=\"_paragraph_1bvmi_4 _paragraph_xtcu6_10 layout-component text-serif-m layout-normal text-serif-m layout-padded\">\u2013 Vi skal lande trygge og ansvarlige budsjetter slik at prisveksten kan fortsette ned og renta kan g\u00e5 videre ned. <\/p>\n<p><img alt=\"Statsminister Jonas Gahr St\u00f8re (Ap) sier det er tre ting han ikke vil r\u00f8re, uansett hvem han m\u00e5 samarbeide med.   Foto: Fredrik Solstad \/ VG\" class=\"_image_qp4xg_65 layout-component layout-normal\" data-fullscreen- data-track-element-type=\"Article image fullscreen\" data-track-name=\"ImageFullscreen\" decoding=\"async\" loading=\"lazy\" height=\"4000\" itemprop=\"image\"  src=\"https:\/\/www.europesays.com\/no\/wp-content\/uploads\/2025\/08\/73d06920-2be5-4b51-a621-fa0b002134e8\"  style=\"object-position:0% 0%\" width=\"5441\"\/>Statsminister Jonas Gahr St\u00f8re (Ap) sier det er tre ting han ikke vil r\u00f8re, uansett hvem han m\u00e5 samarbeide med.   Foto: Fredrik Solstad \/ VG<\/p>\n<p class=\"_paragraph_1bvmi_4 _paragraph_xtcu6_10 layout-component text-serif-m layout-normal text-serif-m layout-padded\">Det mener han st\u00e5r i sterk kontrast til borgelig side \u00abder Frp vil reforhandle E\u00d8S-avtalen og har skattel\u00f8fter p\u00e5 over 150 milliarder150 milliarderDet er Arbeiderpartiet selv som har regnet seg frem til at Frps valgl\u00f8fter om skattekutt vil koste 150 milliarder kroner. Selv sier Frp at kuttene vil koste 81,4 milliarder kroner. \u00bb. <\/p>\n<p class=\"_paragraph_1bvmi_4 _paragraph_xtcu6_10 layout-component text-serif-m layout-normal text-serif-m layout-padded\">\u2013 Det vil bety \u00e9n ting: Uansvarlig pengebruk og \u00f8kt rente igjen. <a href=\"https:\/\/www.vg.no\/nyheter\/i\/gw8dGq\/stoere-foer-partilederdebatten-renten-vil-gaa-opp\" data-track-element-type=\"Link\" data-track-id=\"link:gw8dGq\" class=\"_link_1bvmi_39\" rel=\"nofollow noopener\" target=\"_blank\">Det er d\u00e5rlig for 2,2 millioner nordmenn<\/a> med l\u00e5n, og bedrifter i Norge som ogs\u00e5 betaler rente.<\/p>\n<p class=\"_paragraph_1bvmi_4 _paragraph_xtcu6_10 layout-component text-serif-m layout-normal text-serif-m layout-padded\">Og det er Listhaug, ikke overraskende, helt uenig i: <\/p>\n<p class=\"_paragraph_1bvmi_4 _paragraph_xtcu6_10 layout-component text-serif-m layout-normal text-serif-m layout-padded\">\u2013 Hele valgkampen har Arbeiderpartiet fors\u00f8kt \u00e5 tegne et feilaktig skremmebilde av Frps politikk, bare fordi v\u00e5r politikk gir vanlige folk \u00f8kt kj\u00f8pekraft etter fire tapte \u00e5r med St\u00f8re-regjeringen, som br\u00f8t sitt aller viktigste l\u00f8fte om at det skulle bli vanlige folks tur.<\/p>\n","protected":false},"excerpt":{"rendered":"Arbeiderpartiet + Senterpartiet + SV + R\u00f8dt + MDG = kaos. Slik ser Frp-lederens regnestykke ut. Listhaug mener&hellip;\n","protected":false},"author":2,"featured_media":16867,"comment_status":"","ping_status":"","sticky":false,"template":"","format":"standard","meta":{"footnotes":""},"categories":[5],"tags":[20,21,24,25,15,19,201,22,23,17,18,13,30,28,29,14,16,199,200,26,27],"class_list":{"0":"post-16866","1":"post","2":"type-post","3":"status-publish","4":"format-standard","5":"has-post-thumbnail","7":"category-overskrifter","8":"tag-breaking-news","9":"tag-breakingnews","10":"tag-featured-news","11":"tag-featurednews","12":"tag-headlines","13":"tag-hovedoppslag","14":"tag-jonas-gahr-store","15":"tag-latest-news","16":"tag-latestnews","17":"tag-main-news","18":"tag-mainnews","19":"tag-news","20":"tag-no","21":"tag-norge","22":"tag-norway","23":"tag-nyheter","24":"tag-overskrifter","25":"tag-stortingsvalg","26":"tag-sylvi-listhaug","27":"tag-top-stories","28":"tag-topstories"},"share_on_mastodon":{"url":"","error":""},"_links":{"self":[{"href":"https:\/\/www.europesays.com\/no\/wp-json\/wp\/v2\/posts\/16866","targetHints":{"allow":["GET"]}}],"collection":[{"href":"https:\/\/www.europesays.com\/no\/wp-json\/wp\/v2\/posts"}],"about":[{"href":"https:\/\/www.europesays.com\/no\/wp-json\/wp\/v2\/types\/post"}],"author":[{"embeddable":true,"href":"https:\/\/www.europesays.com\/no\/wp-json\/wp\/v2\/users\/2"}],"replies":[{"embeddable":true,"href":"https:\/\/www.europesays.com\/no\/wp-json\/wp\/v2\/comments?post=16866"}],"version-history":[{"count":0,"href":"https:\/\/www.europesays.com\/no\/wp-json\/wp\/v2\/posts\/16866\/revisions"}],"wp:featuredmedia":[{"embeddable":true,"href":"https:\/\/www.europesays.com\/no\/wp-json\/wp\/v2\/media\/16867"}],"wp:attachment":[{"href":"https:\/\/www.europesays.com\/no\/wp-json\/wp\/v2\/media?parent=16866"}],"wp:term":[{"taxonomy":"category","embeddable":true,"href":"https:\/\/www.europesays.com\/no\/wp-json\/wp\/v2\/categories?post=16866"},{"taxonomy":"post_tag","embeddable":true,"href":"https:\/\/www.europesays.com\/no\/wp-json\/wp\/v2\/tags?post=16866"}],"curies":[{"name":"wp","href":"https:\/\/api.w.org\/{rel}","templated":true}]}}