{"id":168667,"date":"2026-02-20T11:27:08","date_gmt":"2026-02-20T11:27:08","guid":{"rendered":"https:\/\/www.europesays.com\/no\/168667\/"},"modified":"2026-02-20T11:27:08","modified_gmt":"2026-02-20T11:27:08","slug":"frida-karlsson-har-fatt-forkjolelsessymptomer-for-femmila","status":"publish","type":"post","link":"https:\/\/www.europesays.com\/no\/168667\/","title":{"rendered":"Frida Karlsson har f\u00e5tt forkj\u00f8lelsessymptomer f\u00f8r femmila"},"content":{"rendered":"\n<p class=\"_lead_o9xde_2 _lead_6fko5_53 layout-component text-serif-m layout-normal text-serif-l layout-component layout-wide layout-padded _wide_17hqh_1 layout-padded\">Den svenske OL-dronningen Frida Karlsson (26) har f\u00e5tt forkj\u00f8lelsessymptomer f\u00f8r OLs siste \u00f8velse. <\/p>\n<p>Frida Karlsson har tatt to gull og ett s\u00f8lv p\u00e5 tre l\u00f8p i OL. Her fra stafettnedturen da Norge tok gullet.  Foto: Bj\u00f8rn S. Delebekk \/ VG<\/p>\n<p>Rapporterer fra Val di Fiemme, Italia Oppdatert fredag 20. februar kl. 11:23    <\/p>\n<ul class=\"_list_o9xde_3 _list_64s2r_85 _unordered_o9xde_106 text-sans-m\">\n<li class=\"_item_o9xde_30\">Frida Karlsson har f\u00e5tt milde forkj\u00f8lelsessymptomer f\u00f8r OLs siste \u00f8velse og st\u00e5r over trening.<\/li>\n<li class=\"_item_o9xde_30\">Karlsson er tatt ut til s\u00f8ndagens femmil sammen med Ebba Andersson, Emma Ribom og Jonna Sundling.<\/li>\n<li class=\"_item_o9xde_30\">Linn Svahn har allerede reist hjem fra OL p\u00e5 grunn av sykdom.<\/li>\n<li class=\"_item_o9xde_30\">Sverige mangler reserver om Karlsson ikke skulle bli klar.<\/li>\n<\/ul>\n<p>Vis mer <\/p>\n<p class=\"_paragraph_o9xde_4 _paragraph_6fko5_10 layout-component text-serif-m layout-normal text-serif-m layout-padded\">\u2013 Frida Karlsson f\u00f8lte seg litt usikker med milde symptomer i morges og avventer trening inntil videre, skriver det svenske forbundet i en pressemelding.<\/p>\n<p class=\"_paragraph_o9xde_4 _paragraph_6fko5_10 layout-component text-serif-m layout-normal text-serif-m layout-padded\">Videre blir det opplyst at Karlsson har milde forkj\u00f8lelsessymptomer.<\/p>\n<p class=\"_paragraph_o9xde_4 _paragraph_6fko5_10 layout-component text-serif-m layout-normal text-serif-m layout-padded\">Fredag formiddag tok svenskene ut sine lag til langrennsl\u00f8pernes siste \u00f8velse, femmila. <\/p>\n<p class=\"_paragraph_o9xde_4 _paragraph_6fko5_10 layout-component text-serif-m layout-normal text-serif-m layout-padded\">Frida Karlsson er tatt ut sammen med Ebba Andersson, Emma Ribom og Jonna Sundling til s\u00f8ndagens renn.s\u00f8ndagens renn.Starter kl. 10.<\/p>\n<p class=\"_paragraph_o9xde_4 _paragraph_6fko5_10 layout-component text-serif-m layout-normal text-serif-m layout-padded\">Like etter kom meldingen om at Karlsson st\u00e5r over trening p\u00e5 grunn av sykdomssymptomer.<\/p>\n<p class=\"_paragraph_o9xde_4 _paragraph_6fko5_10 layout-component text-serif-m layout-normal text-serif-m layout-padded\">Sprintvinner Linn Svahn har slitt med sykdom og har allerede reist hjem fra OL. Hun har v\u00e6rt isolert p\u00e5 hotellrommet siden mandag, skriver Aftonbladet.<\/p>\n<p class=\"_paragraph_o9xde_4 _paragraph_6fko5_10 layout-component text-serif-m layout-normal text-serif-m layout-padded\">\u2013 Linn Svahn la ut et bilde p\u00e5 sosiale medier dagen f\u00f8r hun ble syk tidligere i mesterskapet. P\u00e5 det bildet satt hun sammen med Karlsson. Jeg tenkte mitt da jeg s\u00e5 det. Det er kjempekjipt, sier NRK-ekspert P\u00e5l Golberg til VG.<\/p>\n<p class=\"_paragraph_o9xde_4 _paragraph_6fko5_10 layout-component text-serif-m layout-normal text-serif-m layout-padded\">\u2013 Det trenger ikke v\u00e6re alvorlig, men v\u00e5kner man med et forkj\u00f8lelsesvirus i kroppen, s\u00e5 er det sjelden at det bl\u00e5ser bort uten at det er noe, vurderer han.<\/p>\n<p class=\"_paragraph_o9xde_4 _paragraph_6fko5_10 layout-component text-serif-m layout-normal text-serif-m layout-padded\">I tillegg til Svahn har ogs\u00e5 Moa Ilar forlatt troppen. Sverige st\u00e5r dermed uten reserver dersom Karlsson ikke skulle bli klar.<\/p>\n<p><img decoding=\"async\" alt=\"Bilde av P\u00e5l Golberg\" class=\"_image_148z4_25\" height=\"27\" itemprop=\"image\" loading=\"lazy\"  src=\"https:\/\/www.europesays.com\/no\/wp-content\/uploads\/2026\/02\/3d0b5611-3d3f-4f37-9194-4f85dbd4db5a.jpeg\"  width=\"40\"\/><strong class=\"_name_148z4_34 title-serif-xs\">P\u00e5l Golberg<\/strong><\/p>\n<p class=\"_paragraph_o9xde_4 _paragraph_6fko5_10 layout-component text-serif-m layout-normal text-serif-m layout-padded\">Han er klar p\u00e5 at Karlsson p\u00e5 en m\u00e5te ikke har noe \u00e5 tape med \u00e5 stille p\u00e5 start p\u00e5 femmila. For den svenske stjernen har allerede to individuelle gull og har vunnet dem begge p\u00e5 overlegent vis.<\/p>\n<p class=\"_paragraph_o9xde_4 _paragraph_6fko5_10 layout-component text-serif-m layout-normal text-serif-m layout-padded\">\u2013 De l\u00f8pene har v\u00e6rt ut av en annen verden og hun har ikke noe \u00e5 bevise. Men det er nok superbittert ogs\u00e5. Hun har jo tunet alt inn mot dette mesterskapet, sier han.<\/p>\n<p class=\"_paragraph_o9xde_4 _paragraph_6fko5_10 layout-component text-serif-m layout-normal text-serif-m layout-padded\">Karlsson er ogs\u00e5 regjerende verdensmester p\u00e5 distansen etter gullet i Trondheim:<\/p>\n<p class=\"_paragraph_o9xde_4 _paragraph_6fko5_10 layout-component text-serif-m layout-normal text-serif-m layout-padded\">De svenske langrennsdamene har dominert i lekene med fire av fem mulige gull, og syv av ni gull p\u00e5 de individuelle \u00f8velsene.<\/p>\n<ul class=\"_list_o9xde_3 _list_6fko5_9 _unordered_o9xde_106 layout-component text-serif-m layout-normal text-serif-m layout-padded\">\n<li class=\"_item_o9xde_30\">Hos herrene har det <a href=\"https:\/\/www.vg.no\/sport\/i\/5pGavO\/desperasjon-i-svensk-herrelangrenn-foer-femmila-kaotisk-er-et-bra-ord\" data-track-element-type=\"Link\" data-track-id=\"link:5pGavO\" class=\"_link_o9xde_39\" rel=\"nofollow noopener\" target=\"_blank\">sett helt annerledes ut<\/a>.<\/li>\n<\/ul>\n<p class=\"_paragraph_o9xde_4 _paragraph_6fko5_10 layout-component text-serif-m layout-normal text-serif-m layout-padded\">Heidi Weng, Astrid \u00d8yre Slind, Karoline Simpson-Larsen og Kristin Austgulen Fosn\u00e6s er Norges lag p\u00e5 femmila.<\/p>\n","protected":false},"excerpt":{"rendered":"Den svenske OL-dronningen Frida Karlsson (26) har f\u00e5tt forkj\u00f8lelsessymptomer f\u00f8r OLs siste \u00f8velse. Frida Karlsson har tatt to&hellip;\n","protected":false},"author":2,"featured_media":168668,"comment_status":"","ping_status":"","sticky":false,"template":"","format":"standard","meta":{"footnotes":"","_share_on_mastodon":"0"},"categories":[59],"tags":[2907,7689,5413,795,15013,796,30,28,29,10469,6236,83,82],"class_list":["post-168667","post","type-post","status-publish","format-standard","has-post-thumbnail","category-sport","tag-ebba-andersson","tag-frida-karlsson","tag-heidi-weng","tag-jonna-sundling","tag-karoline-simpson-larsen","tag-linn-svahn","tag-no","tag-norge","tag-norway","tag-ol-2026","tag-pal-golberg","tag-sport","tag-sports"],"share_on_mastodon":{"url":"https:\/\/pubeurope.com\/@no\/116102722189667205","error":""},"_links":{"self":[{"href":"https:\/\/www.europesays.com\/no\/wp-json\/wp\/v2\/posts\/168667","targetHints":{"allow":["GET"]}}],"collection":[{"href":"https:\/\/www.europesays.com\/no\/wp-json\/wp\/v2\/posts"}],"about":[{"href":"https:\/\/www.europesays.com\/no\/wp-json\/wp\/v2\/types\/post"}],"author":[{"embeddable":true,"href":"https:\/\/www.europesays.com\/no\/wp-json\/wp\/v2\/users\/2"}],"replies":[{"embeddable":true,"href":"https:\/\/www.europesays.com\/no\/wp-json\/wp\/v2\/comments?post=168667"}],"version-history":[{"count":0,"href":"https:\/\/www.europesays.com\/no\/wp-json\/wp\/v2\/posts\/168667\/revisions"}],"wp:featuredmedia":[{"embeddable":true,"href":"https:\/\/www.europesays.com\/no\/wp-json\/wp\/v2\/media\/168668"}],"wp:attachment":[{"href":"https:\/\/www.europesays.com\/no\/wp-json\/wp\/v2\/media?parent=168667"}],"wp:term":[{"taxonomy":"category","embeddable":true,"href":"https:\/\/www.europesays.com\/no\/wp-json\/wp\/v2\/categories?post=168667"},{"taxonomy":"post_tag","embeddable":true,"href":"https:\/\/www.europesays.com\/no\/wp-json\/wp\/v2\/tags?post=168667"}],"curies":[{"name":"wp","href":"https:\/\/api.w.org\/{rel}","templated":true}]}}