{"id":16868,"date":"2025-08-24T15:57:09","date_gmt":"2025-08-24T15:57:09","guid":{"rendered":"https:\/\/www.europesays.com\/no\/16868\/"},"modified":"2025-08-24T15:57:09","modified_gmt":"2025-08-24T15:57:09","slug":"ny-kjempetriumf-for-uno-x-soren-waerenskjold-vant-tyskland-rundt","status":"publish","type":"post","link":"https:\/\/www.europesays.com\/no\/16868\/","title":{"rendered":"Ny kjempetriumf for Uno-X \u2013 S\u00f8ren W\u00e6renskjold vant Tyskland rundt"},"content":{"rendered":"\n<p class=\"_lead_1bvmi_2 _lead_xtcu6_50 layout-component text-serif-m layout-normal text-serif-l layout-component layout-wide layout-padded _wide_17hqh_1 layout-padded\">S\u00f8ren W\u00e6renskjold forsvarte ledelsen p\u00e5 avslutningsetappen og gikk s\u00f8ndag til topps i etapperittet Tyskland rundt sammenlagt.<\/p>\n<p> <img class=\"_image_qp4xg_65 layout-component layout-wide\" data-fullscreen- data-track-element-type=\"Article image fullscreen\" data-track-name=\"ImageFullscreen\" fetchpriority=\"high\" decoding=\"sync\" loading=\"eager\" height=\"57\" itemprop=\"image\"  src=\"https:\/\/www.europesays.com\/no\/wp-content\/uploads\/2025\/08\/3c3f664bedd08e00c719aa82494db32b.jpg\"  style=\"object-position:50% 50%;aspect-ratio:1.75;height:auto;object-fit:cover;width:100%\" width=\"102\"\/>  <\/p>\n<ul aria-hidden=\"true\" class=\"_images_1y6fe_106\">\n<li><a class=\"_link_1y6fe_111\" href=\"https:\/\/www.vg.no\/forfatter\/ntb\" style=\"z-index:1\" title=\"NTB\" rel=\"nofollow noopener\" target=\"_blank\"><img alt=\"Bilde av NTB\" class=\"_image_1y6fe_88\" fetchpriority=\"low\" loading=\"lazy\" decoding=\"async\" itemprop=\"image\"  src=\"https:\/\/www.europesays.com\/no\/wp-content\/uploads\/2025\/08\/1756051029_860_c33980b0-5d07-4027-84a1-813f90a7c8d6\"  width=\"480\"\/><\/a><\/li>\n<\/ul>\n<p> Oppdatert s\u00f8ndag 24. august kl. 17:55     <\/p>\n<p class=\"_paragraph_1bvmi_4 _paragraph_xtcu6_10 layout-component text-serif-m layout-normal text-serif-m layout-padded\">Uno-X-profilen hadde ti sekunder tilgode p\u00e5 den ecuadorianske UAE-stjernen Jhonatan Narvaez foran den fjerde og siste etappen fra Halle til Magdeburg.<\/p>\n<p class=\"_paragraph_1bvmi_4 _paragraph_xtcu6_10 layout-component text-serif-m layout-normal text-serif-m layout-padded\">Det forspranget tok W\u00e6renskjold godt vare p\u00e5 gjennom s\u00f8ndagens 163,7 kilometer som skulle tilbakelegges.<\/p>\n<p class=\"_paragraph_1bvmi_4 _paragraph_xtcu6_10 layout-component text-serif-m layout-normal text-serif-m layout-padded\"><a href=\"https:\/\/www.vg.no\/tag\/alexander-kristoff?utm_source=vg-article&amp;utm_medium=auto-tagger&amp;utm_campaign=W0EvWQ\" class=\"_link_1bvmi_39\" rel=\"nofollow noopener\" target=\"_blank\">Alexander Kristoff<\/a> var ogs\u00e5 med i Tyskland rundt og fors\u00f8kte \u00e5 kjempe om etappeseieren p\u00e5 rittets siste dag, men fem kilometer f\u00f8r m\u00e5l gikk 38-\u00e5ringen i bakken.<\/p>\n<p class=\"_paragraph_1bvmi_4 _paragraph_xtcu6_10 layout-component text-serif-m layout-normal text-serif-m layout-padded\">P\u00e5 veien mot sammenlagtseieren tok W\u00e6renskjold ogs\u00e5 to etappeseire. L\u00f8rdag gikk mandalitten til topps etter at nederlandske Danny van Poppel ble deplassert etter uregelmesigheter i spurten.<\/p>\n<p class=\"_paragraph_1bvmi_4 _paragraph_xtcu6_10 layout-component text-serif-m layout-normal text-serif-m layout-padded\">W\u00e6renskjold har en brokete sesong bak seg. Han m\u00e5tte bryte Tour de France etter en velt. Den siste tiden har han imidlertid v\u00e6rt tilbake p\u00e5 sitt aller beste.<\/p>\n<p class=\"_paragraph_1bvmi_4 _paragraph_xtcu6_10 layout-component text-serif-m layout-normal text-serif-m layout-padded\">For en uke siden vant Uno-X-profilen en etappe i Danmark rundt, og i Tyskland har oppturen bare fortsatt.<\/p>\n<p class=\"_paragraph_1bvmi_4 _paragraph_xtcu6_10 layout-component text-serif-m layout-normal text-serif-m layout-padded\">S\u00f8ndagens sammenlagtseier er \u00e9n av de st\u00f8rste merittene i W\u00e6renskjolds karriere. Han har tidligere vunnet blant annet brosteinsrittet Omloop Nieuesblad og Belgia rundt.<\/p>\n","protected":false},"excerpt":{"rendered":"S\u00f8ren W\u00e6renskjold forsvarte ledelsen p\u00e5 avslutningsetappen og gikk s\u00f8ndag til topps i etapperittet Tyskland rundt sammenlagt. Oppdatert s\u00f8ndag&hellip;\n","protected":false},"author":2,"featured_media":16869,"comment_status":"","ping_status":"","sticky":false,"template":"","format":"standard","meta":{"footnotes":""},"categories":[59],"tags":[657,30,28,29,2746,83,82,408],"class_list":{"0":"post-16868","1":"post","2":"type-post","3":"status-publish","4":"format-standard","5":"has-post-thumbnail","7":"category-sport","8":"tag-alexander-kristoff","9":"tag-no","10":"tag-norge","11":"tag-norway","12":"tag-soren-waerenskjold","13":"tag-sport","14":"tag-sports","15":"tag-uno-x"},"share_on_mastodon":{"url":"","error":""},"_links":{"self":[{"href":"https:\/\/www.europesays.com\/no\/wp-json\/wp\/v2\/posts\/16868","targetHints":{"allow":["GET"]}}],"collection":[{"href":"https:\/\/www.europesays.com\/no\/wp-json\/wp\/v2\/posts"}],"about":[{"href":"https:\/\/www.europesays.com\/no\/wp-json\/wp\/v2\/types\/post"}],"author":[{"embeddable":true,"href":"https:\/\/www.europesays.com\/no\/wp-json\/wp\/v2\/users\/2"}],"replies":[{"embeddable":true,"href":"https:\/\/www.europesays.com\/no\/wp-json\/wp\/v2\/comments?post=16868"}],"version-history":[{"count":0,"href":"https:\/\/www.europesays.com\/no\/wp-json\/wp\/v2\/posts\/16868\/revisions"}],"wp:featuredmedia":[{"embeddable":true,"href":"https:\/\/www.europesays.com\/no\/wp-json\/wp\/v2\/media\/16869"}],"wp:attachment":[{"href":"https:\/\/www.europesays.com\/no\/wp-json\/wp\/v2\/media?parent=16868"}],"wp:term":[{"taxonomy":"category","embeddable":true,"href":"https:\/\/www.europesays.com\/no\/wp-json\/wp\/v2\/categories?post=16868"},{"taxonomy":"post_tag","embeddable":true,"href":"https:\/\/www.europesays.com\/no\/wp-json\/wp\/v2\/tags?post=16868"}],"curies":[{"name":"wp","href":"https:\/\/api.w.org\/{rel}","templated":true}]}}