{"id":168757,"date":"2026-02-20T13:15:06","date_gmt":"2026-02-20T13:15:06","guid":{"rendered":"https:\/\/www.europesays.com\/no\/168757\/"},"modified":"2026-02-20T13:15:06","modified_gmt":"2026-02-20T13:15:06","slug":"leteaksjoner-trysil-og-engerdal-helikopter-satt-inn-i-soket-etter-to-gutter-i-tenarene","status":"publish","type":"post","link":"https:\/\/www.europesays.com\/no\/168757\/","title":{"rendered":"Leteaksjoner, Trysil og Engerdal | Helikopter satt inn i s\u00f8ket etter to gutter i ten\u00e5rene"},"content":{"rendered":"\n<p>F\u00f8rste melding fra politiet kom kokken 12.09.\u00a0<\/p>\n<p>\u2013 Vi iverksetter et s\u00f8k etter to 17 \u00e5r gamle gutter som er p\u00e5 tur i nordre deler av Femunden, sier politiets operasjonsleder Vidar Flokenes.\u00a0<\/p>\n<p>Politiet samarbeider med Hovedredningssentralen i s\u00f8ket, og R\u00f8de Kors rykker ut med sn\u00f8skutere for \u00e5 iverksette s\u00f8k.\u00a0<\/p>\n<p>\u2013 Guttene er turvante og godt utstyrt for \u00e5 v\u00e6re lenge ute, men har ikke gitt lyd fra seg som planlagt, forteller Flokenes.<\/p>\n<p>Helikopter<\/p>\n<p>Omr\u00e5det det s\u00f8kes i er Gr\u00f8t\u00e5dalen.<\/p>\n<p>Om det skal kalles inn andre ressurser vurderes fortl\u00f8pende.\u00a0<\/p>\n<p>Klokken 13.24 meldte politiet at nettopp det er blitt gjort.<\/p>\n<p>\u2013 Det er satt inn et redningshelikopter fra \u00d8rlandet. Det er n\u00e5 p\u00e5 veg til omr\u00e5det for \u00e5 s\u00f8ke fra lufta, sier Flokenes.\u00a0<\/p>\n<p>Politiet sier til pressen at de ikke er veldig bekymret for guttene, men at de iverksetter s\u00f8k som et f\u00f8re var-tiltak.<\/p>\n<p>\u2013 V\u00e6rforholdene med \u00f8kende vind og sn\u00f8v\u00e6r utover kvelden gj\u00f8r ogs\u00e5 at det er gunstig \u00e5 iverksette et s\u00f8k n\u00e5.\u00a0<\/p>\n<p>Godt trent<\/p>\n<p>R\u00f8de Kors har rykket ut med tre korps som utgj\u00f8r fire personer.\u00a0<\/p>\n<p>Det er R\u00f8de Kors i Os, Tynset og Rendalen som bist\u00e5r i leteaksjonen etter guttene.<\/p>\n<p>Klokka 14.00 opplyser R\u00f8de Kors at ytterligere fem frivillige har reist ut. Dermed er det n\u00e5 ni personer fra R\u00f8de Kors som deltar.\u00a0<\/p>\n<p>\u2013 Dette er godt trente folk som kjenner omr\u00e5det, sier Liv Berit Karlsen, som er kommunikasjonsr\u00e5dgiver i R\u00f8de Kors.<\/p>\n<p>Hjelpekorpset er ute med tre sn\u00f8scootere.\u00a0<\/p>\n<p>Karlsen sier de er forberedt p\u00e5 \u00e5 sende ut flere om det blir behov for det.\u00a0<\/p>\n<p>\u2013 Det er mange i v\u00e5r organisasjon som n\u00e5 sitter klare og vil slippe alt de har i hendene for \u00e5 hjelpe til, sier hun.\u00a0<\/p>\n<p>Hun sier de er godt trent p\u00e5 situasjoner som dette.<\/p>\n<p>\u2013 Alle v\u00e5re folk har en sekk st\u00e5ende hjemme og alltid er klar for rykk. Vi har ogs\u00e5 scootere tilgjengelig, sier hun.\u00a0<\/p>\n<p>  <a data-static=\"\" href=\"#skip-\" class=\"brick-c-fgNmNC\">Hopp over karusellen.<\/a><\/p>\n<p data-static=\"\" class=\"brick-c-fgNmNC\" id=\"carousel-title-\">Innholdskarusell med 20 artikler.<\/p>\n<ul data-static=\"\" aria-label=\"Navigasjon for innholdskarusell\" class=\"carousel-nav\">\n<li>\n<\/li>\n<li>\n<\/li>\n<\/ul>\n","protected":false},"excerpt":{"rendered":"F\u00f8rste melding fra politiet kom kokken 12.09.\u00a0 \u2013 Vi iverksetter et s\u00f8k etter to 17 \u00e5r gamle gutter&hellip;\n","protected":false},"author":2,"featured_media":168758,"comment_status":"","ping_status":"","sticky":false,"template":"","format":"standard","meta":{"footnotes":"","_share_on_mastodon":"0"},"categories":[10],"tags":[36,20,21,8137,24,25,15,22,23,579,13,30,28,29,14,16,1510,26,27,7984],"class_list":["post-168757","post","type-post","status-publish","format-standard","has-post-thumbnail","category-norge","tag-art","tag-breaking-news","tag-breakingnews","tag-engerdal","tag-featured-news","tag-featurednews","tag-headlines","tag-latest-news","tag-latestnews","tag-leteaksjoner","tag-news","tag-no","tag-norge","tag-norway","tag-nyheter","tag-overskrifter","tag-story","tag-top-stories","tag-topstories","tag-trysil-og-engerdal"],"share_on_mastodon":{"url":"https:\/\/pubeurope.com\/@no\/116103146840951649","error":""},"_links":{"self":[{"href":"https:\/\/www.europesays.com\/no\/wp-json\/wp\/v2\/posts\/168757","targetHints":{"allow":["GET"]}}],"collection":[{"href":"https:\/\/www.europesays.com\/no\/wp-json\/wp\/v2\/posts"}],"about":[{"href":"https:\/\/www.europesays.com\/no\/wp-json\/wp\/v2\/types\/post"}],"author":[{"embeddable":true,"href":"https:\/\/www.europesays.com\/no\/wp-json\/wp\/v2\/users\/2"}],"replies":[{"embeddable":true,"href":"https:\/\/www.europesays.com\/no\/wp-json\/wp\/v2\/comments?post=168757"}],"version-history":[{"count":0,"href":"https:\/\/www.europesays.com\/no\/wp-json\/wp\/v2\/posts\/168757\/revisions"}],"wp:featuredmedia":[{"embeddable":true,"href":"https:\/\/www.europesays.com\/no\/wp-json\/wp\/v2\/media\/168758"}],"wp:attachment":[{"href":"https:\/\/www.europesays.com\/no\/wp-json\/wp\/v2\/media?parent=168757"}],"wp:term":[{"taxonomy":"category","embeddable":true,"href":"https:\/\/www.europesays.com\/no\/wp-json\/wp\/v2\/categories?post=168757"},{"taxonomy":"post_tag","embeddable":true,"href":"https:\/\/www.europesays.com\/no\/wp-json\/wp\/v2\/tags?post=168757"}],"curies":[{"name":"wp","href":"https:\/\/api.w.org\/{rel}","templated":true}]}}