{"id":16886,"date":"2025-08-24T16:17:11","date_gmt":"2025-08-24T16:17:11","guid":{"rendered":"https:\/\/www.europesays.com\/no\/16886\/"},"modified":"2025-08-24T16:17:11","modified_gmt":"2025-08-24T16:17:11","slug":"martin-odegaard-skadet-utsetter-signeringsarrangement","status":"publish","type":"post","link":"https:\/\/www.europesays.com\/no\/16886\/","title":{"rendered":"Martin \u00d8degaard skadet: Utsetter signeringsarrangement"},"content":{"rendered":"\n<p class=\"_lead_1bvmi_2 _lead_xtcu6_50 layout-component text-serif-m layout-normal text-serif-l layout-component layout-wide layout-padded _wide_17hqh_1 layout-padded\">Samtidig melder engelsk media om gode nyheter etter skaden mot Leeds. <\/p>\n<p> <img class=\"_image_qp4xg_65 layout-component layout-wide\" data-fullscreen- data-track-element-type=\"Article image fullscreen\" data-track-name=\"ImageFullscreen\" fetchpriority=\"high\" decoding=\"sync\" loading=\"eager\" height=\"102\" itemprop=\"image\"  src=\"https:\/\/www.europesays.com\/no\/wp-content\/uploads\/2025\/08\/ea037990958fee1b3a8a1747f85292f9.jpg\"  style=\"object-position:50% 50%;aspect-ratio:1.75;height:auto;object-fit:cover;width:100%\" width=\"102\"\/>  <\/p>\n<ul aria-hidden=\"true\" class=\"_images_1y6fe_106\">\n<li><a class=\"_link_1y6fe_111\" href=\"https:\/\/www.vg.no\/forfatter\/steffen-stenersen\" style=\"z-index:2\" title=\"Steffen Stenersen\" rel=\"nofollow noopener\" target=\"_blank\"><img alt=\"Bilde av Steffen Stenersen\" class=\"_image_1y6fe_88\" fetchpriority=\"low\" loading=\"lazy\" decoding=\"async\" itemprop=\"image\"  src=\"https:\/\/www.europesays.com\/no\/wp-content\/uploads\/2025\/08\/1756052230_993_53060b84-6e6f-4eee-9b23-952f524bbbf0\"  width=\"480\"\/><\/a><\/li>\n<li><a class=\"_link_1y6fe_111\" href=\"https:\/\/www.vg.no\/forfatter\/ntb\" style=\"z-index:1\" title=\"NTB\" rel=\"nofollow noopener\" target=\"_blank\"><img alt=\"Bilde av NTB\" class=\"_image_1y6fe_88\" fetchpriority=\"low\" loading=\"lazy\" decoding=\"async\" itemprop=\"image\"  src=\"https:\/\/www.europesays.com\/no\/wp-content\/uploads\/2025\/08\/1756052230_56_c33980b0-5d07-4027-84a1-813f90a7c8d6\"  width=\"480\"\/><\/a><\/li>\n<\/ul>\n<p> Oppdatert s\u00f8ndag 24. august kl. 18:14     <\/p>\n<p class=\"_paragraph_1bvmi_4 _paragraph_xtcu6_10 layout-component text-serif-m layout-normal text-serif-m layout-padded\">Nordmannen falt forkj\u00e6rt p\u00e5 skulderen etter 13 minutter i Premier League-oppgj\u00f8ret mot Leeds l\u00f8rdag og m\u00e5tte til slutt byttes ut senere i omgangen.<\/p>\n<p class=\"_paragraph_1bvmi_4 _paragraph_xtcu6_10 layout-component text-serif-m layout-normal text-serif-m layout-padded\"><a href=\"https:\/\/www.vg.no\/tag\/arsenal?utm_source=vg-article&amp;utm_medium=auto-tagger&amp;utm_campaign=MnK7vo\" class=\"_link_1bvmi_39\" rel=\"nofollow noopener\" target=\"_blank\">Arsenal<\/a>-trener Mikel Arteta hadde ikke et ordentlig svar p\u00e5 prognosene for \u00d8degaards skade kort tid etter kampslutt.<\/p>\n<p class=\"_paragraph_1bvmi_4 _paragraph_xtcu6_10 layout-component text-serif-m layout-normal text-serif-m layout-padded\">\u2013 Jeg har ingen anelse. Martin m\u00e5tte byttes ut. Jeg vet ikke hva skadeomfanget er, sa Arteta.<\/p>\n<p><img alt=\"Foto: Andrew Couldridge \/ Reuters \/ NTB\" class=\"_image_qp4xg_65 layout-component layout-normal\" data-fullscreen- data-track-element-type=\"Article image fullscreen\" data-track-name=\"ImageFullscreen\" decoding=\"async\" loading=\"lazy\" height=\"1555\" itemprop=\"image\"  src=\"https:\/\/www.europesays.com\/no\/wp-content\/uploads\/2025\/08\/3e6b968d-c981-490a-ad8c-06f727f00d29\"  style=\"object-position:0% 0%\" width=\"2215\"\/>Foto: Andrew Couldridge \/ Reuters \/ NTB<\/p>\n<p class=\"_paragraph_1bvmi_4 _paragraph_xtcu6_10 layout-component text-serif-m layout-normal text-serif-m layout-padded\">Det vil bli gjennomf\u00f8rt unders\u00f8kelser for \u00e5 kartlegge skaden som medf\u00f8rer at \u00d8degaard ikke f\u00e5r deltatt p\u00e5 et signeringsarrangement i The Armoury-butikken ved Arsenals stadion mandag. Det bekrefter klubben selv. <\/p>\n<p class=\"_paragraph_1bvmi_4 _paragraph_xtcu6_10 layout-component text-serif-m layout-normal text-serif-m layout-padded\">\u00abVi beklager eventuelle ulemper dette m\u00e5tte medf\u00f8re og vil komme tilbake med en oppdatering om ny dato og tidspunkt for hans spesielle opptreden s\u00e5 snart det er klart\u00bb<\/p>\n<p class=\"_paragraph_1bvmi_4 _paragraph_xtcu6_10 layout-component text-serif-m layout-normal text-serif-m layout-padded\">Samtidig skriver engelske The Times og The Athletic at hverken skaden til \u00d8degaard eller Bukayo Saka skal v\u00e6re langvarige. <\/p>\n<p class=\"_paragraph_1bvmi_4 _paragraph_xtcu6_10 layout-component text-serif-m layout-normal text-serif-m layout-padded\">\u00d8degaards skade er sv\u00e6rt d\u00e5rlig nytt for St\u00e5le Solbakken og Norge. Den norske landslagstreneren skal tirsdag ta ut landslagstroppen som skal m\u00f8te Moldova p\u00e5 Ullevaal i starten av september. 11. oktober venter et nytt hjemmeoppgj\u00f8r mot Israel.<\/p>\n<p class=\"_paragraph_1bvmi_4 _paragraph_xtcu6_10 layout-component text-serif-m layout-normal text-serif-m layout-padded\">VG har ikke lyktes med \u00e5 f\u00e5 en kommentar om skadeomfanget fra landslagsledelsen s\u00f8ndag. <\/p>\n","protected":false},"excerpt":{"rendered":"Samtidig melder engelsk media om gode nyheter etter skaden mot Leeds. Oppdatert s\u00f8ndag 24. august kl. 18:14 Nordmannen&hellip;\n","protected":false},"author":2,"featured_media":16209,"comment_status":"","ping_status":"","sticky":false,"template":"","format":"standard","meta":{"footnotes":""},"categories":[5],"tags":[328,20,21,24,25,15,19,22,23,17,18,181,13,30,28,29,14,16,26,27],"class_list":{"0":"post-16886","1":"post","2":"type-post","3":"status-publish","4":"format-standard","5":"has-post-thumbnail","7":"category-overskrifter","8":"tag-arsenal","9":"tag-breaking-news","10":"tag-breakingnews","11":"tag-featured-news","12":"tag-featurednews","13":"tag-headlines","14":"tag-hovedoppslag","15":"tag-latest-news","16":"tag-latestnews","17":"tag-main-news","18":"tag-mainnews","19":"tag-martin-odegaard","20":"tag-news","21":"tag-no","22":"tag-norge","23":"tag-norway","24":"tag-nyheter","25":"tag-overskrifter","26":"tag-top-stories","27":"tag-topstories"},"share_on_mastodon":{"url":"","error":""},"_links":{"self":[{"href":"https:\/\/www.europesays.com\/no\/wp-json\/wp\/v2\/posts\/16886","targetHints":{"allow":["GET"]}}],"collection":[{"href":"https:\/\/www.europesays.com\/no\/wp-json\/wp\/v2\/posts"}],"about":[{"href":"https:\/\/www.europesays.com\/no\/wp-json\/wp\/v2\/types\/post"}],"author":[{"embeddable":true,"href":"https:\/\/www.europesays.com\/no\/wp-json\/wp\/v2\/users\/2"}],"replies":[{"embeddable":true,"href":"https:\/\/www.europesays.com\/no\/wp-json\/wp\/v2\/comments?post=16886"}],"version-history":[{"count":0,"href":"https:\/\/www.europesays.com\/no\/wp-json\/wp\/v2\/posts\/16886\/revisions"}],"wp:featuredmedia":[{"embeddable":true,"href":"https:\/\/www.europesays.com\/no\/wp-json\/wp\/v2\/media\/16209"}],"wp:attachment":[{"href":"https:\/\/www.europesays.com\/no\/wp-json\/wp\/v2\/media?parent=16886"}],"wp:term":[{"taxonomy":"category","embeddable":true,"href":"https:\/\/www.europesays.com\/no\/wp-json\/wp\/v2\/categories?post=16886"},{"taxonomy":"post_tag","embeddable":true,"href":"https:\/\/www.europesays.com\/no\/wp-json\/wp\/v2\/tags?post=16886"}],"curies":[{"name":"wp","href":"https:\/\/api.w.org\/{rel}","templated":true}]}}