{"id":169001,"date":"2026-02-20T19:23:11","date_gmt":"2026-02-20T19:23:11","guid":{"rendered":"https:\/\/www.europesays.com\/no\/169001\/"},"modified":"2026-02-20T19:23:11","modified_gmt":"2026-02-20T19:23:11","slug":"blaker-johannes-dale-skjevdal-ol-gull-til-dale-skjevdal","status":"publish","type":"post","link":"https:\/\/www.europesays.com\/no\/169001\/","title":{"rendered":"Blaker, Johannes Dale-Skjevdal | OL-gull til Dale-Skjevdal"},"content":{"rendered":"\n<p>Johannes Dale-Skjevdal fra Blaker traff 20 av 20 blinker og gikk en knallgod 15 kilometer fellesstart.<\/p>\n<p>Det ga Dale-Skjevdal hans f\u00f8rste individuelle OL-gull. Han oppvokst i Blaker og representerer Fet Skiklubb.<\/p>\n<p>Dale-Skjevdal ble vraket fra stafetten tidligere i uka. Fredag tok 28-\u00e5ringen sitt f\u00f8rste individuelle OL-gull.<\/p>\n<p>  <a href=\"https:\/\/www.rb.no\/5-43-2672504\" class=\"related-teaser has-image article--c-MkAkR\" rel=\"nofollow noopener\" target=\"_blank\"><\/p>\n<p>    <img decoding=\"async\" width=\"155\"  loading=\"lazy\"  src=\"https:\/\/www.europesays.com\/no\/wp-content\/uploads\/2026\/02\/IMG_3744.jpg\" alt=\"\" class=\"brick-c-cFOWSL\" style=\"\"\/><\/p>\n<p>\n            Les ogs\u00e5<\/p>\n<p>            \u2013 Vi er nok mer nerv\u00f8se enn han er\n        <\/p>\n<p>  <\/a><br \/>\n  \u2013 Tom for ord<\/p>\n<p>\u2013 Jeg har g\u00e5sehud, jeg begynner nesten \u00e5 grine. Dette var s\u00e5 ekstremt bra gjort, han er ikke den som har v\u00e6rt i flest slike situasjoner, sier NRKs ekspert Johannes Thingnes B\u00f8.<\/p>\n<p>Br\u00f8drene B\u00f8 sa p\u00e5 TV at ordf\u00f8reren b\u00f8r sette opp en statue p\u00e5 Fetsund-brua. Det har ordf\u00f8reren i Lillestr\u00f8m kommune, Kjartan Berland, notert seg.\u00a0<\/p>\n<p>\u2013 Vi f\u00e5r vente p\u00e5 ny bro f\u00f8rst&#8230; Men dette er STORT. Gratulerer med OL-gull, Johannes Dale-Skjevdal, Fet Skiklubb og alle andre som har en liten del av denne fantastiske presentasjonen, skriver han p\u00e5 Facebook.<\/p>\n<p>   <img decoding=\"async\" width=\"7258\" height=\"4839\" fetchpriority=\"low\"  loading=\"lazy\"  src=\"https:\/\/www.europesays.com\/no\/wp-content\/uploads\/2026\/02\/NTB_vN4oNWNe4Rs.jpg\" alt=\"Anterselva, Italia 20260220. &#10;Johannes Dale-Skjevdal fra Norge under 15 km fellestart for menn i skiskyting under vinter-OL i Milano Cortina 2026.&#10;Foto: Heiko Junge \/ NTB\" class=\"brick-c-cFOWSL\" style=\"--brick-image-ratio: 7258 \/ 4839;\"\/><\/p>\n<p>      FULLTREFFER: For f\u00f8rste gang skj\u00f8t Johannes Dale-Skjevdal 20 treff.<br \/>\n      Foto: Heiko Junge\n    <\/p>\n<p>Det norske gullet til Dale-Skjevdal skriver historie. Gullet ble nemlig Norges 17. i disse vinterlekene.<\/p>\n<p>\u2013 Det f\u00e5r ikke blitt bedre. Jeg er tom for ord, sier den ferske olympiske mesteren til NRK.<\/p>\n<p>Han forteller at han f\u00f8lte seg bra i forkant av rennet.\u00a0<\/p>\n<p>\u2013 Det er utrolig mye f\u00f8lelser. En dr\u00f8m, rett og slett, smiler og gr\u00e5ter OL-vinneren om hverandre.<\/p>\n<p>   <img decoding=\"async\" width=\"5231\" height=\"3487\" fetchpriority=\"low\"  loading=\"lazy\"  src=\"https:\/\/www.europesays.com\/no\/wp-content\/uploads\/2026\/02\/NTB_ekUzslwDxo8.jpg\" alt=\"Anterselva, Italia 20260220. &#10;Sturla Holm L\u00e6greid fra Norge, Johannes Dale-Skjevdal fra Norge, Quentin Fillon Maillet fra Frankrike, Vetle Sj\u00e5stad Christiansen fra Norge og Emilien Jacquelin fra Frankrike under 15 km fellestart for menn i skiskyting under vinter-OL i Milano Cortina 2026.&#10;Foto: Heiko Junge \/ NTB\" class=\"brick-c-cFOWSL\" style=\"--brick-image-ratio: 5231 \/ 3487;\"\/><\/p>\n<p>      DOBBELT NORSK: Sturla Holm L\u00e6greid tok s\u00f8lvet. Franske Fillon Maillet sikret bronsjen.<br \/>\n      Foto: Heiko Junge\n    <\/p>\n<p>  R\u00f8rt og stolt<\/p>\n<p>\u2013 Hvordan tror du de hjemme har det?, sp\u00f8r NRK.<\/p>\n<p>\u2013 Jeg tror de har det bra, svarer en gr\u00e5tkvalt Dale-Skjevdal f\u00f8r han legger til:\u00a0<\/p>\n<p>\u2013 Jeg vet det er mange som ser p\u00e5 meg n\u00e5. Jeg kommer fra en lettr\u00f8rt familie, s\u00e5 alle sitter nok og griner n\u00e5. Jeg ser for meg mamma og pappa sitter foran TV-en og skjelver n\u00e5.<\/p>\n<p>Den ferske olympiske mesteren sender ogs\u00e5 en hilsen til kona Kristina og s\u00f8nnen Jon.\u00a0<\/p>\n<p>\u2013 Jeg gleder meg til han skal f\u00e5 h\u00f8re den historien her. Det er helt utrolig, smiler han stort.\u00a0<\/p>\n<p>   <img decoding=\"async\" width=\"5163\" height=\"3442\" fetchpriority=\"low\"  loading=\"lazy\"  src=\"https:\/\/www.europesays.com\/no\/wp-content\/uploads\/2026\/02\/NTB_s1o5apPXvPE.jpg\" alt=\"Anterselva, Italia 20260220. &#10;Johannes Dale-Skjevdal fra Norge jubler etter 15 km fellestart for menn i skiskyting under vinter-OL i Milano Cortina 2026.&#10;Foto: Heiko Junge \/ NTB\" class=\"brick-c-cFOWSL\" style=\"--brick-image-ratio: 5163 \/ 3442;\"\/><\/p>\n<p>      R\u00d8RT: \u2013 Jeg kommer fra en lettr\u00f8rt familie, sier 28-\u00e5ringen fra Blaker.<br \/>\n      Foto: Heiko Junge\/NTB\n    <\/p>\n<p>  Blitt foreldre<\/p>\n<p>Kona, Kristina Dale-Skjevdal, fortalte til RB i forrige uke at hun var hjemme hos foreldrene sine p\u00e5 R\u00f8ros og skulle f\u00f8lge deler av OL derfra. Under dette l\u00f8pet var hun p\u00e5 Lillehammer, hvor familien p\u00e5 tre bor.\u00a0<\/p>\n<p>Kristina og s\u00f8nnen Jon p\u00e5 fem m\u00e5neder har likevel f\u00e5tt mye tid med Johannes i det siste. F\u00f8r OL var de med p\u00e5 renn og precamp i Italia.<\/p>\n<p>Det var i september at ekteparet ble foreldre for f\u00f8rste gang til Jon, som er oppkalt etter Johannes&#8217; bestefar.<\/p>\n<p>   <img decoding=\"async\" width=\"900\" height=\"707\" fetchpriority=\"low\"  loading=\"lazy\"  src=\"https:\/\/www.europesays.com\/no\/wp-content\/uploads\/2026\/02\/1771615391_538_IMG_3744.jpg\" alt=\"BRYLLUPSREISE: Tidligere denne v\u00e5ren fikk Kristina og Johannes endelig reist p\u00e5 bryllupsreise \u2013 nesten to \u00e5r etter at de giftet seg. \u2013 Vi ventet til vi kunne ta dr\u00f8mmeferien, og det var helt r\u00e5tt! \" class=\"brick-c-cFOWSL\" style=\"--brick-image-ratio: 900 \/ 707;\"\/><\/p>\n<p>      P\u00c5 R\u00d8ROS: Kona Kristina fortalte til RB at hun skulle heie fra sofaen sammen med lille Jon (5 md.).<br \/>\n      Foto: Privat\n    <\/p>\n<p>  Var favoritt<\/p>\n<p>I forkant av rennet ble Johannes Dale-Skjevdal og italienske Tommaso Giacomel trukket fram som utfordrere.<\/p>\n<p>Ut fra andre skyting ledet italieneren, men s\u00e5 trakk han seg fra l\u00f8pet.\u00a0<\/p>\n<p>Dale-Skjevdal sier selv at \u00f8velsen er hans favoritt.\u00a0<\/p>\n<p>\u2013 Jeg f\u00f8lte at jeg hadde kontroll og ville angret om jeg ikke ga alt, uttaler han til NRK.\u00a0<\/p>\n<p>Ingen kunne hamle opp med Johannes Dale-Skjevdal fredag.<\/p>\n<p>\u2013 Alle nasjoner unner Johannes Dale-Skjevdal dette gullet, sier NRKs ekspert Torgeir Bj\u00f8rn.<\/p>\n<p>   <img decoding=\"async\" width=\"8550\" height=\"5700\" fetchpriority=\"low\"  loading=\"lazy\"  src=\"https:\/\/www.europesays.com\/no\/wp-content\/uploads\/2026\/02\/NTB_thYHOUbfVA0.jpg\" alt=\"Anterselva, Italia 20260220. &#10;Sturla Holm L\u00e6greid fra Norge, Johannes Dale-Skjevdal fra Norge og Quentin Fillon Maillet fra Frankrike p\u00e5 pallen etter 15 km fellestart for menn i skiskyting under vinter-OL i Milano Cortina 2026.&#10;Foto: Heiko Junge \/ NTB\" class=\"brick-c-cFOWSL\" style=\"--brick-image-ratio: 8550 \/ 5700;\"\/><\/p>\n<p>      HOPPENDE GLAD: Dale-Skjevdals gull ble Norges tredje skiskyttergull i OL. F\u00f8rst Johan-Olav Botn, s\u00e5 Maren Kirkeeide og n\u00e5 Dale-Skjevdal.<br \/>\n      Foto: Heiko Junge\/NTB\n    <\/p>\n<p>  <a href=\"https:\/\/www.rb.no\/5-43-2673567\" class=\"related-teaser article--c-MkAkR\" rel=\"nofollow noopener\" target=\"_blank\"><\/p>\n<p>\n            Les ogs\u00e5<\/p>\n<p>            \u2013 Det er nesten s\u00e5 hjertet stopper\n        <\/p>\n<p>  <\/a><\/p>\n","protected":false},"excerpt":{"rendered":"Johannes Dale-Skjevdal fra Blaker traff 20 av 20 blinker og gikk en knallgod 15 kilometer fellesstart. Det ga&hellip;\n","protected":false},"author":2,"featured_media":169002,"comment_status":"","ping_status":"","sticky":false,"template":"","format":"standard","meta":{"footnotes":"","_share_on_mastodon":"0"},"categories":[5],"tags":[36,5075,20,21,24,25,15,19,5117,22,23,17,18,13,30,28,29,14,526,16,83,1510,26,27],"class_list":["post-169001","post","type-post","status-publish","format-standard","has-post-thumbnail","category-overskrifter","tag-art","tag-blaker","tag-breaking-news","tag-breakingnews","tag-featured-news","tag-featurednews","tag-headlines","tag-hovedoppslag","tag-johannes-dale-skjevdal","tag-latest-news","tag-latestnews","tag-main-news","tag-mainnews","tag-news","tag-no","tag-norge","tag-norway","tag-nyheter","tag-ol","tag-overskrifter","tag-sport","tag-story","tag-top-stories","tag-topstories"],"share_on_mastodon":{"url":"https:\/\/pubeurope.com\/@no\/116104593644850653","error":""},"_links":{"self":[{"href":"https:\/\/www.europesays.com\/no\/wp-json\/wp\/v2\/posts\/169001","targetHints":{"allow":["GET"]}}],"collection":[{"href":"https:\/\/www.europesays.com\/no\/wp-json\/wp\/v2\/posts"}],"about":[{"href":"https:\/\/www.europesays.com\/no\/wp-json\/wp\/v2\/types\/post"}],"author":[{"embeddable":true,"href":"https:\/\/www.europesays.com\/no\/wp-json\/wp\/v2\/users\/2"}],"replies":[{"embeddable":true,"href":"https:\/\/www.europesays.com\/no\/wp-json\/wp\/v2\/comments?post=169001"}],"version-history":[{"count":0,"href":"https:\/\/www.europesays.com\/no\/wp-json\/wp\/v2\/posts\/169001\/revisions"}],"wp:featuredmedia":[{"embeddable":true,"href":"https:\/\/www.europesays.com\/no\/wp-json\/wp\/v2\/media\/169002"}],"wp:attachment":[{"href":"https:\/\/www.europesays.com\/no\/wp-json\/wp\/v2\/media?parent=169001"}],"wp:term":[{"taxonomy":"category","embeddable":true,"href":"https:\/\/www.europesays.com\/no\/wp-json\/wp\/v2\/categories?post=169001"},{"taxonomy":"post_tag","embeddable":true,"href":"https:\/\/www.europesays.com\/no\/wp-json\/wp\/v2\/tags?post=169001"}],"curies":[{"name":"wp","href":"https:\/\/api.w.org\/{rel}","templated":true}]}}